{"id":997,"date":"2020-04-01T10:57:26","date_gmt":"2020-04-01T13:57:26","guid":{"rendered":"https:\/\/tribunadapraia.com.br\/?p=997"},"modified":"2020-04-01T10:57:26","modified_gmt":"2020-04-01T13:57:26","slug":"movimentos-populares-se-unem-em-defesa-da-vida-e-pedem-saida-de-jair-bolsonaro","status":"publish","type":"post","link":"https:\/\/tribunadapraia.com.br\/?p=997","title":{"rendered":"Movimentos populares se unem em defesa da vida e pedem sa\u00edda de Jair Bolsonaro"},"content":{"rendered":"<p>Com covid-19 e crise, Frentes Brasil Popular e Povo Sem Medo prop\u00f5em a\u00e7\u00f5es &#8220;para proteger a sa\u00fade, a renda e o emprego&#8221;<\/p>\n<p>A Frente Brasil Popular e da Frente Povo Sem Medo lan\u00e7aram juntas, nesta ter\u00e7a-feira (31), a Plataforma Emergencial para Enfrentamento da Pandemia do Coronav\u00edrus e da Crise Brasileira com mais de com mais de 60 propostas no programa Bom Pra Todos na Rede TVT.<\/p>\n<p>:: Movimentos sociais lan\u00e7am plano de 60 propostas contra a covid-19 e a crise econ\u00f4mica ::<\/p>\n<p>No debate, estavam presentes Carmen Foro, da Central \u00danica dos Trabalhadores (CUT), Guilherme Boulos, do Movimento dos Trabalhadores Sem Teto (MTST), Iago Montav\u00e3o, da Uni\u00e3o Nacional dos Estudantes (UNE) e Jo\u00e3o Pedro Stedile, do Movimento dos Trabalhadores e Trabalhadoras Rurais Sem Terra (MST).<\/p>\n<p>\u201cEssa plataforma expressa uma for\u00e7a pol\u00edtica muito grande, quer dizer que n\u00f3s estamos avan\u00e7ando na unidade popular e na organiza\u00e7\u00e3o de um campo, que representa a maioria do povo brasileiro\u201d, pontua Carmen Foro, da dire\u00e7\u00e3o nacional da CUT, ao destacar que mais de 40 movimentos sociais est\u00e3o envolvidos na produ\u00e7\u00e3o da plataforma.<\/p>\n<p>Para ela, trata-se de momento de \u201cvida ou morte\u201d. \u201cO movimento social optou em lutar pela vida ao contr\u00e1rio do governo Bolsonaro que optou pela morte ao ir na contram\u00e3o de tudo aquilo que o mundo est\u00e1 implantando e orientando diante da pandemia.\u201d<\/p>\n<p>::Por lucro durante pandemia, milion\u00e1rios brasileiros desprezam mortos, ci\u00eancia e dados::<\/p>\n<p>Jo\u00e3o Pedro Stedile, do MST, endossa que o projeto representa a uni\u00e3o das for\u00e7as populares e aponta que o objetivo \u00e9 dialogar com a sociedade, com a base social e movimentos sociais um sentido \u00fanico de atua\u00e7\u00e3o para enfrentar as crises.<\/p>\n<p>\u201cN\u00e3o \u00e9 uma tarefa para os m\u00e9dicos e hospitais, depois que o cara vai para o hospital j\u00e1 \u00e9 numa situa\u00e7\u00e3o de risco. N\u00f3s temos que prevenir a popula\u00e7\u00e3o para evitar que ela necessite ir para o hospital\u201c, afirma o dirigente do MST.<\/p>\n<p>::&#8221;Depois que derrotarmos o v\u00edrus, vamos derrotar o governo&#8221;, diz Jo\u00e3o Pedro Stedile::<\/p>\n<p>A den\u00fancia que o governo Bolsonaro n\u00e3o assumiu medidas eficazes contra a propaga\u00e7\u00e3o do coronav\u00edrus no Brasil e tornou-se a principal amea\u00e7a para a seguran\u00e7a e o bem-estar da popula\u00e7\u00e3o brasileira \u00e9 uma das premissas do manifesto que estrutura a plataforma.<\/p>\n<p>\u201cEssa plataforma vem dizer ao povo brasileiro que a falsa alternativa que o Bolsonaro coloca das pessoas irem para a rua desrespeitando a quarentena ou ficar em casa e morrer de fome \u00e9 uma fal\u00e1cia\u201d, afirmou Guilherme Boulos, que reintegrou outro objetivo da plataforma, as propostas dos movimentos sociais que levam em considera\u00e7\u00e3o tanto a sa\u00fade e como a prote\u00e7\u00e3o da popula\u00e7\u00e3o diante da crise econ\u00f4mica e pandemia.<\/p>\n<p>Essa plataforma vem dizer ao povo brasileiro que a falsa alternativa que o Bolsonaro coloca das pessoas irem para a rua desrespeitando a quarentena ou ficar em casa e morrer de fome \u00e9 uma fal\u00e1cia<br \/>\nEconomia<\/p>\n<p>Dessa maneira, o \u201cmantra\u201d, como definiu Carmen Foro, de prioriza\u00e7\u00e3o da vida e sa\u00fade da popula\u00e7\u00e3o brasileira, \u00e9 acompanhado da reivindica\u00e7\u00e3o por mudan\u00e7as estruturais na economia do pa\u00eds que garantam o emprego, renda e alimenta\u00e7\u00e3o.<\/p>\n<p>As organiza\u00e7\u00f5es partem da pauta b\u00e1sica de suspens\u00e3o da Emenda Constitucional 95, implementada por Michel Temer (MDB) e mantida por Jair Bolsonaro (sem partido), que congela os recursos da sa\u00fade e educa\u00e7\u00e3o, e v\u00e3o at\u00e9 o levantamento dos recursos j\u00e1 existentes para a prote\u00e7\u00e3o do povo brasileiro.<\/p>\n<p>\u201cNo documento explicitamos inclusive o quando h\u00e1 recursos do povo que est\u00e3o l\u00e1 no governo central que seria poss\u00edvel mobiliz\u00e1-los para resolver os problemas econ\u00f4micos enfrentando\u201d, afirma Stedile, que refor\u00e7a que as medidas anunciadas pelo ministro da economia, Paulo Guedes, tem como foco o setor empresarial. Embora seja uma \u00e1rea importante, o dirigente aponta ser insuficiente para toda a dimens\u00e3o da popula\u00e7\u00e3o brasileira.<\/p>\n<p>:; Medidas anticrise de Guedes s\u00e3o necess\u00e1rias mas insuficientes, dizem economistas ::<\/p>\n<p>\u201cH\u00e1 no Brasil apenas 206 bilion\u00e1rios que controlam aproximadamente R$ 1,2 trilh\u00f5es da riqueza nacional. Ent\u00e3o o governo federal pode tomar uma medida compuls\u00f3ria de impor o imposto de renda extraordin\u00e1rio, por exemplo, 10 a 15% sob esses bilion\u00e1rios. S\u00f3 a\u00ed n\u00f3s poder\u00edamos arrecadar R$ 150 a 180 bilh\u00f5es para injetar na economia e garantir um outro modelo\u201d, calcula o dirigente do MST.<\/p>\n<p>Popula\u00e7\u00e3o vulner\u00e1vel<\/p>\n<p>Entre as medidas os destaques est\u00e3o para a popula\u00e7\u00e3o mais vulner\u00e1vel de baixa renda e \u201cque o Estado deve apoio para que haja condi\u00e7\u00f5es de fazer a quarentena\u201d. Uma delas a renda b\u00e1sica emergencial, aprovada ontem no Congresso, mas que, para Boulos, \u00e9 necess\u00e1ria uma implementa\u00e7\u00e3o imediata. Da\u00ed a campanha #PagaBolsonaro, uma vez que o presidente ainda n\u00e3o sancionou a proposta.<\/p>\n<p>Outros pontos s\u00e3o a inclus\u00e3o de todas as fam\u00edlias que est\u00e3o na fila do Bolsa Fam\u00edlia e a suspens\u00e3o de cobran\u00e7a de tarifas de servi\u00e7os b\u00e1sicos de energia el\u00e9trica, de distribui\u00e7\u00e3o de g\u00e1s, aluguel. Boulos traz ainda exemplos internacionais.<\/p>\n<p>\u201cEssas medidas foram feitas por um governo neoliberal do Macron na Fran\u00e7a, por que n\u00e3o fazer isso no Brasil? Inclusive, pa\u00edses mais pobres que o nosso, como El salvador, est\u00e3o implantando essas medidas. Existem todas as condi\u00e7\u00f5es para suspender esse pagamento, n\u00f3s mostramos isso na plataforma.\u201d<\/p>\n<p>Al\u00e9m da suspens\u00e3o de reintegra\u00e7\u00e3o de posse tanto coletivas quanto individuais, quando as pessoas n\u00e3o conseguem pagar o aluguel, o coordenador do MTST levantou ainda a proposta do documento que ressalta a necessidade de disponibiliza\u00e7\u00e3o de espa\u00e7os para popula\u00e7\u00e3o em situa\u00e7\u00e3o de rua, como, por exemplo, os hot\u00e9is que est\u00e3o parados devido a pandemia e podem se tornar abrigos e em contrapartida o governo oferece subs\u00eddio para o setor na crise.<\/p>\n<p>:: Sem informa\u00e7\u00e3o, higiene e abrigos, popula\u00e7\u00e3o de rua de SP est\u00e1 vulner\u00e1vel \u00e0 covid-19 ::<\/p>\n<p>A mesma l\u00f3gica \u00e9 a base para a medida que prop\u00f5e que leitos privados de hospitais, sejam disponibilizados para o setor p\u00fablico de sa\u00fade, para que, segundo Boulos, \u201cnenhuma vida possa ter mais import\u00e2ncia que a outra por n\u00e3o ter condi\u00e7\u00f5es financeiras\u201d.<\/p>\n<p>Trabalhadores<\/p>\n<p>Com uma for\u00e7a de trabalho do Brasil estimada em 105 milh\u00f5es de brasileiros, em que 41% desse total trabalham na informalidade, de acordo com dados do Instituto Brasileiro de Geografia e Estat\u00edstica (IBGE), outra prioridade dos movimentos sociais \u00e9 a prote\u00e7\u00e3o aos trabalhadores.<\/p>\n<p>\u201c\u00c9 fundamental garantir a estabilidade de empregos, garantir os sal\u00e1rios, que os acordos sejam mantidos e tamb\u00e9m \u00e9 muito importante defender os direitos dos trabalhadores de sa\u00fade. S\u00e3o um conjunto de propostas que est\u00e3o colocadas na nossa plataforma\u201d, afirma Carmen Foro, representante das centrais sindicais, que enfatiza que nesse momento \u00e9 preciso n\u00e3o distinguim os trabalhadores formais ou informais, mas sim entender que \u201ctodos s\u00e3o a classes trabalhadora e precisam do Estado brasileiro\u201d.<\/p>\n<p>::Quais os direitos dos trabalhadores diante da pandemia do coronav\u00edrus?::<\/p>\n<p>Estudantes<\/p>\n<p>Iago Montav\u00e3o, presidente da Uni\u00e3o Nacional dos Estudantes (UNE), levantou a import\u00e2ncia da suspens\u00e3o das aulas diante da prioriza\u00e7\u00e3o da vida das pessoas, mas a alerta para as medidas emergenciais para amparo dos estudantes.<\/p>\n<p>\u201cAs crian\u00e7as que muitas vezes a \u00fanica alimenta\u00e7\u00e3o que tem \u00e9 na escola. Por isso, refor\u00e7amos o debate de garantir bolsas de alimenta\u00e7\u00e3o, sobre garantir cestas b\u00e1sicas para as fam\u00edlias garantirem a alimenta\u00e7\u00e3o de seus filhos nesse per\u00edodo enquanto n\u00e3o tem aula nas escolas. Assim como os estudantes universit\u00e1rios, que moram na universidade, e s\u00f3 tem acesso a alimenta\u00e7\u00e3o nos restaurantes universit\u00e1rios\u201d, explica Montav\u00e3o.<\/p>\n<p>Ele destaca ainda as medidas de suspens\u00e3o do pagamento de mensalidades nas escolas particulares para que os estudantes tenham condi\u00e7\u00f5es de manter os estudos, suspens\u00e3o do pagamento de parcelas e juros do Financiamento Estudantil (Fies) e o subs\u00eddio do governo para o pagamento dos professores nas institui\u00e7\u00f5es, enquanto houve a crise econ\u00f4mica e suspens\u00e3o de arrecada\u00e7\u00e3o.<\/p>\n<p>Fora Bolsonaro<\/p>\n<p>Diante das v\u00e1rias quest\u00f5es deste quadro in\u00e9dito no pa\u00eds e no mundo, as organiza\u00e7\u00f5es entendem que o governo Bolsonaro n\u00e3o tem capacidade de superar essa situa\u00e7\u00e3o e pede a sa\u00edda do presidente, por considerar que sua perman\u00eancia representa \u201cuma quest\u00e3o de sa\u00fade p\u00fablica\u201d, como definiu Guilherme Boulos<\/p>\n<p>Como as manifesta\u00e7\u00f5es n\u00e3o s\u00e3o poss\u00edveis nesse momento, Jo\u00e3o Pedro Stedile, pede que a popula\u00e7\u00e3o e os movimentos sociais se mantenham alertas as janelas.<\/p>\n<p>:: Panela\u00e7o convocado para esta ter\u00e7a tem como tema &#8220;O Brasil precisa parar Bolsonaro&#8221; ::<\/p>\n<p>\u201cN\u00f3s estamos convocando nas duas frentes um grande panela\u00e7o e grita\u00e7o, e depois vamos ficar alerta para sempre que for necess\u00e1rio irmos para a janela. Acho que as janelas est\u00e3o cumprindo um papel fundamental, porque a janela n\u00e3o \u00e9 s\u00f3 met\u00e1fora, mas virou na verdade uma janela de sa\u00fade p\u00fablica para as pessoas olharem o horizonte e verem que tem sa\u00edda\u201d, convocou ele, que, assim como as outras lideran\u00e7as, evidenciou a import\u00e2ncia da solidariedade tanto para mobilizar redes de enfrentamento ao governo Bolsonaro quando para assist\u00eancia a toda a popula\u00e7\u00e3o.<\/p>\n<p>por Marina Duarte de Souza | Brasil de Fato<\/p>\n","protected":false},"excerpt":{"rendered":"<p>Com covid-19 e crise, Frentes Brasil Popular e Povo Sem Medo prop\u00f5em a\u00e7\u00f5es &#8220;para proteger a sa\u00fade, a renda e o emprego&#8221; A Frente Brasil Popular e da Frente Povo Sem Medo lan\u00e7aram juntas, nesta ter\u00e7a-feira (31), a Plataforma Emergencial para Enfrentamento da Pandemia do Coronav\u00edrus e da Crise Brasileira com mais de com mais de 60 propostas no programa Bom Pra Todos na Rede TVT. :: Movimentos sociais lan\u00e7am<\/p>\n","protected":false},"author":3,"featured_media":998,"comment_status":"open","ping_status":"open","sticky":false,"template":"","format":"standard","meta":[],"categories":[18],"tags":[],"yoast_head":"<!-- This site is optimized with the Yoast SEO plugin v16.3 - https:\/\/yoast.com\/wordpress\/plugins\/seo\/ -->\n<title>Movimentos populares se unem em defesa da vida e pedem sa\u00edda de Jair Bolsonaro - TRIBUNA DA PRAIA<\/title>\n<meta name=\"robots\" content=\"index, follow, max-snippet:-1, max-image-preview:large, max-video-preview:-1\" \/>\n<link rel=\"canonical\" href=\"https:\/\/tribunadapraia.com.br\/?p=997\" \/>\n<meta property=\"og:locale\" content=\"pt_BR\" \/>\n<meta property=\"og:type\" content=\"article\" \/>\n<meta property=\"og:title\" content=\"Movimentos populares se unem em defesa da vida e pedem sa\u00edda de Jair Bolsonaro - TRIBUNA DA PRAIA\" \/>\n<meta property=\"og:description\" content=\"Com covid-19 e crise, Frentes Brasil Popular e Povo Sem Medo prop\u00f5em a\u00e7\u00f5es &#8220;para proteger a sa\u00fade, a renda e o emprego&#8221; A Frente Brasil Popular e da Frente Povo Sem Medo lan\u00e7aram juntas, nesta ter\u00e7a-feira (31), a Plataforma Emergencial para Enfrentamento da Pandemia do Coronav\u00edrus e da Crise Brasileira com mais de com mais de 60 propostas no programa Bom Pra Todos na Rede TVT. :: Movimentos sociais lan\u00e7am\" \/>\n<meta property=\"og:url\" content=\"https:\/\/tribunadapraia.com.br\/?p=997\" \/>\n<meta property=\"og:site_name\" content=\"TRIBUNA DA PRAIA\" \/>\n<meta property=\"article:publisher\" content=\"https:\/\/www.facebook.com\/tribunadapraiaonline\/\" \/>\n<meta property=\"article:published_time\" content=\"2020-04-01T13:57:26+00:00\" \/>\n<meta property=\"og:image\" content=\"https:\/\/tribunadapraia.com.br\/wp-content\/uploads\/2020\/04\/IMG-20200401-WA0040.jpg\" \/>\n\t<meta property=\"og:image:width\" content=\"800\" \/>\n\t<meta property=\"og:image:height\" content=\"480\" \/>\n<meta name=\"twitter:card\" content=\"summary_large_image\" \/>\n<meta name=\"twitter:creator\" content=\"@Claudomir21\" \/>\n<meta name=\"twitter:site\" content=\"@Claudomir21\" \/>\n<meta name=\"twitter:label1\" content=\"Est. tempo de leitura\">\n\t<meta name=\"twitter:data1\" content=\"8 minutos\">\n<script type=\"application\/ld+json\" class=\"yoast-schema-graph\">{\"@context\":\"https:\/\/schema.org\",\"@graph\":[{\"@type\":\"Organization\",\"@id\":\"https:\/\/tribunadapraia.com.br\/#organization\",\"name\":\"Tribuna da Praia\",\"url\":\"https:\/\/tribunadapraia.com.br\/\",\"sameAs\":[\"https:\/\/www.facebook.com\/tribunadapraiaonline\/\",\"https:\/\/www.instagram.com\/claudomirtavares\/\",\"https:\/\/www.youtube.com\/channel\/UCwQf80nxiMzCefAyjbp53Rw\",\"https:\/\/twitter.com\/Claudomir21\"],\"logo\":{\"@type\":\"ImageObject\",\"@id\":\"https:\/\/tribunadapraia.com.br\/#logo\",\"inLanguage\":\"pt-BR\",\"url\":\"https:\/\/tribunadapraia.com.br\/wp-content\/uploads\/2020\/02\/logo.png\",\"contentUrl\":\"https:\/\/tribunadapraia.com.br\/wp-content\/uploads\/2020\/02\/logo.png\",\"width\":501,\"height\":121,\"caption\":\"Tribuna da Praia\"},\"image\":{\"@id\":\"https:\/\/tribunadapraia.com.br\/#logo\"}},{\"@type\":\"WebSite\",\"@id\":\"https:\/\/tribunadapraia.com.br\/#website\",\"url\":\"https:\/\/tribunadapraia.com.br\/\",\"name\":\"TRIBUNA DA PRAIA\",\"description\":\"O 1\\u00ba jornal do interior de Sergipe na internet\",\"publisher\":{\"@id\":\"https:\/\/tribunadapraia.com.br\/#organization\"},\"potentialAction\":[{\"@type\":\"SearchAction\",\"target\":\"https:\/\/tribunadapraia.com.br\/?s={search_term_string}\",\"query-input\":\"required name=search_term_string\"}],\"inLanguage\":\"pt-BR\"},{\"@type\":\"ImageObject\",\"@id\":\"https:\/\/tribunadapraia.com.br\/?p=997#primaryimage\",\"inLanguage\":\"pt-BR\",\"url\":\"https:\/\/tribunadapraia.com.br\/wp-content\/uploads\/2020\/04\/IMG-20200401-WA0040.jpg\",\"contentUrl\":\"https:\/\/tribunadapraia.com.br\/wp-content\/uploads\/2020\/04\/IMG-20200401-WA0040.jpg\",\"width\":800,\"height\":480},{\"@type\":\"WebPage\",\"@id\":\"https:\/\/tribunadapraia.com.br\/?p=997#webpage\",\"url\":\"https:\/\/tribunadapraia.com.br\/?p=997\",\"name\":\"Movimentos populares se unem em defesa da vida e pedem sa\\u00edda de Jair Bolsonaro - TRIBUNA DA PRAIA\",\"isPartOf\":{\"@id\":\"https:\/\/tribunadapraia.com.br\/#website\"},\"primaryImageOfPage\":{\"@id\":\"https:\/\/tribunadapraia.com.br\/?p=997#primaryimage\"},\"datePublished\":\"2020-04-01T13:57:26+00:00\",\"dateModified\":\"2020-04-01T13:57:26+00:00\",\"breadcrumb\":{\"@id\":\"https:\/\/tribunadapraia.com.br\/?p=997#breadcrumb\"},\"inLanguage\":\"pt-BR\",\"potentialAction\":[{\"@type\":\"ReadAction\",\"target\":[\"https:\/\/tribunadapraia.com.br\/?p=997\"]}]},{\"@type\":\"BreadcrumbList\",\"@id\":\"https:\/\/tribunadapraia.com.br\/?p=997#breadcrumb\",\"itemListElement\":[{\"@type\":\"ListItem\",\"position\":1,\"item\":{\"@type\":\"WebPage\",\"@id\":\"https:\/\/tribunadapraia.com.br\/\",\"url\":\"https:\/\/tribunadapraia.com.br\/\",\"name\":\"In\\u00edcio\"}},{\"@type\":\"ListItem\",\"position\":2,\"item\":{\"@id\":\"https:\/\/tribunadapraia.com.br\/?p=997#webpage\"}}]},{\"@type\":\"Article\",\"@id\":\"https:\/\/tribunadapraia.com.br\/?p=997#article\",\"isPartOf\":{\"@id\":\"https:\/\/tribunadapraia.com.br\/?p=997#webpage\"},\"author\":{\"@id\":\"https:\/\/tribunadapraia.com.br\/#\/schema\/person\/099fbbf59acc5895c0d7d52b4fc46c97\"},\"headline\":\"Movimentos populares se unem em defesa da vida e pedem sa\\u00edda de Jair Bolsonaro\",\"datePublished\":\"2020-04-01T13:57:26+00:00\",\"dateModified\":\"2020-04-01T13:57:26+00:00\",\"mainEntityOfPage\":{\"@id\":\"https:\/\/tribunadapraia.com.br\/?p=997#webpage\"},\"wordCount\":1617,\"commentCount\":0,\"publisher\":{\"@id\":\"https:\/\/tribunadapraia.com.br\/#organization\"},\"image\":{\"@id\":\"https:\/\/tribunadapraia.com.br\/?p=997#primaryimage\"},\"thumbnailUrl\":\"https:\/\/tribunadapraia.com.br\/wp-content\/uploads\/2020\/04\/IMG-20200401-WA0040.jpg\",\"articleSection\":[\"Not\\u00edcias\"],\"inLanguage\":\"pt-BR\",\"potentialAction\":[{\"@type\":\"CommentAction\",\"name\":\"Comment\",\"target\":[\"https:\/\/tribunadapraia.com.br\/?p=997#respond\"]}]},{\"@type\":\"Person\",\"@id\":\"https:\/\/tribunadapraia.com.br\/#\/schema\/person\/099fbbf59acc5895c0d7d52b4fc46c97\",\"name\":\"Reda\\u00e7\\u00e3o\",\"image\":{\"@type\":\"ImageObject\",\"@id\":\"https:\/\/tribunadapraia.com.br\/#personlogo\",\"inLanguage\":\"pt-BR\",\"url\":\"https:\/\/secure.gravatar.com\/avatar\/91c8b91d2bfd7784eac5c3e055361f64?s=96&d=identicon&r=g\",\"contentUrl\":\"https:\/\/secure.gravatar.com\/avatar\/91c8b91d2bfd7784eac5c3e055361f64?s=96&d=identicon&r=g\",\"caption\":\"Reda\\u00e7\\u00e3o\"}}]}<\/script>\n<!-- \/ Yoast SEO plugin. -->","wps_subtitle":"","_links":{"self":[{"href":"https:\/\/tribunadapraia.com.br\/index.php?rest_route=\/wp\/v2\/posts\/997"}],"collection":[{"href":"https:\/\/tribunadapraia.com.br\/index.php?rest_route=\/wp\/v2\/posts"}],"about":[{"href":"https:\/\/tribunadapraia.com.br\/index.php?rest_route=\/wp\/v2\/types\/post"}],"author":[{"embeddable":true,"href":"https:\/\/tribunadapraia.com.br\/index.php?rest_route=\/wp\/v2\/users\/3"}],"replies":[{"embeddable":true,"href":"https:\/\/tribunadapraia.com.br\/index.php?rest_route=%2Fwp%2Fv2%2Fcomments&post=997"}],"version-history":[{"count":1,"href":"https:\/\/tribunadapraia.com.br\/index.php?rest_route=\/wp\/v2\/posts\/997\/revisions"}],"predecessor-version":[{"id":999,"href":"https:\/\/tribunadapraia.com.br\/index.php?rest_route=\/wp\/v2\/posts\/997\/revisions\/999"}],"wp:featuredmedia":[{"embeddable":true,"href":"https:\/\/tribunadapraia.com.br\/index.php?rest_route=\/wp\/v2\/media\/998"}],"wp:attachment":[{"href":"https:\/\/tribunadapraia.com.br\/index.php?rest_route=%2Fwp%2Fv2%2Fmedia&parent=997"}],"wp:term":[{"taxonomy":"category","embeddable":true,"href":"https:\/\/tribunadapraia.com.br\/index.php?rest_route=%2Fwp%2Fv2%2Fcategories&post=997"},{"taxonomy":"post_tag","embeddable":true,"href":"https:\/\/tribunadapraia.com.br\/index.php?rest_route=%2Fwp%2Fv2%2Ftags&post=997"}],"curies":[{"name":"wp","href":"https:\/\/api.w.org\/{rel}","templated":true}]}}