{"id":994,"date":"2020-03-31T12:38:18","date_gmt":"2020-03-31T15:38:18","guid":{"rendered":"https:\/\/tribunadapraia.com.br\/?p=994"},"modified":"2020-03-31T12:38:56","modified_gmt":"2020-03-31T15:38:56","slug":"daniela-feitoza-economia-solidaria-e-redes-de-cooperacao-rural-no-municipio-de-salgado-sergipe-e-tema-da-dissertacao-de-mestrado-defendida-por-pirambuense-na-ufs","status":"publish","type":"post","link":"https:\/\/tribunadapraia.com.br\/?p=994","title":{"rendered":"DANIELA FEITOZA: &#8220;Economia solid\u00e1ria e redes de coopera\u00e7\u00e3o rural no munic\u00edpio de Salgado\/Sergipe&#8221;, \u00e9 tema da Disserta\u00e7\u00e3o de Mestrado defendida por pirambuense na UFS"},"content":{"rendered":"<p>Ex-estudante da Escola Municipal M\u00e1rio Trindad Cruz, onde cursou o Ensino Fundamental at\u00e9 o ano 2000 e no Col\u00e9gio Estadual Jos\u00e9 Amaral Lemos, o Ensino M\u00e9dio em 2003, a Ge\u00f3grafa com bacharelado e licenciatura pela Universidade Federal de Sergipe, Daniela Santos Feitiza, defendeu na manh\u00e3 desta ter\u00e7a-feira, 31, no Audit\u00f3rio do PRODEMA, sua Disserta\u00e7\u00e3o de Mestrado do Programa de P\u00f3s-Gradua\u00e7\u00e3o em Geografia.<\/p>\n<p>Banca &#8211; A banca examinadora foi composta pelos professores Jos\u00e9 Elo\u00edzio da Costa (presidente), Diana Mendon\u00e7a de Carvalho e Luiz Manuel Costa.<\/p>\n<p>Remuno<\/p>\n<p>Economia Solid\u00e1ria \u00e9 uma forma e processo de organiza\u00e7\u00e3o coletiva que busca autonomia na produ\u00e7\u00e3o e reprodu\u00e7\u00e3o social do trabalho. Pautada nos princ\u00edpios da Solidariedade, Coopera\u00e7\u00e3o, Autogest\u00e3o, Com\u00e9rcio Justo, e Consumo Solid\u00e1rio, a Economia Solid\u00e1ria no Brasil associa-se a uma alternativa em meio \u00e0s crises e contradi\u00e7\u00f5es do capitalismo sendo esta, vislumbrada apenas e somente enquanto \u201ca\u00e7\u00e3o ant\u00e1lgica\u201d no per\u00edodo de realiza\u00e7\u00e3o do Capital. \u00c0 medida que o avan\u00e7o do grau de desenvolvimento e amadurecimento do modo de produ\u00e7\u00e3o capitalista transcende, via fase Ultra-Neoliberal a Economia Solid\u00e1ria se estrutura e espacializa com o apoio do Estado atrav\u00e9s da institucionaliza\u00e7\u00e3o como pol\u00edtica p\u00fablica. Neste sentido, nossa preocupa\u00e7\u00e3o se estabelece a partir da an\u00e1lise de estudo de caso com base no que seja a organiza\u00e7\u00e3o da Economia Solid\u00e1ria no Territ\u00f3rio de Planejamento Centro-Sul do estado de Sergipe. Ao passo que elencamos temas que permeiem essa coletividade econ\u00f4mica solid\u00e1ria, tra\u00e7amos nossos objetivos fundamentados no estudo das Redes de Coopera\u00e7\u00e3o forjadas no espa\u00e7o rural do munic\u00edpio de Salgado\/SE. Nosso intuito se apresenta como entendimento da fun\u00e7\u00e3o social e uma tentativa de contribuir para o conhecimento geogr\u00e1fico atrav\u00e9s da compreens\u00e3o da Economia Solid\u00e1ria do ponto de vista do espa\u00e7o social, atrav\u00e9s da an\u00e1lise dos limites, alcances e possibilidades destas redes solid\u00e1rias na articula\u00e7\u00e3o e na rela\u00e7\u00e3o produ\u00e7\u00e3o- com\u00e9rcio- consumo enquanto mecanismo central na din\u00e2mica do desenvolvimento local, buscando compreender o espa\u00e7o das trocas inseridas nestas redes de coopera\u00e7\u00e3o no \u00e2mbito da Economia Solid\u00e1ria, na quais comp\u00f5em esferas imprescind\u00edveis de reprodu\u00e7\u00e3o da atividade econ\u00f4mica dos sujeitos envolvidos nas pr\u00e1ticas socioespaciais do trabalho. Nos objetivos espec\u00edficos, procuramos entender a rela\u00e7\u00e3o e a participa\u00e7\u00e3o dos sujeitos\/agentes inseridos nas redes de coopera\u00e7\u00e3o solid\u00e1ria atrav\u00e9s dos circuitos curtos de comercializa\u00e7\u00e3o investigando como se formata e materializa a efici\u00eancia das redes enquanto acess\u00f3rio de integra\u00e7\u00e3o e coes\u00e3o comunit\u00e1ria no territ\u00f3rio. E ainda refletir as implica\u00e7\u00f5es das redes de coopera\u00e7\u00e3o na \u201cpromo\u00e7\u00e3o\u201d do desenvolvimento local, verificando os rebatimentos desta politica publica no modo de vida dos agricultores familiares no espa\u00e7o rural. A an\u00e1lise deste estudo est\u00e1 ancorada pelo m\u00e9todo Emp\u00edrico-Anal\u00edtico em face da dinamicidade e realidade do campo de pesquisa nesse sentido, buscou-se entender os arranjos institucionais das redes de coopera\u00e7\u00e3o avaliando as possibilidades que as rela\u00e7\u00f5es sociais baseadas nos princ\u00edpios da Economia Solid\u00e1ria t\u00eam de se reproduzir abrigada no espa\u00e7o mediado pelo capitalismo. Nessa l\u00f3gica, tra\u00e7amos o perfil da Economia Solid\u00e1ria em Sergipe atrav\u00e9s da instrumentaliza\u00e7\u00e3o da pol\u00edtica publica via processos e a\u00e7\u00f5es que ensaiaram uma esp\u00e9cie de experi\u00eancia ainda que embrion\u00e1ria no estado. Sendo poss\u00edvel avaliar o grau de inser\u00e7\u00e3o no territ\u00f3rio Centro-Sul, sobretudo no espa\u00e7o rural em que a organiza\u00e7\u00e3o da Agricultura Familiar afina-se nas redes de coopera\u00e7\u00e3o configuradas fundamentalmente por associa\u00e7\u00f5es e cooperativas combinando solidariedade e a\u00e7\u00e3o coletiva como alternativa frente ao mercado excludente e competitivo do Capital, nessa perspectiva \u00e9 preciso pensar horizontes para a Economia Solid\u00e1ria e seu potencial gerador de espa\u00e7os de esperan\u00e7as, que nega o modelo dominante empreendedor\/individual sem o car\u00e1ter territorial. Para tanto, \u00e9 importante salientar que ao passo que a Economia Solid\u00e1ria se desenvolve carrega contradi\u00e7\u00f5es pelo fato de coexistir com o modelo capitalista apresentando-se como par dial\u00e9tico no espa\u00e7o.<\/p>\n<p>Com informa\u00e7\u00f5es do Portal de Programas de P\u00f3s-Gradua\u00e7\u00e3o (UFS)&#8221;m &#8212; https:\/\/www.sigaa.ufs.br\/sigaa\/public\/programa\/noticias_desc.jsf?lc=pt_BR&amp;id=137&amp;noticia=418818644<\/p>\n","protected":false},"excerpt":{"rendered":"<p>Ex-estudante da Escola Municipal M\u00e1rio Trindad Cruz, onde cursou o Ensino Fundamental at\u00e9 o ano 2000 e no Col\u00e9gio Estadual Jos\u00e9 Amaral Lemos, o Ensino M\u00e9dio em 2003, a Ge\u00f3grafa com bacharelado e licenciatura pela Universidade Federal de Sergipe, Daniela Santos Feitiza, defendeu na manh\u00e3 desta ter\u00e7a-feira, 31, no Audit\u00f3rio do PRODEMA, sua Disserta\u00e7\u00e3o de Mestrado do Programa de P\u00f3s-Gradua\u00e7\u00e3o em Geografia. Banca &#8211; A banca examinadora foi composta pelos<\/p>\n","protected":false},"author":1,"featured_media":995,"comment_status":"open","ping_status":"open","sticky":false,"template":"","format":"standard","meta":[],"categories":[18],"tags":[],"yoast_head":"<!-- This site is optimized with the Yoast SEO plugin v16.3 - https:\/\/yoast.com\/wordpress\/plugins\/seo\/ -->\n<title>DANIELA FEITOZA: &quot;Economia solid\u00e1ria e redes de coopera\u00e7\u00e3o rural no munic\u00edpio de Salgado\/Sergipe&quot;, \u00e9 tema da Disserta\u00e7\u00e3o de Mestrado defendida por pirambuense na UFS - TRIBUNA DA PRAIA<\/title>\n<meta name=\"robots\" content=\"index, follow, max-snippet:-1, max-image-preview:large, max-video-preview:-1\" \/>\n<link rel=\"canonical\" href=\"https:\/\/tribunadapraia.com.br\/?p=994\" \/>\n<meta property=\"og:locale\" content=\"pt_BR\" \/>\n<meta property=\"og:type\" content=\"article\" \/>\n<meta property=\"og:title\" content=\"DANIELA FEITOZA: &quot;Economia solid\u00e1ria e redes de coopera\u00e7\u00e3o rural no munic\u00edpio de Salgado\/Sergipe&quot;, \u00e9 tema da Disserta\u00e7\u00e3o de Mestrado defendida por pirambuense na UFS - TRIBUNA DA PRAIA\" \/>\n<meta property=\"og:description\" content=\"Ex-estudante da Escola Municipal M\u00e1rio Trindad Cruz, onde cursou o Ensino Fundamental at\u00e9 o ano 2000 e no Col\u00e9gio Estadual Jos\u00e9 Amaral Lemos, o Ensino M\u00e9dio em 2003, a Ge\u00f3grafa com bacharelado e licenciatura pela Universidade Federal de Sergipe, Daniela Santos Feitiza, defendeu na manh\u00e3 desta ter\u00e7a-feira, 31, no Audit\u00f3rio do PRODEMA, sua Disserta\u00e7\u00e3o de Mestrado do Programa de P\u00f3s-Gradua\u00e7\u00e3o em Geografia. Banca &#8211; A banca examinadora foi composta pelos\" \/>\n<meta property=\"og:url\" content=\"https:\/\/tribunadapraia.com.br\/?p=994\" \/>\n<meta property=\"og:site_name\" content=\"TRIBUNA DA PRAIA\" \/>\n<meta property=\"article:publisher\" content=\"https:\/\/www.facebook.com\/tribunadapraiaonline\/\" \/>\n<meta property=\"article:published_time\" content=\"2020-03-31T15:38:18+00:00\" \/>\n<meta property=\"article:modified_time\" content=\"2020-03-31T15:38:56+00:00\" \/>\n<meta property=\"og:image\" content=\"https:\/\/tribunadapraia.com.br\/wp-content\/uploads\/2020\/03\/IMG-20200331-WA0006.jpg\" \/>\n\t<meta property=\"og:image:width\" content=\"552\" \/>\n\t<meta property=\"og:image:height\" content=\"414\" \/>\n<meta name=\"twitter:card\" content=\"summary_large_image\" \/>\n<meta name=\"twitter:creator\" content=\"@Claudomir21\" \/>\n<meta name=\"twitter:site\" content=\"@Claudomir21\" \/>\n<meta name=\"twitter:label1\" content=\"Est. tempo de leitura\">\n\t<meta name=\"twitter:data1\" content=\"4 minutos\">\n<script type=\"application\/ld+json\" class=\"yoast-schema-graph\">{\"@context\":\"https:\/\/schema.org\",\"@graph\":[{\"@type\":\"Organization\",\"@id\":\"https:\/\/tribunadapraia.com.br\/#organization\",\"name\":\"Tribuna da Praia\",\"url\":\"https:\/\/tribunadapraia.com.br\/\",\"sameAs\":[\"https:\/\/www.facebook.com\/tribunadapraiaonline\/\",\"https:\/\/www.instagram.com\/claudomirtavares\/\",\"https:\/\/www.youtube.com\/channel\/UCwQf80nxiMzCefAyjbp53Rw\",\"https:\/\/twitter.com\/Claudomir21\"],\"logo\":{\"@type\":\"ImageObject\",\"@id\":\"https:\/\/tribunadapraia.com.br\/#logo\",\"inLanguage\":\"pt-BR\",\"url\":\"https:\/\/tribunadapraia.com.br\/wp-content\/uploads\/2020\/02\/logo.png\",\"contentUrl\":\"https:\/\/tribunadapraia.com.br\/wp-content\/uploads\/2020\/02\/logo.png\",\"width\":501,\"height\":121,\"caption\":\"Tribuna da Praia\"},\"image\":{\"@id\":\"https:\/\/tribunadapraia.com.br\/#logo\"}},{\"@type\":\"WebSite\",\"@id\":\"https:\/\/tribunadapraia.com.br\/#website\",\"url\":\"https:\/\/tribunadapraia.com.br\/\",\"name\":\"TRIBUNA DA PRAIA\",\"description\":\"O 1\\u00ba jornal do interior de Sergipe na internet\",\"publisher\":{\"@id\":\"https:\/\/tribunadapraia.com.br\/#organization\"},\"potentialAction\":[{\"@type\":\"SearchAction\",\"target\":\"https:\/\/tribunadapraia.com.br\/?s={search_term_string}\",\"query-input\":\"required name=search_term_string\"}],\"inLanguage\":\"pt-BR\"},{\"@type\":\"ImageObject\",\"@id\":\"https:\/\/tribunadapraia.com.br\/?p=994#primaryimage\",\"inLanguage\":\"pt-BR\",\"url\":\"https:\/\/tribunadapraia.com.br\/wp-content\/uploads\/2020\/03\/IMG-20200331-WA0006.jpg\",\"contentUrl\":\"https:\/\/tribunadapraia.com.br\/wp-content\/uploads\/2020\/03\/IMG-20200331-WA0006.jpg\",\"width\":552,\"height\":414},{\"@type\":\"WebPage\",\"@id\":\"https:\/\/tribunadapraia.com.br\/?p=994#webpage\",\"url\":\"https:\/\/tribunadapraia.com.br\/?p=994\",\"name\":\"DANIELA FEITOZA: \\\"Economia solid\\u00e1ria e redes de coopera\\u00e7\\u00e3o rural no munic\\u00edpio de Salgado\/Sergipe\\\", \\u00e9 tema da Disserta\\u00e7\\u00e3o de Mestrado defendida por pirambuense na UFS - TRIBUNA DA PRAIA\",\"isPartOf\":{\"@id\":\"https:\/\/tribunadapraia.com.br\/#website\"},\"primaryImageOfPage\":{\"@id\":\"https:\/\/tribunadapraia.com.br\/?p=994#primaryimage\"},\"datePublished\":\"2020-03-31T15:38:18+00:00\",\"dateModified\":\"2020-03-31T15:38:56+00:00\",\"breadcrumb\":{\"@id\":\"https:\/\/tribunadapraia.com.br\/?p=994#breadcrumb\"},\"inLanguage\":\"pt-BR\",\"potentialAction\":[{\"@type\":\"ReadAction\",\"target\":[\"https:\/\/tribunadapraia.com.br\/?p=994\"]}]},{\"@type\":\"BreadcrumbList\",\"@id\":\"https:\/\/tribunadapraia.com.br\/?p=994#breadcrumb\",\"itemListElement\":[{\"@type\":\"ListItem\",\"position\":1,\"item\":{\"@type\":\"WebPage\",\"@id\":\"https:\/\/tribunadapraia.com.br\/\",\"url\":\"https:\/\/tribunadapraia.com.br\/\",\"name\":\"In\\u00edcio\"}},{\"@type\":\"ListItem\",\"position\":2,\"item\":{\"@id\":\"https:\/\/tribunadapraia.com.br\/?p=994#webpage\"}}]},{\"@type\":\"Article\",\"@id\":\"https:\/\/tribunadapraia.com.br\/?p=994#article\",\"isPartOf\":{\"@id\":\"https:\/\/tribunadapraia.com.br\/?p=994#webpage\"},\"author\":{\"@id\":\"https:\/\/tribunadapraia.com.br\/#\/schema\/person\/326b0a9f3163b479142c64eba4928de0\"},\"headline\":\"DANIELA FEITOZA: &#8220;Economia solid\\u00e1ria e redes de coopera\\u00e7\\u00e3o rural no munic\\u00edpio de Salgado\/Sergipe&#8221;, \\u00e9 tema da Disserta\\u00e7\\u00e3o de Mestrado defendida por pirambuense na UFS\",\"datePublished\":\"2020-03-31T15:38:18+00:00\",\"dateModified\":\"2020-03-31T15:38:56+00:00\",\"mainEntityOfPage\":{\"@id\":\"https:\/\/tribunadapraia.com.br\/?p=994#webpage\"},\"wordCount\":778,\"commentCount\":1,\"publisher\":{\"@id\":\"https:\/\/tribunadapraia.com.br\/#organization\"},\"image\":{\"@id\":\"https:\/\/tribunadapraia.com.br\/?p=994#primaryimage\"},\"thumbnailUrl\":\"https:\/\/tribunadapraia.com.br\/wp-content\/uploads\/2020\/03\/IMG-20200331-WA0006.jpg\",\"articleSection\":[\"Not\\u00edcias\"],\"inLanguage\":\"pt-BR\",\"potentialAction\":[{\"@type\":\"CommentAction\",\"name\":\"Comment\",\"target\":[\"https:\/\/tribunadapraia.com.br\/?p=994#respond\"]}]},{\"@type\":\"Person\",\"@id\":\"https:\/\/tribunadapraia.com.br\/#\/schema\/person\/326b0a9f3163b479142c64eba4928de0\",\"name\":\"tribunadapraia\",\"image\":{\"@type\":\"ImageObject\",\"@id\":\"https:\/\/tribunadapraia.com.br\/#personlogo\",\"inLanguage\":\"pt-BR\",\"url\":\"https:\/\/secure.gravatar.com\/avatar\/38b019c74762496076b7355024a0dad9?s=96&d=identicon&r=g\",\"contentUrl\":\"https:\/\/secure.gravatar.com\/avatar\/38b019c74762496076b7355024a0dad9?s=96&d=identicon&r=g\",\"caption\":\"tribunadapraia\"}}]}<\/script>\n<!-- \/ Yoast SEO plugin. -->","wps_subtitle":"","_links":{"self":[{"href":"https:\/\/tribunadapraia.com.br\/index.php?rest_route=\/wp\/v2\/posts\/994"}],"collection":[{"href":"https:\/\/tribunadapraia.com.br\/index.php?rest_route=\/wp\/v2\/posts"}],"about":[{"href":"https:\/\/tribunadapraia.com.br\/index.php?rest_route=\/wp\/v2\/types\/post"}],"author":[{"embeddable":true,"href":"https:\/\/tribunadapraia.com.br\/index.php?rest_route=\/wp\/v2\/users\/1"}],"replies":[{"embeddable":true,"href":"https:\/\/tribunadapraia.com.br\/index.php?rest_route=%2Fwp%2Fv2%2Fcomments&post=994"}],"version-history":[{"count":1,"href":"https:\/\/tribunadapraia.com.br\/index.php?rest_route=\/wp\/v2\/posts\/994\/revisions"}],"predecessor-version":[{"id":996,"href":"https:\/\/tribunadapraia.com.br\/index.php?rest_route=\/wp\/v2\/posts\/994\/revisions\/996"}],"wp:featuredmedia":[{"embeddable":true,"href":"https:\/\/tribunadapraia.com.br\/index.php?rest_route=\/wp\/v2\/media\/995"}],"wp:attachment":[{"href":"https:\/\/tribunadapraia.com.br\/index.php?rest_route=%2Fwp%2Fv2%2Fmedia&parent=994"}],"wp:term":[{"taxonomy":"category","embeddable":true,"href":"https:\/\/tribunadapraia.com.br\/index.php?rest_route=%2Fwp%2Fv2%2Fcategories&post=994"},{"taxonomy":"post_tag","embeddable":true,"href":"https:\/\/tribunadapraia.com.br\/index.php?rest_route=%2Fwp%2Fv2%2Ftags&post=994"}],"curies":[{"name":"wp","href":"https:\/\/api.w.org\/{rel}","templated":true}]}}