{"id":990,"date":"2020-03-31T00:01:41","date_gmt":"2020-03-31T03:01:41","guid":{"rendered":"https:\/\/tribunadapraia.com.br\/?p=990"},"modified":"2020-03-30T23:24:40","modified_gmt":"2020-03-31T02:24:40","slug":"artigo-pinera-a-guerra-contra-chile-carlos-pronzato","status":"publish","type":"post","link":"https:\/\/tribunadapraia.com.br\/?p=990","title":{"rendered":"ARTIGO: Pi\u00f1era, a guerra contra Chile (Carlos Pronzato)"},"content":{"rendered":"<p>A apropria\u00e7\u00e3o do jogo da pol\u00edtica burguesa por parte do Estado, tanto \u00e0 direita quanto \u00e0 esquerda, chegou a limites explosivos em diversas partes do mundo e especialmente no Chile, onde o principal laborat\u00f3rio do neoliberalismo, tocado pelos governos da Concerta\u00e7\u00e3o (Coaliz\u00e3o de Partidos pela Democracia, pacto social de 1990, ap\u00f3s a ditadura de 17 anos de Pinochet, quem continuou como senador vital\u00edcio) tornaram a sobreviv\u00eancia do modelo o \u00faltimo degrau antes do abismo definitivo, como est\u00e1 sendo demostrado nas ruas h\u00e1 mais de quatro meses, desde a explos\u00e3o social de 18 de outubro do ano anterior. Menos a classe privilegiada dos bairros altos de Santiago, o resto da popula\u00e7\u00e3o pobre e da classe media empobrecida comparece \u00e0s ruas regularmente para protestar contra um governo que se declarou em guerra interna diante dos clamores da resist\u00eancia popular \u00e0 repress\u00e3o dos Carabineros j\u00e1 desde o segundo dia dos conflitos.<\/p>\n<p>Numa cidade cujas paredes amanhecem a cada dia com novas picha\u00e7\u00f5es e grafites art\u00edsticos denunciando a situa\u00e7\u00e3o social catastr\u00f3fica que j\u00e1 leva 30 anos (o levante come\u00e7ou ap\u00f3s protestas de estudantes pelo aumento do metr\u00f4, \u201cn\u00e3o s\u00e3o 30 centavos, s\u00e3o 30 anos\u201d) h\u00e1 um que se destaca e domina a paisagem da cidade aos p\u00e9s dos Andes: ACAB, acr\u00f4nimo da express\u00e3o inglesa all cops are bastards, todos os policiais s\u00e3o bastardos.<\/p>\n<p>Quando o presidente (que conta com 6% de aprova\u00e7\u00e3o) decretou o estado de emerg\u00eancia, os militares foram chamados, o que causou uma forte impress\u00e3o num pa\u00eds que sofreu um dos piores e mais sangrentos golpes de estado (1973) com o bombardeio de La Moneda. Por\u00e9m, os tanques sa\u00edram rapidamente de cena, permanecendo o controle da como\u00e7\u00e3o social sob as balas, o g\u00e1s lacrimog\u00eaneo e a crueldade dos Carabineros de Chile, corpora\u00e7\u00e3o odiada e enfrentada a peito aberto pela popula\u00e7\u00e3o nas ruas.<\/p>\n<p>Merece um destaque especial nesta resist\u00eancia do pa\u00eds inteiro ao neoliberalismo e aos seus guardi\u00f5es fardados, a atua\u00e7\u00e3o da denominada primeira linha &#8211; que defendem os manifestantes pac\u00edficos -, na sua grande maioria jovens que com pedras, escudos de lata, estilingues e muita coragem, respondem ao terrorismo estatal dos caminh\u00f5es hidrantes (que tamb\u00e9m lan\u00e7am subst\u00e2ncias toxicas) e aos destacamentos policiais que al\u00e9m das balas de borracha tamb\u00e9m disparam com balas de chumbo.<\/p>\n<p>Mais de 30 mortos, 2.500 presos pol\u00edticos em pris\u00e3o preventiva, incalcul\u00e1vel numero de feridos e mais de 300 pessoas impactadas no rosto com irrevers\u00edveis danos oculares pela certeira a\u00e7\u00e3o criminal da pol\u00edcia mostram claramente que n\u00e3o haver\u00e1 limites para defender o lucro da explora\u00e7\u00e3o neoliberal nesta guerra contra o povo chileno decretada pelo multimilion\u00e1rio Pi\u00f1era.<\/p>\n<p>por Carlos Pronzato &#8211; Cineasta, documentarista e escritor. S\u00f3cio do IGHB (carlospronzato@gmail.com)<\/p>\n","protected":false},"excerpt":{"rendered":"<p>A apropria\u00e7\u00e3o do jogo da pol\u00edtica burguesa por parte do Estado, tanto \u00e0 direita quanto \u00e0 esquerda, chegou a limites explosivos em diversas partes do mundo e especialmente no Chile, onde o principal laborat\u00f3rio do neoliberalismo, tocado pelos governos da Concerta\u00e7\u00e3o (Coaliz\u00e3o de Partidos pela Democracia, pacto social de 1990, ap\u00f3s a ditadura de 17 anos de Pinochet, quem continuou como senador vital\u00edcio) tornaram a sobreviv\u00eancia do modelo o \u00faltimo<\/p>\n","protected":false},"author":1,"featured_media":991,"comment_status":"open","ping_status":"open","sticky":false,"template":"","format":"standard","meta":[],"categories":[18],"tags":[],"yoast_head":"<!-- This site is optimized with the Yoast SEO plugin v16.3 - https:\/\/yoast.com\/wordpress\/plugins\/seo\/ -->\n<title>ARTIGO: Pi\u00f1era, a guerra contra Chile (Carlos Pronzato) - TRIBUNA DA PRAIA<\/title>\n<meta name=\"robots\" content=\"index, follow, max-snippet:-1, max-image-preview:large, max-video-preview:-1\" \/>\n<link rel=\"canonical\" href=\"https:\/\/tribunadapraia.com.br\/?p=990\" \/>\n<meta property=\"og:locale\" content=\"pt_BR\" \/>\n<meta property=\"og:type\" content=\"article\" \/>\n<meta property=\"og:title\" content=\"ARTIGO: Pi\u00f1era, a guerra contra Chile (Carlos Pronzato) - TRIBUNA DA PRAIA\" \/>\n<meta property=\"og:description\" content=\"A apropria\u00e7\u00e3o do jogo da pol\u00edtica burguesa por parte do Estado, tanto \u00e0 direita quanto \u00e0 esquerda, chegou a limites explosivos em diversas partes do mundo e especialmente no Chile, onde o principal laborat\u00f3rio do neoliberalismo, tocado pelos governos da Concerta\u00e7\u00e3o (Coaliz\u00e3o de Partidos pela Democracia, pacto social de 1990, ap\u00f3s a ditadura de 17 anos de Pinochet, quem continuou como senador vital\u00edcio) tornaram a sobreviv\u00eancia do modelo o \u00faltimo\" \/>\n<meta property=\"og:url\" content=\"https:\/\/tribunadapraia.com.br\/?p=990\" \/>\n<meta property=\"og:site_name\" content=\"TRIBUNA DA PRAIA\" \/>\n<meta property=\"article:publisher\" content=\"https:\/\/www.facebook.com\/tribunadapraiaonline\/\" \/>\n<meta property=\"article:published_time\" content=\"2020-03-31T03:01:41+00:00\" \/>\n<meta property=\"article:modified_time\" content=\"2020-03-31T02:24:40+00:00\" \/>\n<meta property=\"og:image\" content=\"https:\/\/tribunadapraia.com.br\/wp-content\/uploads\/2020\/03\/IMG-20200330-WA0190.jpg\" \/>\n\t<meta property=\"og:image:width\" content=\"540\" \/>\n\t<meta property=\"og:image:height\" content=\"542\" \/>\n<meta name=\"twitter:card\" content=\"summary_large_image\" \/>\n<meta name=\"twitter:creator\" content=\"@Claudomir21\" \/>\n<meta name=\"twitter:site\" content=\"@Claudomir21\" \/>\n<meta name=\"twitter:label1\" content=\"Est. tempo de leitura\">\n\t<meta name=\"twitter:data1\" content=\"2 minutos\">\n<script type=\"application\/ld+json\" class=\"yoast-schema-graph\">{\"@context\":\"https:\/\/schema.org\",\"@graph\":[{\"@type\":\"Organization\",\"@id\":\"https:\/\/tribunadapraia.com.br\/#organization\",\"name\":\"Tribuna da Praia\",\"url\":\"https:\/\/tribunadapraia.com.br\/\",\"sameAs\":[\"https:\/\/www.facebook.com\/tribunadapraiaonline\/\",\"https:\/\/www.instagram.com\/claudomirtavares\/\",\"https:\/\/www.youtube.com\/channel\/UCwQf80nxiMzCefAyjbp53Rw\",\"https:\/\/twitter.com\/Claudomir21\"],\"logo\":{\"@type\":\"ImageObject\",\"@id\":\"https:\/\/tribunadapraia.com.br\/#logo\",\"inLanguage\":\"pt-BR\",\"url\":\"https:\/\/tribunadapraia.com.br\/wp-content\/uploads\/2020\/02\/logo.png\",\"contentUrl\":\"https:\/\/tribunadapraia.com.br\/wp-content\/uploads\/2020\/02\/logo.png\",\"width\":501,\"height\":121,\"caption\":\"Tribuna da Praia\"},\"image\":{\"@id\":\"https:\/\/tribunadapraia.com.br\/#logo\"}},{\"@type\":\"WebSite\",\"@id\":\"https:\/\/tribunadapraia.com.br\/#website\",\"url\":\"https:\/\/tribunadapraia.com.br\/\",\"name\":\"TRIBUNA DA PRAIA\",\"description\":\"O 1\\u00ba jornal do interior de Sergipe na internet\",\"publisher\":{\"@id\":\"https:\/\/tribunadapraia.com.br\/#organization\"},\"potentialAction\":[{\"@type\":\"SearchAction\",\"target\":\"https:\/\/tribunadapraia.com.br\/?s={search_term_string}\",\"query-input\":\"required name=search_term_string\"}],\"inLanguage\":\"pt-BR\"},{\"@type\":\"ImageObject\",\"@id\":\"https:\/\/tribunadapraia.com.br\/?p=990#primaryimage\",\"inLanguage\":\"pt-BR\",\"url\":\"https:\/\/tribunadapraia.com.br\/wp-content\/uploads\/2020\/03\/IMG-20200330-WA0190.jpg\",\"contentUrl\":\"https:\/\/tribunadapraia.com.br\/wp-content\/uploads\/2020\/03\/IMG-20200330-WA0190.jpg\",\"width\":540,\"height\":542},{\"@type\":\"WebPage\",\"@id\":\"https:\/\/tribunadapraia.com.br\/?p=990#webpage\",\"url\":\"https:\/\/tribunadapraia.com.br\/?p=990\",\"name\":\"ARTIGO: Pi\\u00f1era, a guerra contra Chile (Carlos Pronzato) - TRIBUNA DA PRAIA\",\"isPartOf\":{\"@id\":\"https:\/\/tribunadapraia.com.br\/#website\"},\"primaryImageOfPage\":{\"@id\":\"https:\/\/tribunadapraia.com.br\/?p=990#primaryimage\"},\"datePublished\":\"2020-03-31T03:01:41+00:00\",\"dateModified\":\"2020-03-31T02:24:40+00:00\",\"breadcrumb\":{\"@id\":\"https:\/\/tribunadapraia.com.br\/?p=990#breadcrumb\"},\"inLanguage\":\"pt-BR\",\"potentialAction\":[{\"@type\":\"ReadAction\",\"target\":[\"https:\/\/tribunadapraia.com.br\/?p=990\"]}]},{\"@type\":\"BreadcrumbList\",\"@id\":\"https:\/\/tribunadapraia.com.br\/?p=990#breadcrumb\",\"itemListElement\":[{\"@type\":\"ListItem\",\"position\":1,\"item\":{\"@type\":\"WebPage\",\"@id\":\"https:\/\/tribunadapraia.com.br\/\",\"url\":\"https:\/\/tribunadapraia.com.br\/\",\"name\":\"In\\u00edcio\"}},{\"@type\":\"ListItem\",\"position\":2,\"item\":{\"@id\":\"https:\/\/tribunadapraia.com.br\/?p=990#webpage\"}}]},{\"@type\":\"Article\",\"@id\":\"https:\/\/tribunadapraia.com.br\/?p=990#article\",\"isPartOf\":{\"@id\":\"https:\/\/tribunadapraia.com.br\/?p=990#webpage\"},\"author\":{\"@id\":\"https:\/\/tribunadapraia.com.br\/#\/schema\/person\/326b0a9f3163b479142c64eba4928de0\"},\"headline\":\"ARTIGO: Pi\\u00f1era, a guerra contra Chile (Carlos Pronzato)\",\"datePublished\":\"2020-03-31T03:01:41+00:00\",\"dateModified\":\"2020-03-31T02:24:40+00:00\",\"mainEntityOfPage\":{\"@id\":\"https:\/\/tribunadapraia.com.br\/?p=990#webpage\"},\"wordCount\":494,\"commentCount\":0,\"publisher\":{\"@id\":\"https:\/\/tribunadapraia.com.br\/#organization\"},\"image\":{\"@id\":\"https:\/\/tribunadapraia.com.br\/?p=990#primaryimage\"},\"thumbnailUrl\":\"https:\/\/tribunadapraia.com.br\/wp-content\/uploads\/2020\/03\/IMG-20200330-WA0190.jpg\",\"articleSection\":[\"Not\\u00edcias\"],\"inLanguage\":\"pt-BR\",\"potentialAction\":[{\"@type\":\"CommentAction\",\"name\":\"Comment\",\"target\":[\"https:\/\/tribunadapraia.com.br\/?p=990#respond\"]}]},{\"@type\":\"Person\",\"@id\":\"https:\/\/tribunadapraia.com.br\/#\/schema\/person\/326b0a9f3163b479142c64eba4928de0\",\"name\":\"tribunadapraia\",\"image\":{\"@type\":\"ImageObject\",\"@id\":\"https:\/\/tribunadapraia.com.br\/#personlogo\",\"inLanguage\":\"pt-BR\",\"url\":\"https:\/\/secure.gravatar.com\/avatar\/38b019c74762496076b7355024a0dad9?s=96&d=identicon&r=g\",\"contentUrl\":\"https:\/\/secure.gravatar.com\/avatar\/38b019c74762496076b7355024a0dad9?s=96&d=identicon&r=g\",\"caption\":\"tribunadapraia\"}}]}<\/script>\n<!-- \/ Yoast SEO plugin. -->","wps_subtitle":"","_links":{"self":[{"href":"https:\/\/tribunadapraia.com.br\/index.php?rest_route=\/wp\/v2\/posts\/990"}],"collection":[{"href":"https:\/\/tribunadapraia.com.br\/index.php?rest_route=\/wp\/v2\/posts"}],"about":[{"href":"https:\/\/tribunadapraia.com.br\/index.php?rest_route=\/wp\/v2\/types\/post"}],"author":[{"embeddable":true,"href":"https:\/\/tribunadapraia.com.br\/index.php?rest_route=\/wp\/v2\/users\/1"}],"replies":[{"embeddable":true,"href":"https:\/\/tribunadapraia.com.br\/index.php?rest_route=%2Fwp%2Fv2%2Fcomments&post=990"}],"version-history":[{"count":2,"href":"https:\/\/tribunadapraia.com.br\/index.php?rest_route=\/wp\/v2\/posts\/990\/revisions"}],"predecessor-version":[{"id":993,"href":"https:\/\/tribunadapraia.com.br\/index.php?rest_route=\/wp\/v2\/posts\/990\/revisions\/993"}],"wp:featuredmedia":[{"embeddable":true,"href":"https:\/\/tribunadapraia.com.br\/index.php?rest_route=\/wp\/v2\/media\/991"}],"wp:attachment":[{"href":"https:\/\/tribunadapraia.com.br\/index.php?rest_route=%2Fwp%2Fv2%2Fmedia&parent=990"}],"wp:term":[{"taxonomy":"category","embeddable":true,"href":"https:\/\/tribunadapraia.com.br\/index.php?rest_route=%2Fwp%2Fv2%2Fcategories&post=990"},{"taxonomy":"post_tag","embeddable":true,"href":"https:\/\/tribunadapraia.com.br\/index.php?rest_route=%2Fwp%2Fv2%2Ftags&post=990"}],"curies":[{"name":"wp","href":"https:\/\/api.w.org\/{rel}","templated":true}]}}