{"id":985,"date":"2020-03-30T00:44:31","date_gmt":"2020-03-30T03:44:31","guid":{"rendered":"https:\/\/tribunadapraia.com.br\/?p=985"},"modified":"2020-03-30T01:01:49","modified_gmt":"2020-03-30T04:01:49","slug":"edime-tavares-recordo-com-a-dor-de-todas-as-saudades-84-anos-da-nossa-mae","status":"publish","type":"post","link":"https:\/\/tribunadapraia.com.br\/?p=985","title":{"rendered":"EDIM\u00ca TAVARES: Recordo com a dor de todas as saudades &#8211; 84 anos da nossa m\u00e3e"},"content":{"rendered":"<p>Se viva estivesse, completaria 84 anos na pr\u00f3xima quarta-feira, 01 de abril<\/p>\n<p>Natural do povoado Porto Grande (01\/04\/1936), quando este pertencia a Aracaju, Edim\u00ea Tavares da Silva (esposa de Francisco Pereira da Silva &#8211; Sisinho, m\u00e3e de Maria Helena, Jose Domingos e Edelvanir &#8211; in memoriam, Cl\u00e1udia, Claudice, Claudomir e Claudeci Tavares da Silva) mudou-se para o povoado Canal de S\u00e3o Sebasti\u00e3o (Barra dos Coqueiros) e em 1980 passou a residir em Pirambu.<\/p>\n<p>Dona de casa e pescadora, foi professora do Grupo Escolar Leandro Maciel e zeladora da Igreja de S\u00e3o Sebasti\u00e3o, tendo forte influ\u00eancia na vida s\u00f3cio-cultural de sua comunidade. Associou-se a Col\u00f4nia de Pescadores Z-5 (Pirambu e regi\u00e3o), ajudando discretamente a fundar o Partido dos Trabalhadores neste munic\u00edpio em 1985 (partido ao qual est\u00e1 se filiando sua primrira neta, Jucy Tavares). Saiu do plano terreno em 21 de setembro de 2006, h\u00e1 quase 14 anos, deixando uma prole de filhos (j\u00e1 citados), netos e bisnetos &#8211; assista v\u00eddeo:<br \/>\nhttps:\/\/youtu.be\/MBVVtVnuKuo.<\/p>\n<p>por ClaudOmir Herzog Tavares<\/p>\n","protected":false},"excerpt":{"rendered":"<p>Se viva estivesse, completaria 84 anos na pr\u00f3xima quarta-feira, 01 de abril Natural do povoado Porto Grande (01\/04\/1936), quando este pertencia a Aracaju, Edim\u00ea Tavares da Silva (esposa de Francisco Pereira da Silva &#8211; Sisinho, m\u00e3e de Maria Helena, Jose Domingos e Edelvanir &#8211; in memoriam, Cl\u00e1udia, Claudice, Claudomir e Claudeci Tavares da Silva) mudou-se para o povoado Canal de S\u00e3o Sebasti\u00e3o (Barra dos Coqueiros) e em 1980 passou a<\/p>\n","protected":false},"author":3,"featured_media":987,"comment_status":"open","ping_status":"open","sticky":false,"template":"","format":"standard","meta":[],"categories":[18],"tags":[],"yoast_head":"<!-- This site is optimized with the Yoast SEO plugin v16.3 - https:\/\/yoast.com\/wordpress\/plugins\/seo\/ -->\n<title>EDIM\u00ca TAVARES: Recordo com a dor de todas as saudades - 84 anos da nossa m\u00e3e - TRIBUNA DA PRAIA<\/title>\n<meta name=\"robots\" content=\"index, follow, max-snippet:-1, max-image-preview:large, max-video-preview:-1\" \/>\n<link rel=\"canonical\" href=\"https:\/\/tribunadapraia.com.br\/?p=985\" \/>\n<meta property=\"og:locale\" content=\"pt_BR\" \/>\n<meta property=\"og:type\" content=\"article\" \/>\n<meta property=\"og:title\" content=\"EDIM\u00ca TAVARES: Recordo com a dor de todas as saudades - 84 anos da nossa m\u00e3e - TRIBUNA DA PRAIA\" \/>\n<meta property=\"og:description\" content=\"Se viva estivesse, completaria 84 anos na pr\u00f3xima quarta-feira, 01 de abril Natural do povoado Porto Grande (01\/04\/1936), quando este pertencia a Aracaju, Edim\u00ea Tavares da Silva (esposa de Francisco Pereira da Silva &#8211; Sisinho, m\u00e3e de Maria Helena, Jose Domingos e Edelvanir &#8211; in memoriam, Cl\u00e1udia, Claudice, Claudomir e Claudeci Tavares da Silva) mudou-se para o povoado Canal de S\u00e3o Sebasti\u00e3o (Barra dos Coqueiros) e em 1980 passou a\" \/>\n<meta property=\"og:url\" content=\"https:\/\/tribunadapraia.com.br\/?p=985\" \/>\n<meta property=\"og:site_name\" content=\"TRIBUNA DA PRAIA\" \/>\n<meta property=\"article:publisher\" content=\"https:\/\/www.facebook.com\/tribunadapraiaonline\/\" \/>\n<meta property=\"article:published_time\" content=\"2020-03-30T03:44:31+00:00\" \/>\n<meta property=\"article:modified_time\" content=\"2020-03-30T04:01:49+00:00\" \/>\n<meta property=\"og:image\" content=\"https:\/\/tribunadapraia.com.br\/wp-content\/uploads\/2020\/03\/IMG-20200330-WA0000.jpg\" \/>\n\t<meta property=\"og:image:width\" content=\"998\" \/>\n\t<meta property=\"og:image:height\" content=\"1240\" \/>\n<meta name=\"twitter:card\" content=\"summary_large_image\" \/>\n<meta name=\"twitter:creator\" content=\"@Claudomir21\" \/>\n<meta name=\"twitter:site\" content=\"@Claudomir21\" \/>\n<meta name=\"twitter:label1\" content=\"Est. tempo de leitura\">\n\t<meta name=\"twitter:data1\" content=\"1 minuto\">\n<script type=\"application\/ld+json\" class=\"yoast-schema-graph\">{\"@context\":\"https:\/\/schema.org\",\"@graph\":[{\"@type\":\"Organization\",\"@id\":\"https:\/\/tribunadapraia.com.br\/#organization\",\"name\":\"Tribuna da Praia\",\"url\":\"https:\/\/tribunadapraia.com.br\/\",\"sameAs\":[\"https:\/\/www.facebook.com\/tribunadapraiaonline\/\",\"https:\/\/www.instagram.com\/claudomirtavares\/\",\"https:\/\/www.youtube.com\/channel\/UCwQf80nxiMzCefAyjbp53Rw\",\"https:\/\/twitter.com\/Claudomir21\"],\"logo\":{\"@type\":\"ImageObject\",\"@id\":\"https:\/\/tribunadapraia.com.br\/#logo\",\"inLanguage\":\"pt-BR\",\"url\":\"https:\/\/tribunadapraia.com.br\/wp-content\/uploads\/2020\/02\/logo.png\",\"contentUrl\":\"https:\/\/tribunadapraia.com.br\/wp-content\/uploads\/2020\/02\/logo.png\",\"width\":501,\"height\":121,\"caption\":\"Tribuna da Praia\"},\"image\":{\"@id\":\"https:\/\/tribunadapraia.com.br\/#logo\"}},{\"@type\":\"WebSite\",\"@id\":\"https:\/\/tribunadapraia.com.br\/#website\",\"url\":\"https:\/\/tribunadapraia.com.br\/\",\"name\":\"TRIBUNA DA PRAIA\",\"description\":\"O 1\\u00ba jornal do interior de Sergipe na internet\",\"publisher\":{\"@id\":\"https:\/\/tribunadapraia.com.br\/#organization\"},\"potentialAction\":[{\"@type\":\"SearchAction\",\"target\":\"https:\/\/tribunadapraia.com.br\/?s={search_term_string}\",\"query-input\":\"required name=search_term_string\"}],\"inLanguage\":\"pt-BR\"},{\"@type\":\"ImageObject\",\"@id\":\"https:\/\/tribunadapraia.com.br\/?p=985#primaryimage\",\"inLanguage\":\"pt-BR\",\"url\":\"https:\/\/tribunadapraia.com.br\/wp-content\/uploads\/2020\/03\/IMG-20200330-WA0000.jpg\",\"contentUrl\":\"https:\/\/tribunadapraia.com.br\/wp-content\/uploads\/2020\/03\/IMG-20200330-WA0000.jpg\",\"width\":998,\"height\":1240},{\"@type\":\"WebPage\",\"@id\":\"https:\/\/tribunadapraia.com.br\/?p=985#webpage\",\"url\":\"https:\/\/tribunadapraia.com.br\/?p=985\",\"name\":\"EDIM\\u00ca TAVARES: Recordo com a dor de todas as saudades - 84 anos da nossa m\\u00e3e - TRIBUNA DA PRAIA\",\"isPartOf\":{\"@id\":\"https:\/\/tribunadapraia.com.br\/#website\"},\"primaryImageOfPage\":{\"@id\":\"https:\/\/tribunadapraia.com.br\/?p=985#primaryimage\"},\"datePublished\":\"2020-03-30T03:44:31+00:00\",\"dateModified\":\"2020-03-30T04:01:49+00:00\",\"breadcrumb\":{\"@id\":\"https:\/\/tribunadapraia.com.br\/?p=985#breadcrumb\"},\"inLanguage\":\"pt-BR\",\"potentialAction\":[{\"@type\":\"ReadAction\",\"target\":[\"https:\/\/tribunadapraia.com.br\/?p=985\"]}]},{\"@type\":\"BreadcrumbList\",\"@id\":\"https:\/\/tribunadapraia.com.br\/?p=985#breadcrumb\",\"itemListElement\":[{\"@type\":\"ListItem\",\"position\":1,\"item\":{\"@type\":\"WebPage\",\"@id\":\"https:\/\/tribunadapraia.com.br\/\",\"url\":\"https:\/\/tribunadapraia.com.br\/\",\"name\":\"In\\u00edcio\"}},{\"@type\":\"ListItem\",\"position\":2,\"item\":{\"@id\":\"https:\/\/tribunadapraia.com.br\/?p=985#webpage\"}}]},{\"@type\":\"Article\",\"@id\":\"https:\/\/tribunadapraia.com.br\/?p=985#article\",\"isPartOf\":{\"@id\":\"https:\/\/tribunadapraia.com.br\/?p=985#webpage\"},\"author\":{\"@id\":\"https:\/\/tribunadapraia.com.br\/#\/schema\/person\/099fbbf59acc5895c0d7d52b4fc46c97\"},\"headline\":\"EDIM\\u00ca TAVARES: Recordo com a dor de todas as saudades &#8211; 84 anos da nossa m\\u00e3e\",\"datePublished\":\"2020-03-30T03:44:31+00:00\",\"dateModified\":\"2020-03-30T04:01:49+00:00\",\"mainEntityOfPage\":{\"@id\":\"https:\/\/tribunadapraia.com.br\/?p=985#webpage\"},\"wordCount\":189,\"commentCount\":0,\"publisher\":{\"@id\":\"https:\/\/tribunadapraia.com.br\/#organization\"},\"image\":{\"@id\":\"https:\/\/tribunadapraia.com.br\/?p=985#primaryimage\"},\"thumbnailUrl\":\"https:\/\/tribunadapraia.com.br\/wp-content\/uploads\/2020\/03\/IMG-20200330-WA0000.jpg\",\"articleSection\":[\"Not\\u00edcias\"],\"inLanguage\":\"pt-BR\",\"potentialAction\":[{\"@type\":\"CommentAction\",\"name\":\"Comment\",\"target\":[\"https:\/\/tribunadapraia.com.br\/?p=985#respond\"]}]},{\"@type\":\"Person\",\"@id\":\"https:\/\/tribunadapraia.com.br\/#\/schema\/person\/099fbbf59acc5895c0d7d52b4fc46c97\",\"name\":\"Reda\\u00e7\\u00e3o\",\"image\":{\"@type\":\"ImageObject\",\"@id\":\"https:\/\/tribunadapraia.com.br\/#personlogo\",\"inLanguage\":\"pt-BR\",\"url\":\"https:\/\/secure.gravatar.com\/avatar\/91c8b91d2bfd7784eac5c3e055361f64?s=96&d=identicon&r=g\",\"contentUrl\":\"https:\/\/secure.gravatar.com\/avatar\/91c8b91d2bfd7784eac5c3e055361f64?s=96&d=identicon&r=g\",\"caption\":\"Reda\\u00e7\\u00e3o\"}}]}<\/script>\n<!-- \/ Yoast SEO plugin. -->","wps_subtitle":"","_links":{"self":[{"href":"https:\/\/tribunadapraia.com.br\/index.php?rest_route=\/wp\/v2\/posts\/985"}],"collection":[{"href":"https:\/\/tribunadapraia.com.br\/index.php?rest_route=\/wp\/v2\/posts"}],"about":[{"href":"https:\/\/tribunadapraia.com.br\/index.php?rest_route=\/wp\/v2\/types\/post"}],"author":[{"embeddable":true,"href":"https:\/\/tribunadapraia.com.br\/index.php?rest_route=\/wp\/v2\/users\/3"}],"replies":[{"embeddable":true,"href":"https:\/\/tribunadapraia.com.br\/index.php?rest_route=%2Fwp%2Fv2%2Fcomments&post=985"}],"version-history":[{"count":2,"href":"https:\/\/tribunadapraia.com.br\/index.php?rest_route=\/wp\/v2\/posts\/985\/revisions"}],"predecessor-version":[{"id":989,"href":"https:\/\/tribunadapraia.com.br\/index.php?rest_route=\/wp\/v2\/posts\/985\/revisions\/989"}],"wp:featuredmedia":[{"embeddable":true,"href":"https:\/\/tribunadapraia.com.br\/index.php?rest_route=\/wp\/v2\/media\/987"}],"wp:attachment":[{"href":"https:\/\/tribunadapraia.com.br\/index.php?rest_route=%2Fwp%2Fv2%2Fmedia&parent=985"}],"wp:term":[{"taxonomy":"category","embeddable":true,"href":"https:\/\/tribunadapraia.com.br\/index.php?rest_route=%2Fwp%2Fv2%2Fcategories&post=985"},{"taxonomy":"post_tag","embeddable":true,"href":"https:\/\/tribunadapraia.com.br\/index.php?rest_route=%2Fwp%2Fv2%2Ftags&post=985"}],"curies":[{"name":"wp","href":"https:\/\/api.w.org\/{rel}","templated":true}]}}