{"id":982,"date":"2020-03-30T00:01:03","date_gmt":"2020-03-30T03:01:03","guid":{"rendered":"https:\/\/tribunadapraia.com.br\/?p=982"},"modified":"2020-03-29T23:42:23","modified_gmt":"2020-03-30T02:42:23","slug":"feira-livre-24-anos-do-ponto-de-encontro-da-economia-popular-a-caixa-de-ressonancia-da-sociedade-pirambuense","status":"publish","type":"post","link":"https:\/\/tribunadapraia.com.br\/?p=982","title":{"rendered":"FEIRA LIVRE: 24 anos do ponto de encontro da economia popular, a caixa de resson\u00e2ncia da sociedade pirambuense"},"content":{"rendered":"<p>Inaugurada em 1996, uma iniciativa da parceria rntre a Associa\u00e7\u00e3o de Moradores (ASMOP) e da Prefeitura Municipal, com o apoio de organismos do Governo de Sergipe, a Feira Livre de Pirambu completou na \u00faltima quinta-feira, 26 de mar\u00e7o, 24 anos tendo passado ao longo desse tempo por algumas transforma\u00e7\u00f5es, crescimento e mudan\u00e7a de local<\/p>\n<p>Ocupando ruma das vias da Avenida Agostinho Trindade, se estendia da Delrgacia de Policia a Loja de Juarez, at\u00e9 ser transferida em 2001 para a Rua Ot\u00e1vio Acioli Sobral, ocupando um trecho compreendido entre a Prefeitura de Pirambu e o encontro com a Rua Tom Jobin.<\/p>\n<p>Durante o Per\u00edodo de Interven\u00e7\u00e3o (2007), a Feira Livre teve mais uma vez alterado o local, desta vez para a Pra\u00e7a de Eventos Nelson Vieira e finalmente no inicio da atual gest\u00e3o (2013), em definitivo para a Rua Jo\u00e3o Francisco da Silva, ao lado do Est\u00e1dio Erinaldo de Csrvalho.<\/p>\n<p>Al\u00e9m de um ponto de comrtcializa\u00e7\u00e3o dos msis variados produtos; a Feira Livre de Pirambu sempre foi um espa\u00e7o para manifesta\u00e7\u00f5es art\u00edsticas e culturais, pol\u00edticas e sociais, sendo ela uma caixa de resson\u00e2ncia da sociedade pirambuebse.<\/p>\n<p>pir ClaudOmir Herzog<\/p>\n","protected":false},"excerpt":{"rendered":"<p>Inaugurada em 1996, uma iniciativa da parceria rntre a Associa\u00e7\u00e3o de Moradores (ASMOP) e da Prefeitura Municipal, com o apoio de organismos do Governo de Sergipe, a Feira Livre de Pirambu completou na \u00faltima quinta-feira, 26 de mar\u00e7o, 24 anos tendo passado ao longo desse tempo por algumas transforma\u00e7\u00f5es, crescimento e mudan\u00e7a de local Ocupando ruma das vias da Avenida Agostinho Trindade, se estendia da Delrgacia de Policia a Loja<\/p>\n","protected":false},"author":3,"featured_media":983,"comment_status":"open","ping_status":"open","sticky":false,"template":"","format":"standard","meta":[],"categories":[18],"tags":[],"yoast_head":"<!-- This site is optimized with the Yoast SEO plugin v16.3 - https:\/\/yoast.com\/wordpress\/plugins\/seo\/ -->\n<title>FEIRA LIVRE: 24 anos do ponto de encontro da economia popular, a caixa de resson\u00e2ncia da sociedade pirambuense - TRIBUNA DA PRAIA<\/title>\n<meta name=\"robots\" content=\"index, follow, max-snippet:-1, max-image-preview:large, max-video-preview:-1\" \/>\n<link rel=\"canonical\" href=\"https:\/\/tribunadapraia.com.br\/?p=982\" \/>\n<meta property=\"og:locale\" content=\"pt_BR\" \/>\n<meta property=\"og:type\" content=\"article\" \/>\n<meta property=\"og:title\" content=\"FEIRA LIVRE: 24 anos do ponto de encontro da economia popular, a caixa de resson\u00e2ncia da sociedade pirambuense - TRIBUNA DA PRAIA\" \/>\n<meta property=\"og:description\" content=\"Inaugurada em 1996, uma iniciativa da parceria rntre a Associa\u00e7\u00e3o de Moradores (ASMOP) e da Prefeitura Municipal, com o apoio de organismos do Governo de Sergipe, a Feira Livre de Pirambu completou na \u00faltima quinta-feira, 26 de mar\u00e7o, 24 anos tendo passado ao longo desse tempo por algumas transforma\u00e7\u00f5es, crescimento e mudan\u00e7a de local Ocupando ruma das vias da Avenida Agostinho Trindade, se estendia da Delrgacia de Policia a Loja\" \/>\n<meta property=\"og:url\" content=\"https:\/\/tribunadapraia.com.br\/?p=982\" \/>\n<meta property=\"og:site_name\" content=\"TRIBUNA DA PRAIA\" \/>\n<meta property=\"article:publisher\" content=\"https:\/\/www.facebook.com\/tribunadapraiaonline\/\" \/>\n<meta property=\"article:published_time\" content=\"2020-03-30T03:01:03+00:00\" \/>\n<meta property=\"article:modified_time\" content=\"2020-03-30T02:42:23+00:00\" \/>\n<meta property=\"og:image\" content=\"https:\/\/tribunadapraia.com.br\/wp-content\/uploads\/2020\/03\/IMG-20200329-WA0125.jpg\" \/>\n\t<meta property=\"og:image:width\" content=\"606\" \/>\n\t<meta property=\"og:image:height\" content=\"425\" \/>\n<meta name=\"twitter:card\" content=\"summary_large_image\" \/>\n<meta name=\"twitter:creator\" content=\"@Claudomir21\" \/>\n<meta name=\"twitter:site\" content=\"@Claudomir21\" \/>\n<meta name=\"twitter:label1\" content=\"Est. tempo de leitura\">\n\t<meta name=\"twitter:data1\" content=\"1 minuto\">\n<script type=\"application\/ld+json\" class=\"yoast-schema-graph\">{\"@context\":\"https:\/\/schema.org\",\"@graph\":[{\"@type\":\"Organization\",\"@id\":\"https:\/\/tribunadapraia.com.br\/#organization\",\"name\":\"Tribuna da Praia\",\"url\":\"https:\/\/tribunadapraia.com.br\/\",\"sameAs\":[\"https:\/\/www.facebook.com\/tribunadapraiaonline\/\",\"https:\/\/www.instagram.com\/claudomirtavares\/\",\"https:\/\/www.youtube.com\/channel\/UCwQf80nxiMzCefAyjbp53Rw\",\"https:\/\/twitter.com\/Claudomir21\"],\"logo\":{\"@type\":\"ImageObject\",\"@id\":\"https:\/\/tribunadapraia.com.br\/#logo\",\"inLanguage\":\"pt-BR\",\"url\":\"https:\/\/tribunadapraia.com.br\/wp-content\/uploads\/2020\/02\/logo.png\",\"contentUrl\":\"https:\/\/tribunadapraia.com.br\/wp-content\/uploads\/2020\/02\/logo.png\",\"width\":501,\"height\":121,\"caption\":\"Tribuna da Praia\"},\"image\":{\"@id\":\"https:\/\/tribunadapraia.com.br\/#logo\"}},{\"@type\":\"WebSite\",\"@id\":\"https:\/\/tribunadapraia.com.br\/#website\",\"url\":\"https:\/\/tribunadapraia.com.br\/\",\"name\":\"TRIBUNA DA PRAIA\",\"description\":\"O 1\\u00ba jornal do interior de Sergipe na internet\",\"publisher\":{\"@id\":\"https:\/\/tribunadapraia.com.br\/#organization\"},\"potentialAction\":[{\"@type\":\"SearchAction\",\"target\":\"https:\/\/tribunadapraia.com.br\/?s={search_term_string}\",\"query-input\":\"required name=search_term_string\"}],\"inLanguage\":\"pt-BR\"},{\"@type\":\"ImageObject\",\"@id\":\"https:\/\/tribunadapraia.com.br\/?p=982#primaryimage\",\"inLanguage\":\"pt-BR\",\"url\":\"https:\/\/tribunadapraia.com.br\/wp-content\/uploads\/2020\/03\/IMG-20200329-WA0125.jpg\",\"contentUrl\":\"https:\/\/tribunadapraia.com.br\/wp-content\/uploads\/2020\/03\/IMG-20200329-WA0125.jpg\",\"width\":606,\"height\":425},{\"@type\":\"WebPage\",\"@id\":\"https:\/\/tribunadapraia.com.br\/?p=982#webpage\",\"url\":\"https:\/\/tribunadapraia.com.br\/?p=982\",\"name\":\"FEIRA LIVRE: 24 anos do ponto de encontro da economia popular, a caixa de resson\\u00e2ncia da sociedade pirambuense - TRIBUNA DA PRAIA\",\"isPartOf\":{\"@id\":\"https:\/\/tribunadapraia.com.br\/#website\"},\"primaryImageOfPage\":{\"@id\":\"https:\/\/tribunadapraia.com.br\/?p=982#primaryimage\"},\"datePublished\":\"2020-03-30T03:01:03+00:00\",\"dateModified\":\"2020-03-30T02:42:23+00:00\",\"breadcrumb\":{\"@id\":\"https:\/\/tribunadapraia.com.br\/?p=982#breadcrumb\"},\"inLanguage\":\"pt-BR\",\"potentialAction\":[{\"@type\":\"ReadAction\",\"target\":[\"https:\/\/tribunadapraia.com.br\/?p=982\"]}]},{\"@type\":\"BreadcrumbList\",\"@id\":\"https:\/\/tribunadapraia.com.br\/?p=982#breadcrumb\",\"itemListElement\":[{\"@type\":\"ListItem\",\"position\":1,\"item\":{\"@type\":\"WebPage\",\"@id\":\"https:\/\/tribunadapraia.com.br\/\",\"url\":\"https:\/\/tribunadapraia.com.br\/\",\"name\":\"In\\u00edcio\"}},{\"@type\":\"ListItem\",\"position\":2,\"item\":{\"@id\":\"https:\/\/tribunadapraia.com.br\/?p=982#webpage\"}}]},{\"@type\":\"Article\",\"@id\":\"https:\/\/tribunadapraia.com.br\/?p=982#article\",\"isPartOf\":{\"@id\":\"https:\/\/tribunadapraia.com.br\/?p=982#webpage\"},\"author\":{\"@id\":\"https:\/\/tribunadapraia.com.br\/#\/schema\/person\/099fbbf59acc5895c0d7d52b4fc46c97\"},\"headline\":\"FEIRA LIVRE: 24 anos do ponto de encontro da economia popular, a caixa de resson\\u00e2ncia da sociedade pirambuense\",\"datePublished\":\"2020-03-30T03:01:03+00:00\",\"dateModified\":\"2020-03-30T02:42:23+00:00\",\"mainEntityOfPage\":{\"@id\":\"https:\/\/tribunadapraia.com.br\/?p=982#webpage\"},\"wordCount\":218,\"commentCount\":0,\"publisher\":{\"@id\":\"https:\/\/tribunadapraia.com.br\/#organization\"},\"image\":{\"@id\":\"https:\/\/tribunadapraia.com.br\/?p=982#primaryimage\"},\"thumbnailUrl\":\"https:\/\/tribunadapraia.com.br\/wp-content\/uploads\/2020\/03\/IMG-20200329-WA0125.jpg\",\"articleSection\":[\"Not\\u00edcias\"],\"inLanguage\":\"pt-BR\",\"potentialAction\":[{\"@type\":\"CommentAction\",\"name\":\"Comment\",\"target\":[\"https:\/\/tribunadapraia.com.br\/?p=982#respond\"]}]},{\"@type\":\"Person\",\"@id\":\"https:\/\/tribunadapraia.com.br\/#\/schema\/person\/099fbbf59acc5895c0d7d52b4fc46c97\",\"name\":\"Reda\\u00e7\\u00e3o\",\"image\":{\"@type\":\"ImageObject\",\"@id\":\"https:\/\/tribunadapraia.com.br\/#personlogo\",\"inLanguage\":\"pt-BR\",\"url\":\"https:\/\/secure.gravatar.com\/avatar\/91c8b91d2bfd7784eac5c3e055361f64?s=96&d=identicon&r=g\",\"contentUrl\":\"https:\/\/secure.gravatar.com\/avatar\/91c8b91d2bfd7784eac5c3e055361f64?s=96&d=identicon&r=g\",\"caption\":\"Reda\\u00e7\\u00e3o\"}}]}<\/script>\n<!-- \/ Yoast SEO plugin. -->","wps_subtitle":"","_links":{"self":[{"href":"https:\/\/tribunadapraia.com.br\/index.php?rest_route=\/wp\/v2\/posts\/982"}],"collection":[{"href":"https:\/\/tribunadapraia.com.br\/index.php?rest_route=\/wp\/v2\/posts"}],"about":[{"href":"https:\/\/tribunadapraia.com.br\/index.php?rest_route=\/wp\/v2\/types\/post"}],"author":[{"embeddable":true,"href":"https:\/\/tribunadapraia.com.br\/index.php?rest_route=\/wp\/v2\/users\/3"}],"replies":[{"embeddable":true,"href":"https:\/\/tribunadapraia.com.br\/index.php?rest_route=%2Fwp%2Fv2%2Fcomments&post=982"}],"version-history":[{"count":1,"href":"https:\/\/tribunadapraia.com.br\/index.php?rest_route=\/wp\/v2\/posts\/982\/revisions"}],"predecessor-version":[{"id":984,"href":"https:\/\/tribunadapraia.com.br\/index.php?rest_route=\/wp\/v2\/posts\/982\/revisions\/984"}],"wp:featuredmedia":[{"embeddable":true,"href":"https:\/\/tribunadapraia.com.br\/index.php?rest_route=\/wp\/v2\/media\/983"}],"wp:attachment":[{"href":"https:\/\/tribunadapraia.com.br\/index.php?rest_route=%2Fwp%2Fv2%2Fmedia&parent=982"}],"wp:term":[{"taxonomy":"category","embeddable":true,"href":"https:\/\/tribunadapraia.com.br\/index.php?rest_route=%2Fwp%2Fv2%2Fcategories&post=982"},{"taxonomy":"post_tag","embeddable":true,"href":"https:\/\/tribunadapraia.com.br\/index.php?rest_route=%2Fwp%2Fv2%2Ftags&post=982"}],"curies":[{"name":"wp","href":"https:\/\/api.w.org\/{rel}","templated":true}]}}