{"id":965,"date":"2020-03-29T11:00:24","date_gmt":"2020-03-29T14:00:24","guid":{"rendered":"https:\/\/tribunadapraia.com.br\/?p=965"},"modified":"2020-03-29T11:12:56","modified_gmt":"2020-03-29T14:12:56","slug":"fique-de-olho-que-a-vaidade-e-a-arrogancia-nao-atropelem-a-grandeza-da-humildade-na-hora-da-decisao","status":"publish","type":"post","link":"https:\/\/tribunadapraia.com.br\/?p=965","title":{"rendered":"FIQUE DE OLHO: Que a vaidade e a arrog\u00e2ncia n\u00e3o atropelem a grandeza da humildade na hora da decis\u00e3o"},"content":{"rendered":"<p>Est\u00e1 chegando a hora da on\u00e7a beber \u00e1gua &#8211; prazo para filia\u00e7\u00e3o partid\u00e1ria terminar\u00e1 s\u00e1bado, 04 de abril<\/p>\n<p>por ClaudOmir Herzog<\/p>\n<p>No retorno da Coluna FIQUE DE OLHO, vamos descortinar o que tem dificultado a unidade da oposi\u00e7\u00e3o em Pirambu que ter\u00e1 como advers\u00e1rio principal o atual vice-prefeito Guilherme Melo, que ir\u00e1 a disputa com o apoio do atual prefeito \u00c9lio Martins e do ex-deputado federal Andr\u00e9 Moura. Mas antes a opisi\u00e7\u00e3o ter\u00e1 que derrotar suas pr\u00f3prias barreiras que atravacam seu caminho: a vaidade, a arrog\u00e2ncia e o orgulho, que precisam serem debelados para pavimentar o caminho da humildade, um gesto de grandeza cada vez mais escasso entre nossos pol\u00edticos que s\u00f3 pensam em se dar bem, um detrimento de um povo que padece da coniv\u00eancia e omiss\u00e3o (detalhes nesta segunda-feira, 30, \u00e0s 7 da manh\u00e3, no programa A Voz do Povo, pela web R\u00e1dio Serigy).<\/p>\n<p>\u25a0 Forma\u00e7\u00e3o das equipes<\/p>\n<p>Estamos nos aproximando do final do per\u00edodo em que os pretensos candidatos a prefeito, vice-prefeito e vereadores devem efetuar at\u00e9 o pr\u00f3ximo sabado, 04 de abril, suas filia\u00e7\u00f5es partid\u00e1rias, ato jur\u00eddico necess\u00e1rio para os habilitar \u00e0s conven\u00e7\u00f5es que acontecer\u00e3o em julho.<\/p>\n<p>\u25a0 Apenas nomes novos &#8230;<\/p>\n<p>Os atuais vereadores e as atuais vereadoras que dever\u00e3o disputar a reelei\u00e7\u00e3o, ter\u00e3o dificuldades de permanecer com seus mandatos, pois ningu\u00e9m em s\u00e3 consci\u00eancia quer servir de escada e com o fim das coliga\u00e7\u00f5es, partidos como o PT e PSB n\u00e3o estariam dispostos a abrig\u00e1-los&#8230; que n\u00e3o venham com o argumento coercitivo de que eles ser\u00e3o puxadores de voto, pois seus filmes est\u00e3o queimados.<\/p>\n<p>\u25a0 Cl\u00e9bio e Guilherne pingaram<\/p>\n<p>Convidados em duas oportunidades para conceder entrevistas na R\u00e1dio Serigy, o vice-prefeito Guilherme Melo e o l\u00edder da oposi\u00e7\u00e3o na C\u00e2mara de Vereadores, Cl\u00e9bio Gomes, pingaram: o primeiro n\u00e3o deu resposta e o segundo faltou ao compromisso.<\/p>\n<p>\u25a0 Jucy Tavares no PT<\/p>\n<p>A professora, consultora pedag\u00f3gica, sindicalista e comunicadora popular Jucileide Tavares estar\u00e1 se filiando ao PT e se credenciando como pr\u00e9-candidata a vereadora nas elei\u00e7\u00f5es de outubro.<\/p>\n<p>\u25a0 Luizinho Pereira definir\u00e1 rumo esta semana .<\/p>\n<p>O presidente municipal do Cidadania, investigador particular e comunicador popular Luizinho Pereira foi aconselhado a migrar para um partido que lhe permita viabilidade eleitoral, mas ele decidir\u00e1 se vai ou se fica esta semana, antes por\u00e9m, ouvindo amigos e correligion\u00e1rios. O Cidadania tem 10 pr\u00e9-candidados a vereador, mas &#8230;<\/p>\n<p>(*) ClaudOmir Herzog Tavares (51) \u00e9 professor, comunicador popular e coordenador da Rede Popular de Comunica\u00e7\u00e3o Alternativa de Sergipe<\/p>\n","protected":false},"excerpt":{"rendered":"<p>Est\u00e1 chegando a hora da on\u00e7a beber \u00e1gua &#8211; prazo para filia\u00e7\u00e3o partid\u00e1ria terminar\u00e1 s\u00e1bado, 04 de abril por ClaudOmir Herzog No retorno da Coluna FIQUE DE OLHO, vamos descortinar o que tem dificultado a unidade da oposi\u00e7\u00e3o em Pirambu que ter\u00e1 como advers\u00e1rio principal o atual vice-prefeito Guilherme Melo, que ir\u00e1 a disputa com o apoio do atual prefeito \u00c9lio Martins e do ex-deputado federal Andr\u00e9 Moura. Mas antes<\/p>\n","protected":false},"author":3,"featured_media":782,"comment_status":"open","ping_status":"open","sticky":false,"template":"","format":"standard","meta":[],"categories":[18],"tags":[],"yoast_head":"<!-- This site is optimized with the Yoast SEO plugin v16.3 - https:\/\/yoast.com\/wordpress\/plugins\/seo\/ -->\n<title>FIQUE DE OLHO: Que a vaidade e a arrog\u00e2ncia n\u00e3o atropelem a grandeza da humildade na hora da decis\u00e3o - TRIBUNA DA PRAIA<\/title>\n<meta name=\"robots\" content=\"index, follow, max-snippet:-1, max-image-preview:large, max-video-preview:-1\" \/>\n<link rel=\"canonical\" href=\"https:\/\/tribunadapraia.com.br\/?p=965\" \/>\n<meta property=\"og:locale\" content=\"pt_BR\" \/>\n<meta property=\"og:type\" content=\"article\" \/>\n<meta property=\"og:title\" content=\"FIQUE DE OLHO: Que a vaidade e a arrog\u00e2ncia n\u00e3o atropelem a grandeza da humildade na hora da decis\u00e3o - TRIBUNA DA PRAIA\" \/>\n<meta property=\"og:description\" content=\"Est\u00e1 chegando a hora da on\u00e7a beber \u00e1gua &#8211; prazo para filia\u00e7\u00e3o partid\u00e1ria terminar\u00e1 s\u00e1bado, 04 de abril por ClaudOmir Herzog No retorno da Coluna FIQUE DE OLHO, vamos descortinar o que tem dificultado a unidade da oposi\u00e7\u00e3o em Pirambu que ter\u00e1 como advers\u00e1rio principal o atual vice-prefeito Guilherme Melo, que ir\u00e1 a disputa com o apoio do atual prefeito \u00c9lio Martins e do ex-deputado federal Andr\u00e9 Moura. Mas antes\" \/>\n<meta property=\"og:url\" content=\"https:\/\/tribunadapraia.com.br\/?p=965\" \/>\n<meta property=\"og:site_name\" content=\"TRIBUNA DA PRAIA\" \/>\n<meta property=\"article:publisher\" content=\"https:\/\/www.facebook.com\/tribunadapraiaonline\/\" \/>\n<meta property=\"article:published_time\" content=\"2020-03-29T14:00:24+00:00\" \/>\n<meta property=\"article:modified_time\" content=\"2020-03-29T14:12:56+00:00\" \/>\n<meta property=\"og:image\" content=\"https:\/\/tribunadapraia.com.br\/wp-content\/uploads\/2020\/03\/IMG-20200322-WA0094.jpg\" \/>\n\t<meta property=\"og:image:width\" content=\"806\" \/>\n\t<meta property=\"og:image:height\" content=\"444\" \/>\n<meta name=\"twitter:card\" content=\"summary_large_image\" \/>\n<meta name=\"twitter:creator\" content=\"@Claudomir21\" \/>\n<meta name=\"twitter:site\" content=\"@Claudomir21\" \/>\n<meta name=\"twitter:label1\" content=\"Est. tempo de leitura\">\n\t<meta name=\"twitter:data1\" content=\"2 minutos\">\n<script type=\"application\/ld+json\" class=\"yoast-schema-graph\">{\"@context\":\"https:\/\/schema.org\",\"@graph\":[{\"@type\":\"Organization\",\"@id\":\"https:\/\/tribunadapraia.com.br\/#organization\",\"name\":\"Tribuna da Praia\",\"url\":\"https:\/\/tribunadapraia.com.br\/\",\"sameAs\":[\"https:\/\/www.facebook.com\/tribunadapraiaonline\/\",\"https:\/\/www.instagram.com\/claudomirtavares\/\",\"https:\/\/www.youtube.com\/channel\/UCwQf80nxiMzCefAyjbp53Rw\",\"https:\/\/twitter.com\/Claudomir21\"],\"logo\":{\"@type\":\"ImageObject\",\"@id\":\"https:\/\/tribunadapraia.com.br\/#logo\",\"inLanguage\":\"pt-BR\",\"url\":\"https:\/\/tribunadapraia.com.br\/wp-content\/uploads\/2020\/02\/logo.png\",\"contentUrl\":\"https:\/\/tribunadapraia.com.br\/wp-content\/uploads\/2020\/02\/logo.png\",\"width\":501,\"height\":121,\"caption\":\"Tribuna da Praia\"},\"image\":{\"@id\":\"https:\/\/tribunadapraia.com.br\/#logo\"}},{\"@type\":\"WebSite\",\"@id\":\"https:\/\/tribunadapraia.com.br\/#website\",\"url\":\"https:\/\/tribunadapraia.com.br\/\",\"name\":\"TRIBUNA DA PRAIA\",\"description\":\"O 1\\u00ba jornal do interior de Sergipe na internet\",\"publisher\":{\"@id\":\"https:\/\/tribunadapraia.com.br\/#organization\"},\"potentialAction\":[{\"@type\":\"SearchAction\",\"target\":\"https:\/\/tribunadapraia.com.br\/?s={search_term_string}\",\"query-input\":\"required name=search_term_string\"}],\"inLanguage\":\"pt-BR\"},{\"@type\":\"ImageObject\",\"@id\":\"https:\/\/tribunadapraia.com.br\/?p=965#primaryimage\",\"inLanguage\":\"pt-BR\",\"url\":\"https:\/\/tribunadapraia.com.br\/wp-content\/uploads\/2020\/03\/IMG-20200322-WA0094.jpg\",\"contentUrl\":\"https:\/\/tribunadapraia.com.br\/wp-content\/uploads\/2020\/03\/IMG-20200322-WA0094.jpg\",\"width\":806,\"height\":444},{\"@type\":\"WebPage\",\"@id\":\"https:\/\/tribunadapraia.com.br\/?p=965#webpage\",\"url\":\"https:\/\/tribunadapraia.com.br\/?p=965\",\"name\":\"FIQUE DE OLHO: Que a vaidade e a arrog\\u00e2ncia n\\u00e3o atropelem a grandeza da humildade na hora da decis\\u00e3o - TRIBUNA DA PRAIA\",\"isPartOf\":{\"@id\":\"https:\/\/tribunadapraia.com.br\/#website\"},\"primaryImageOfPage\":{\"@id\":\"https:\/\/tribunadapraia.com.br\/?p=965#primaryimage\"},\"datePublished\":\"2020-03-29T14:00:24+00:00\",\"dateModified\":\"2020-03-29T14:12:56+00:00\",\"breadcrumb\":{\"@id\":\"https:\/\/tribunadapraia.com.br\/?p=965#breadcrumb\"},\"inLanguage\":\"pt-BR\",\"potentialAction\":[{\"@type\":\"ReadAction\",\"target\":[\"https:\/\/tribunadapraia.com.br\/?p=965\"]}]},{\"@type\":\"BreadcrumbList\",\"@id\":\"https:\/\/tribunadapraia.com.br\/?p=965#breadcrumb\",\"itemListElement\":[{\"@type\":\"ListItem\",\"position\":1,\"item\":{\"@type\":\"WebPage\",\"@id\":\"https:\/\/tribunadapraia.com.br\/\",\"url\":\"https:\/\/tribunadapraia.com.br\/\",\"name\":\"In\\u00edcio\"}},{\"@type\":\"ListItem\",\"position\":2,\"item\":{\"@id\":\"https:\/\/tribunadapraia.com.br\/?p=965#webpage\"}}]},{\"@type\":\"Article\",\"@id\":\"https:\/\/tribunadapraia.com.br\/?p=965#article\",\"isPartOf\":{\"@id\":\"https:\/\/tribunadapraia.com.br\/?p=965#webpage\"},\"author\":{\"@id\":\"https:\/\/tribunadapraia.com.br\/#\/schema\/person\/099fbbf59acc5895c0d7d52b4fc46c97\"},\"headline\":\"FIQUE DE OLHO: Que a vaidade e a arrog\\u00e2ncia n\\u00e3o atropelem a grandeza da humildade na hora da decis\\u00e3o\",\"datePublished\":\"2020-03-29T14:00:24+00:00\",\"dateModified\":\"2020-03-29T14:12:56+00:00\",\"mainEntityOfPage\":{\"@id\":\"https:\/\/tribunadapraia.com.br\/?p=965#webpage\"},\"wordCount\":462,\"commentCount\":0,\"publisher\":{\"@id\":\"https:\/\/tribunadapraia.com.br\/#organization\"},\"image\":{\"@id\":\"https:\/\/tribunadapraia.com.br\/?p=965#primaryimage\"},\"thumbnailUrl\":\"https:\/\/tribunadapraia.com.br\/wp-content\/uploads\/2020\/03\/IMG-20200322-WA0094.jpg\",\"articleSection\":[\"Not\\u00edcias\"],\"inLanguage\":\"pt-BR\",\"potentialAction\":[{\"@type\":\"CommentAction\",\"name\":\"Comment\",\"target\":[\"https:\/\/tribunadapraia.com.br\/?p=965#respond\"]}]},{\"@type\":\"Person\",\"@id\":\"https:\/\/tribunadapraia.com.br\/#\/schema\/person\/099fbbf59acc5895c0d7d52b4fc46c97\",\"name\":\"Reda\\u00e7\\u00e3o\",\"image\":{\"@type\":\"ImageObject\",\"@id\":\"https:\/\/tribunadapraia.com.br\/#personlogo\",\"inLanguage\":\"pt-BR\",\"url\":\"https:\/\/secure.gravatar.com\/avatar\/91c8b91d2bfd7784eac5c3e055361f64?s=96&d=identicon&r=g\",\"contentUrl\":\"https:\/\/secure.gravatar.com\/avatar\/91c8b91d2bfd7784eac5c3e055361f64?s=96&d=identicon&r=g\",\"caption\":\"Reda\\u00e7\\u00e3o\"}}]}<\/script>\n<!-- \/ Yoast SEO plugin. -->","wps_subtitle":"","_links":{"self":[{"href":"https:\/\/tribunadapraia.com.br\/index.php?rest_route=\/wp\/v2\/posts\/965"}],"collection":[{"href":"https:\/\/tribunadapraia.com.br\/index.php?rest_route=\/wp\/v2\/posts"}],"about":[{"href":"https:\/\/tribunadapraia.com.br\/index.php?rest_route=\/wp\/v2\/types\/post"}],"author":[{"embeddable":true,"href":"https:\/\/tribunadapraia.com.br\/index.php?rest_route=\/wp\/v2\/users\/3"}],"replies":[{"embeddable":true,"href":"https:\/\/tribunadapraia.com.br\/index.php?rest_route=%2Fwp%2Fv2%2Fcomments&post=965"}],"version-history":[{"count":3,"href":"https:\/\/tribunadapraia.com.br\/index.php?rest_route=\/wp\/v2\/posts\/965\/revisions"}],"predecessor-version":[{"id":970,"href":"https:\/\/tribunadapraia.com.br\/index.php?rest_route=\/wp\/v2\/posts\/965\/revisions\/970"}],"wp:featuredmedia":[{"embeddable":true,"href":"https:\/\/tribunadapraia.com.br\/index.php?rest_route=\/wp\/v2\/media\/782"}],"wp:attachment":[{"href":"https:\/\/tribunadapraia.com.br\/index.php?rest_route=%2Fwp%2Fv2%2Fmedia&parent=965"}],"wp:term":[{"taxonomy":"category","embeddable":true,"href":"https:\/\/tribunadapraia.com.br\/index.php?rest_route=%2Fwp%2Fv2%2Fcategories&post=965"},{"taxonomy":"post_tag","embeddable":true,"href":"https:\/\/tribunadapraia.com.br\/index.php?rest_route=%2Fwp%2Fv2%2Ftags&post=965"}],"curies":[{"name":"wp","href":"https:\/\/api.w.org\/{rel}","templated":true}]}}