{"id":961,"date":"2020-03-29T09:26:40","date_gmt":"2020-03-29T12:26:40","guid":{"rendered":"https:\/\/tribunadapraia.com.br\/?p=961"},"modified":"2020-03-29T09:28:31","modified_gmt":"2020-03-29T12:28:31","slug":"ha-30-anos-surto-de-meningite-em-pirambu-ceifou-a-vida-de-dois-adolescentes-em-tempos-de-pandemia","status":"publish","type":"post","link":"https:\/\/tribunadapraia.com.br\/?p=961","title":{"rendered":"H\u00c1 30 ANOS: Surto de Meningite ceifou \u00e0 vida de seis pirambuenses"},"content":{"rendered":"<p>Em tempos de pandemiado Covid-19 (coronav\u00edrus), vamos relembrar que h\u00e1 cerca de 30 anos, um surto de Meningite, diagnosticada como Meningoc\u00f3cica do Tipo B, ceifou \u00e0 vida de seis pessoas, de alcunha Vadinho de Papadinha, Taladem de Z\u00e9 &#8220;Paio\u00e7a&#8221;, Beb\u00e9 de Dona Tereza, Toinho de Tonho Lagarticha, Ninho de Dona Lourdes e Ivone de Dona Nazilde, que n\u00e3o resistiram e vieram a \u00f3bito, numa grande como\u00e7\u00e3o para a cidade, cujo p\u00e2nico a sobressaltou.<\/p>\n<p><img loading=\"lazy\" class=\"alignnone size-medium wp-image-962\" src=\"https:\/\/tribunadapraia.com.br\/wp-content\/uploads\/2020\/03\/IMG-20200329-WA0013-300x199.jpg\" alt=\"\" width=\"300\" height=\"199\" srcset=\"https:\/\/tribunadapraia.com.br\/wp-content\/uploads\/2020\/03\/IMG-20200329-WA0013-300x200.jpg 300w, https:\/\/tribunadapraia.com.br\/wp-content\/uploads\/2020\/03\/IMG-20200329-WA0013.jpg 550w\" sizes=\"(max-width: 300px) 100vw, 300px\" \/><\/p>\n<p>Era prefeito de Pirambu C\u00e9sar Vladimir de Bomfim Rocha (1989\/1992), que tinha como secret\u00e1ria de sa\u00fade S\u00edlvia Maria de Vasconcelos Palmrira Cruz, que sensibilizados pelo mandato popular da vereadora Iv\u00e2nia Pereira da Silva, atual presidente do Sindicato dos Banc\u00e1rios de Sergipe (foto), do Clube Ecol\u00f3gico de Pirambu (Clubinho da Tartaruga), do jornal Tribuna da Praia, uniram-se e mobilizaran a comunidade que se dirigiu at\u00e9 a porta do Pal\u00e1cio Serigy, em Aracaju, para pedir que a Secretaria de Estado da Saude intercedesse em car\u00e1ter curativo e remedi\u00e1vel.<\/p>\n<p>A vacina para imuniza\u00e7\u00e3o teria que ser importada de Cuba, mas n\u00e3o chegou a cidade que a partir daquele momento adotou medidas paliativas de preven\u00e7\u00e3o.<\/p>\n<p>por ClaudOmir Herzor<\/p>\n","protected":false},"excerpt":{"rendered":"<p>Em tempos de pandemiado Covid-19 (coronav\u00edrus), vamos relembrar que h\u00e1 cerca de 30 anos, um surto de Meningite, diagnosticada como Meningoc\u00f3cica do Tipo B, ceifou \u00e0 vida de seis pessoas, de alcunha Vadinho de Papadinha, Taladem de Z\u00e9 &#8220;Paio\u00e7a&#8221;, Beb\u00e9 de Dona Tereza, Toinho de Tonho Lagarticha, Ninho de Dona Lourdes e Ivone de Dona Nazilde, que n\u00e3o resistiram e vieram a \u00f3bito, numa grande como\u00e7\u00e3o para a cidade, cujo<\/p>\n","protected":false},"author":3,"featured_media":963,"comment_status":"open","ping_status":"open","sticky":false,"template":"","format":"standard","meta":[],"categories":[18],"tags":[],"yoast_head":"<!-- This site is optimized with the Yoast SEO plugin v16.3 - https:\/\/yoast.com\/wordpress\/plugins\/seo\/ -->\n<title>H\u00c1 30 ANOS: Surto de Meningite ceifou \u00e0 vida de seis pirambuenses - TRIBUNA DA PRAIA<\/title>\n<meta name=\"robots\" content=\"index, follow, max-snippet:-1, max-image-preview:large, max-video-preview:-1\" \/>\n<link rel=\"canonical\" href=\"https:\/\/tribunadapraia.com.br\/?p=961\" \/>\n<meta property=\"og:locale\" content=\"pt_BR\" \/>\n<meta property=\"og:type\" content=\"article\" \/>\n<meta property=\"og:title\" content=\"H\u00c1 30 ANOS: Surto de Meningite ceifou \u00e0 vida de seis pirambuenses - TRIBUNA DA PRAIA\" \/>\n<meta property=\"og:description\" content=\"Em tempos de pandemiado Covid-19 (coronav\u00edrus), vamos relembrar que h\u00e1 cerca de 30 anos, um surto de Meningite, diagnosticada como Meningoc\u00f3cica do Tipo B, ceifou \u00e0 vida de seis pessoas, de alcunha Vadinho de Papadinha, Taladem de Z\u00e9 &#8220;Paio\u00e7a&#8221;, Beb\u00e9 de Dona Tereza, Toinho de Tonho Lagarticha, Ninho de Dona Lourdes e Ivone de Dona Nazilde, que n\u00e3o resistiram e vieram a \u00f3bito, numa grande como\u00e7\u00e3o para a cidade, cujo\" \/>\n<meta property=\"og:url\" content=\"https:\/\/tribunadapraia.com.br\/?p=961\" \/>\n<meta property=\"og:site_name\" content=\"TRIBUNA DA PRAIA\" \/>\n<meta property=\"article:publisher\" content=\"https:\/\/www.facebook.com\/tribunadapraiaonline\/\" \/>\n<meta property=\"article:published_time\" content=\"2020-03-29T12:26:40+00:00\" \/>\n<meta property=\"article:modified_time\" content=\"2020-03-29T12:28:31+00:00\" \/>\n<meta property=\"og:image\" content=\"https:\/\/tribunadapraia.com.br\/wp-content\/uploads\/2020\/03\/IMG-20200329-WA0007.jpg\" \/>\n\t<meta property=\"og:image:width\" content=\"300\" \/>\n\t<meta property=\"og:image:height\" content=\"201\" \/>\n<meta name=\"twitter:card\" content=\"summary_large_image\" \/>\n<meta name=\"twitter:creator\" content=\"@Claudomir21\" \/>\n<meta name=\"twitter:site\" content=\"@Claudomir21\" \/>\n<meta name=\"twitter:label1\" content=\"Est. tempo de leitura\">\n\t<meta name=\"twitter:data1\" content=\"1 minuto\">\n<script type=\"application\/ld+json\" class=\"yoast-schema-graph\">{\"@context\":\"https:\/\/schema.org\",\"@graph\":[{\"@type\":\"Organization\",\"@id\":\"https:\/\/tribunadapraia.com.br\/#organization\",\"name\":\"Tribuna da Praia\",\"url\":\"https:\/\/tribunadapraia.com.br\/\",\"sameAs\":[\"https:\/\/www.facebook.com\/tribunadapraiaonline\/\",\"https:\/\/www.instagram.com\/claudomirtavares\/\",\"https:\/\/www.youtube.com\/channel\/UCwQf80nxiMzCefAyjbp53Rw\",\"https:\/\/twitter.com\/Claudomir21\"],\"logo\":{\"@type\":\"ImageObject\",\"@id\":\"https:\/\/tribunadapraia.com.br\/#logo\",\"inLanguage\":\"pt-BR\",\"url\":\"https:\/\/tribunadapraia.com.br\/wp-content\/uploads\/2020\/02\/logo.png\",\"contentUrl\":\"https:\/\/tribunadapraia.com.br\/wp-content\/uploads\/2020\/02\/logo.png\",\"width\":501,\"height\":121,\"caption\":\"Tribuna da Praia\"},\"image\":{\"@id\":\"https:\/\/tribunadapraia.com.br\/#logo\"}},{\"@type\":\"WebSite\",\"@id\":\"https:\/\/tribunadapraia.com.br\/#website\",\"url\":\"https:\/\/tribunadapraia.com.br\/\",\"name\":\"TRIBUNA DA PRAIA\",\"description\":\"O 1\\u00ba jornal do interior de Sergipe na internet\",\"publisher\":{\"@id\":\"https:\/\/tribunadapraia.com.br\/#organization\"},\"potentialAction\":[{\"@type\":\"SearchAction\",\"target\":\"https:\/\/tribunadapraia.com.br\/?s={search_term_string}\",\"query-input\":\"required name=search_term_string\"}],\"inLanguage\":\"pt-BR\"},{\"@type\":\"ImageObject\",\"@id\":\"https:\/\/tribunadapraia.com.br\/?p=961#primaryimage\",\"inLanguage\":\"pt-BR\",\"url\":\"https:\/\/tribunadapraia.com.br\/wp-content\/uploads\/2020\/03\/IMG-20200329-WA0007.jpg\",\"contentUrl\":\"https:\/\/tribunadapraia.com.br\/wp-content\/uploads\/2020\/03\/IMG-20200329-WA0007.jpg\",\"width\":300,\"height\":201},{\"@type\":\"WebPage\",\"@id\":\"https:\/\/tribunadapraia.com.br\/?p=961#webpage\",\"url\":\"https:\/\/tribunadapraia.com.br\/?p=961\",\"name\":\"H\\u00c1 30 ANOS: Surto de Meningite ceifou \\u00e0 vida de seis pirambuenses - TRIBUNA DA PRAIA\",\"isPartOf\":{\"@id\":\"https:\/\/tribunadapraia.com.br\/#website\"},\"primaryImageOfPage\":{\"@id\":\"https:\/\/tribunadapraia.com.br\/?p=961#primaryimage\"},\"datePublished\":\"2020-03-29T12:26:40+00:00\",\"dateModified\":\"2020-03-29T12:28:31+00:00\",\"breadcrumb\":{\"@id\":\"https:\/\/tribunadapraia.com.br\/?p=961#breadcrumb\"},\"inLanguage\":\"pt-BR\",\"potentialAction\":[{\"@type\":\"ReadAction\",\"target\":[\"https:\/\/tribunadapraia.com.br\/?p=961\"]}]},{\"@type\":\"BreadcrumbList\",\"@id\":\"https:\/\/tribunadapraia.com.br\/?p=961#breadcrumb\",\"itemListElement\":[{\"@type\":\"ListItem\",\"position\":1,\"item\":{\"@type\":\"WebPage\",\"@id\":\"https:\/\/tribunadapraia.com.br\/\",\"url\":\"https:\/\/tribunadapraia.com.br\/\",\"name\":\"In\\u00edcio\"}},{\"@type\":\"ListItem\",\"position\":2,\"item\":{\"@id\":\"https:\/\/tribunadapraia.com.br\/?p=961#webpage\"}}]},{\"@type\":\"Article\",\"@id\":\"https:\/\/tribunadapraia.com.br\/?p=961#article\",\"isPartOf\":{\"@id\":\"https:\/\/tribunadapraia.com.br\/?p=961#webpage\"},\"author\":{\"@id\":\"https:\/\/tribunadapraia.com.br\/#\/schema\/person\/099fbbf59acc5895c0d7d52b4fc46c97\"},\"headline\":\"H\\u00c1 30 ANOS: Surto de Meningite ceifou \\u00e0 vida de seis pirambuenses\",\"datePublished\":\"2020-03-29T12:26:40+00:00\",\"dateModified\":\"2020-03-29T12:28:31+00:00\",\"mainEntityOfPage\":{\"@id\":\"https:\/\/tribunadapraia.com.br\/?p=961#webpage\"},\"wordCount\":213,\"commentCount\":0,\"publisher\":{\"@id\":\"https:\/\/tribunadapraia.com.br\/#organization\"},\"image\":{\"@id\":\"https:\/\/tribunadapraia.com.br\/?p=961#primaryimage\"},\"thumbnailUrl\":\"https:\/\/tribunadapraia.com.br\/wp-content\/uploads\/2020\/03\/IMG-20200329-WA0007.jpg\",\"articleSection\":[\"Not\\u00edcias\"],\"inLanguage\":\"pt-BR\",\"potentialAction\":[{\"@type\":\"CommentAction\",\"name\":\"Comment\",\"target\":[\"https:\/\/tribunadapraia.com.br\/?p=961#respond\"]}]},{\"@type\":\"Person\",\"@id\":\"https:\/\/tribunadapraia.com.br\/#\/schema\/person\/099fbbf59acc5895c0d7d52b4fc46c97\",\"name\":\"Reda\\u00e7\\u00e3o\",\"image\":{\"@type\":\"ImageObject\",\"@id\":\"https:\/\/tribunadapraia.com.br\/#personlogo\",\"inLanguage\":\"pt-BR\",\"url\":\"https:\/\/secure.gravatar.com\/avatar\/91c8b91d2bfd7784eac5c3e055361f64?s=96&d=identicon&r=g\",\"contentUrl\":\"https:\/\/secure.gravatar.com\/avatar\/91c8b91d2bfd7784eac5c3e055361f64?s=96&d=identicon&r=g\",\"caption\":\"Reda\\u00e7\\u00e3o\"}}]}<\/script>\n<!-- \/ Yoast SEO plugin. -->","wps_subtitle":"","_links":{"self":[{"href":"https:\/\/tribunadapraia.com.br\/index.php?rest_route=\/wp\/v2\/posts\/961"}],"collection":[{"href":"https:\/\/tribunadapraia.com.br\/index.php?rest_route=\/wp\/v2\/posts"}],"about":[{"href":"https:\/\/tribunadapraia.com.br\/index.php?rest_route=\/wp\/v2\/types\/post"}],"author":[{"embeddable":true,"href":"https:\/\/tribunadapraia.com.br\/index.php?rest_route=\/wp\/v2\/users\/3"}],"replies":[{"embeddable":true,"href":"https:\/\/tribunadapraia.com.br\/index.php?rest_route=%2Fwp%2Fv2%2Fcomments&post=961"}],"version-history":[{"count":3,"href":"https:\/\/tribunadapraia.com.br\/index.php?rest_route=\/wp\/v2\/posts\/961\/revisions"}],"predecessor-version":[{"id":968,"href":"https:\/\/tribunadapraia.com.br\/index.php?rest_route=\/wp\/v2\/posts\/961\/revisions\/968"}],"wp:featuredmedia":[{"embeddable":true,"href":"https:\/\/tribunadapraia.com.br\/index.php?rest_route=\/wp\/v2\/media\/963"}],"wp:attachment":[{"href":"https:\/\/tribunadapraia.com.br\/index.php?rest_route=%2Fwp%2Fv2%2Fmedia&parent=961"}],"wp:term":[{"taxonomy":"category","embeddable":true,"href":"https:\/\/tribunadapraia.com.br\/index.php?rest_route=%2Fwp%2Fv2%2Fcategories&post=961"},{"taxonomy":"post_tag","embeddable":true,"href":"https:\/\/tribunadapraia.com.br\/index.php?rest_route=%2Fwp%2Fv2%2Ftags&post=961"}],"curies":[{"name":"wp","href":"https:\/\/api.w.org\/{rel}","templated":true}]}}