{"id":945,"date":"2020-03-28T03:22:51","date_gmt":"2020-03-28T06:22:51","guid":{"rendered":"https:\/\/tribunadapraia.com.br\/?p=945"},"modified":"2020-03-28T03:23:42","modified_gmt":"2020-03-28T06:23:42","slug":"dominguinhos-em-estancia-a-esperanca-e-vermelha","status":"publish","type":"post","link":"https:\/\/tribunadapraia.com.br\/?p=945","title":{"rendered":"DOMINGUINHOS: Em Est\u00e2ncia, a esperan\u00e7a \u00e9 vermelha"},"content":{"rendered":"<p>Pr\u00e9-candidato uniu o partido e caminha para ampliar com outras for\u00e7as pol\u00edticas<\/p>\n<p>Militante hist\u00f3rico da esquerda sergipana, o ex-vereador Jos\u00e9 Doningos Machado Soares, o Dominguinhos do PT, 48 anos, \u00e9 um dos mais qualificados quadros da pol\u00edtica estanciana e se credencia como alternativa para unificar a oposi\u00e7\u00e3o e disputar a prefeitura da cidade jardim.<\/p>\n<p>Operoso ex-diretor da DRE-1 sediada em sua cidade, professor de Hist\u00f3ria (formado pela Universidade Federal de Sergipe) da rede estadual, radialista comunit\u00e1rio e de inimit\u00e1vel capacidade discursiva\/argumentativa, foi contempor\u00e2neo no movimrnto estudantil do bi\u00f3logo M\u00e1rcio Macedo, pr\u00e9-candidato a prefeito de Aracaju pelo seu partido e do historiador ClaudOmir Herzog, dirigente do PCB\/Sergipe, testemunhos dos predicados pol\u00edticos e de seu imenso esp\u00f3lio intelectual em uma cidade marcada ao longo da Hist\u00f3ria por refer\u00eancias desta cepa, que incluem seus companheiros de lutas e de sonhos como Arthur, Dudu, Joaldo, entre outros valorosos lutadores do povo sergipano.<\/p>\n<p>por Ant\u00f4nio Madeira<\/p>\n","protected":false},"excerpt":{"rendered":"<p>Pr\u00e9-candidato uniu o partido e caminha para ampliar com outras for\u00e7as pol\u00edticas Militante hist\u00f3rico da esquerda sergipana, o ex-vereador Jos\u00e9 Doningos Machado Soares, o Dominguinhos do PT, 48 anos, \u00e9 um dos mais qualificados quadros da pol\u00edtica estanciana e se credencia como alternativa para unificar a oposi\u00e7\u00e3o e disputar a prefeitura da cidade jardim. Operoso ex-diretor da DRE-1 sediada em sua cidade, professor de Hist\u00f3ria (formado pela Universidade Federal de<\/p>\n","protected":false},"author":1,"featured_media":946,"comment_status":"open","ping_status":"open","sticky":false,"template":"","format":"standard","meta":[],"categories":[18],"tags":[],"yoast_head":"<!-- This site is optimized with the Yoast SEO plugin v16.3 - https:\/\/yoast.com\/wordpress\/plugins\/seo\/ -->\n<title>DOMINGUINHOS: Em Est\u00e2ncia, a esperan\u00e7a \u00e9 vermelha - TRIBUNA DA PRAIA<\/title>\n<meta name=\"robots\" content=\"index, follow, max-snippet:-1, max-image-preview:large, max-video-preview:-1\" \/>\n<link rel=\"canonical\" href=\"https:\/\/tribunadapraia.com.br\/?p=945\" \/>\n<meta property=\"og:locale\" content=\"pt_BR\" \/>\n<meta property=\"og:type\" content=\"article\" \/>\n<meta property=\"og:title\" content=\"DOMINGUINHOS: Em Est\u00e2ncia, a esperan\u00e7a \u00e9 vermelha - TRIBUNA DA PRAIA\" \/>\n<meta property=\"og:description\" content=\"Pr\u00e9-candidato uniu o partido e caminha para ampliar com outras for\u00e7as pol\u00edticas Militante hist\u00f3rico da esquerda sergipana, o ex-vereador Jos\u00e9 Doningos Machado Soares, o Dominguinhos do PT, 48 anos, \u00e9 um dos mais qualificados quadros da pol\u00edtica estanciana e se credencia como alternativa para unificar a oposi\u00e7\u00e3o e disputar a prefeitura da cidade jardim. Operoso ex-diretor da DRE-1 sediada em sua cidade, professor de Hist\u00f3ria (formado pela Universidade Federal de\" \/>\n<meta property=\"og:url\" content=\"https:\/\/tribunadapraia.com.br\/?p=945\" \/>\n<meta property=\"og:site_name\" content=\"TRIBUNA DA PRAIA\" \/>\n<meta property=\"article:publisher\" content=\"https:\/\/www.facebook.com\/tribunadapraiaonline\/\" \/>\n<meta property=\"article:published_time\" content=\"2020-03-28T06:22:51+00:00\" \/>\n<meta property=\"article:modified_time\" content=\"2020-03-28T06:23:42+00:00\" \/>\n<meta property=\"og:image\" content=\"https:\/\/tribunadapraia.com.br\/wp-content\/uploads\/2020\/03\/IMG-20200328-WA0007.jpg\" \/>\n\t<meta property=\"og:image:width\" content=\"520\" \/>\n\t<meta property=\"og:image:height\" content=\"480\" \/>\n<meta name=\"twitter:card\" content=\"summary_large_image\" \/>\n<meta name=\"twitter:creator\" content=\"@Claudomir21\" \/>\n<meta name=\"twitter:site\" content=\"@Claudomir21\" \/>\n<meta name=\"twitter:label1\" content=\"Est. tempo de leitura\">\n\t<meta name=\"twitter:data1\" content=\"1 minuto\">\n<script type=\"application\/ld+json\" class=\"yoast-schema-graph\">{\"@context\":\"https:\/\/schema.org\",\"@graph\":[{\"@type\":\"Organization\",\"@id\":\"https:\/\/tribunadapraia.com.br\/#organization\",\"name\":\"Tribuna da Praia\",\"url\":\"https:\/\/tribunadapraia.com.br\/\",\"sameAs\":[\"https:\/\/www.facebook.com\/tribunadapraiaonline\/\",\"https:\/\/www.instagram.com\/claudomirtavares\/\",\"https:\/\/www.youtube.com\/channel\/UCwQf80nxiMzCefAyjbp53Rw\",\"https:\/\/twitter.com\/Claudomir21\"],\"logo\":{\"@type\":\"ImageObject\",\"@id\":\"https:\/\/tribunadapraia.com.br\/#logo\",\"inLanguage\":\"pt-BR\",\"url\":\"https:\/\/tribunadapraia.com.br\/wp-content\/uploads\/2020\/02\/logo.png\",\"contentUrl\":\"https:\/\/tribunadapraia.com.br\/wp-content\/uploads\/2020\/02\/logo.png\",\"width\":501,\"height\":121,\"caption\":\"Tribuna da Praia\"},\"image\":{\"@id\":\"https:\/\/tribunadapraia.com.br\/#logo\"}},{\"@type\":\"WebSite\",\"@id\":\"https:\/\/tribunadapraia.com.br\/#website\",\"url\":\"https:\/\/tribunadapraia.com.br\/\",\"name\":\"TRIBUNA DA PRAIA\",\"description\":\"O 1\\u00ba jornal do interior de Sergipe na internet\",\"publisher\":{\"@id\":\"https:\/\/tribunadapraia.com.br\/#organization\"},\"potentialAction\":[{\"@type\":\"SearchAction\",\"target\":\"https:\/\/tribunadapraia.com.br\/?s={search_term_string}\",\"query-input\":\"required name=search_term_string\"}],\"inLanguage\":\"pt-BR\"},{\"@type\":\"ImageObject\",\"@id\":\"https:\/\/tribunadapraia.com.br\/?p=945#primaryimage\",\"inLanguage\":\"pt-BR\",\"url\":\"https:\/\/tribunadapraia.com.br\/wp-content\/uploads\/2020\/03\/IMG-20200328-WA0007.jpg\",\"contentUrl\":\"https:\/\/tribunadapraia.com.br\/wp-content\/uploads\/2020\/03\/IMG-20200328-WA0007.jpg\",\"width\":520,\"height\":480},{\"@type\":\"WebPage\",\"@id\":\"https:\/\/tribunadapraia.com.br\/?p=945#webpage\",\"url\":\"https:\/\/tribunadapraia.com.br\/?p=945\",\"name\":\"DOMINGUINHOS: Em Est\\u00e2ncia, a esperan\\u00e7a \\u00e9 vermelha - TRIBUNA DA PRAIA\",\"isPartOf\":{\"@id\":\"https:\/\/tribunadapraia.com.br\/#website\"},\"primaryImageOfPage\":{\"@id\":\"https:\/\/tribunadapraia.com.br\/?p=945#primaryimage\"},\"datePublished\":\"2020-03-28T06:22:51+00:00\",\"dateModified\":\"2020-03-28T06:23:42+00:00\",\"breadcrumb\":{\"@id\":\"https:\/\/tribunadapraia.com.br\/?p=945#breadcrumb\"},\"inLanguage\":\"pt-BR\",\"potentialAction\":[{\"@type\":\"ReadAction\",\"target\":[\"https:\/\/tribunadapraia.com.br\/?p=945\"]}]},{\"@type\":\"BreadcrumbList\",\"@id\":\"https:\/\/tribunadapraia.com.br\/?p=945#breadcrumb\",\"itemListElement\":[{\"@type\":\"ListItem\",\"position\":1,\"item\":{\"@type\":\"WebPage\",\"@id\":\"https:\/\/tribunadapraia.com.br\/\",\"url\":\"https:\/\/tribunadapraia.com.br\/\",\"name\":\"In\\u00edcio\"}},{\"@type\":\"ListItem\",\"position\":2,\"item\":{\"@id\":\"https:\/\/tribunadapraia.com.br\/?p=945#webpage\"}}]},{\"@type\":\"Article\",\"@id\":\"https:\/\/tribunadapraia.com.br\/?p=945#article\",\"isPartOf\":{\"@id\":\"https:\/\/tribunadapraia.com.br\/?p=945#webpage\"},\"author\":{\"@id\":\"https:\/\/tribunadapraia.com.br\/#\/schema\/person\/326b0a9f3163b479142c64eba4928de0\"},\"headline\":\"DOMINGUINHOS: Em Est\\u00e2ncia, a esperan\\u00e7a \\u00e9 vermelha\",\"datePublished\":\"2020-03-28T06:22:51+00:00\",\"dateModified\":\"2020-03-28T06:23:42+00:00\",\"mainEntityOfPage\":{\"@id\":\"https:\/\/tribunadapraia.com.br\/?p=945#webpage\"},\"wordCount\":177,\"commentCount\":0,\"publisher\":{\"@id\":\"https:\/\/tribunadapraia.com.br\/#organization\"},\"image\":{\"@id\":\"https:\/\/tribunadapraia.com.br\/?p=945#primaryimage\"},\"thumbnailUrl\":\"https:\/\/tribunadapraia.com.br\/wp-content\/uploads\/2020\/03\/IMG-20200328-WA0007.jpg\",\"articleSection\":[\"Not\\u00edcias\"],\"inLanguage\":\"pt-BR\",\"potentialAction\":[{\"@type\":\"CommentAction\",\"name\":\"Comment\",\"target\":[\"https:\/\/tribunadapraia.com.br\/?p=945#respond\"]}]},{\"@type\":\"Person\",\"@id\":\"https:\/\/tribunadapraia.com.br\/#\/schema\/person\/326b0a9f3163b479142c64eba4928de0\",\"name\":\"tribunadapraia\",\"image\":{\"@type\":\"ImageObject\",\"@id\":\"https:\/\/tribunadapraia.com.br\/#personlogo\",\"inLanguage\":\"pt-BR\",\"url\":\"https:\/\/secure.gravatar.com\/avatar\/38b019c74762496076b7355024a0dad9?s=96&d=identicon&r=g\",\"contentUrl\":\"https:\/\/secure.gravatar.com\/avatar\/38b019c74762496076b7355024a0dad9?s=96&d=identicon&r=g\",\"caption\":\"tribunadapraia\"}}]}<\/script>\n<!-- \/ Yoast SEO plugin. -->","wps_subtitle":"","_links":{"self":[{"href":"https:\/\/tribunadapraia.com.br\/index.php?rest_route=\/wp\/v2\/posts\/945"}],"collection":[{"href":"https:\/\/tribunadapraia.com.br\/index.php?rest_route=\/wp\/v2\/posts"}],"about":[{"href":"https:\/\/tribunadapraia.com.br\/index.php?rest_route=\/wp\/v2\/types\/post"}],"author":[{"embeddable":true,"href":"https:\/\/tribunadapraia.com.br\/index.php?rest_route=\/wp\/v2\/users\/1"}],"replies":[{"embeddable":true,"href":"https:\/\/tribunadapraia.com.br\/index.php?rest_route=%2Fwp%2Fv2%2Fcomments&post=945"}],"version-history":[{"count":1,"href":"https:\/\/tribunadapraia.com.br\/index.php?rest_route=\/wp\/v2\/posts\/945\/revisions"}],"predecessor-version":[{"id":947,"href":"https:\/\/tribunadapraia.com.br\/index.php?rest_route=\/wp\/v2\/posts\/945\/revisions\/947"}],"wp:featuredmedia":[{"embeddable":true,"href":"https:\/\/tribunadapraia.com.br\/index.php?rest_route=\/wp\/v2\/media\/946"}],"wp:attachment":[{"href":"https:\/\/tribunadapraia.com.br\/index.php?rest_route=%2Fwp%2Fv2%2Fmedia&parent=945"}],"wp:term":[{"taxonomy":"category","embeddable":true,"href":"https:\/\/tribunadapraia.com.br\/index.php?rest_route=%2Fwp%2Fv2%2Fcategories&post=945"},{"taxonomy":"post_tag","embeddable":true,"href":"https:\/\/tribunadapraia.com.br\/index.php?rest_route=%2Fwp%2Fv2%2Ftags&post=945"}],"curies":[{"name":"wp","href":"https:\/\/api.w.org\/{rel}","templated":true}]}}