{"id":941,"date":"2020-03-28T01:32:00","date_gmt":"2020-03-28T04:32:00","guid":{"rendered":"https:\/\/tribunadapraia.com.br\/?p=941"},"modified":"2020-03-28T01:32:00","modified_gmt":"2020-03-28T04:32:00","slug":"lembrancas-do-canal-uma-viagem-pelas-memorias-guardadas-do-povoado-onde-nasci-e-guardo-as-primeiras-lembrancas-que-ajudaram-a-formar-a-minha-personalidade","status":"publish","type":"post","link":"https:\/\/tribunadapraia.com.br\/?p=941","title":{"rendered":"Lembran\u00e7as do Canal: Uma viagem pelas mem\u00f3rias guardadas do povoado onde nasci e guardo as primeiras lembran\u00e7as que ajudaram a formar a minha personalidade"},"content":{"rendered":"<p>por Claudomir Tavares (*)<\/p>\n<p>\u201cA vida \u00e9 como uma caixa de bombons&#8230;<br \/>\nvoc\u00ea nunca sabe o que vai encontrar\u201d<br \/>\n(Forest Gump)<\/p>\n<p>Pr\u00f3logo<\/p>\n<p>O filme \u2018Forest Gump: O Contador de Hist\u00f3rias\u2019, (Paramonunt, Pictures, dire\u00e7\u00e3o Robert Zeemeckisi) \u00e9 um triunfo cinematogr\u00e1fico que se tornou um fen\u00f4meno. Tom Hanks apresenta uma impressionante interpreta\u00e7\u00e3o como Forest, um homem comum cuja simplicidade e inoc\u00eancia v\u00e3o influenciar uma gera\u00e7\u00e3o\u00b9. N\u00e3o temos a inoc\u00eancia de Forest, mas procuramos \u2018imit\u00e1-lo\u2019 em suas virtudes. Utilizamos o exemplo do enredo do filme vencedor de 6 oscar\u2019s para ilustrar o procedimento que adotaremos para expressar nesta s\u00e9rie de textos onde procuraremos contar a Hist\u00f3ria do Canal de S\u00e3o Sebasti\u00e3o, povoado da Barra dos Coqueiros, distante da sede do munic\u00edpio 24 quil\u00f4metros e da vizinha cidade de Pirambu apenas quatro quil\u00f4metros.<\/p>\n<p>O povoado Canal de S\u00e3o Sebasti\u00e3o era na metade do s\u00e9culo XX uma comunidade que n\u00e3o reunia mais que dez resid\u00eancias fixadas as margens do Canal do Pomonga,\u201cProjeto de um canal de navega\u00e7\u00e3o entre o Rio Japaratuba, e o Rio Pomonga, estudo sob a dire\u00e7\u00e3o do Exm. Sr. Dr. Manuel da Cunha Galv\u00e3o, Presidente da Prov\u00edncia, pelo Engenheiro Civil Euz\u00e9bio Stevaux\u201d, (SANTOS, 2005) constru\u00edda na metade do s\u00e9culo XIX pelo Imp\u00e9rio do Brasil e que teve navegando em suas \u00e1guas o Imperador Dom Pedro II.<br \/>\nA partir dos anos 50 incorporou parte da popula\u00e7\u00e3o que migrava do povoado Porto Grande, comunidade distante 2 quil\u00f4metros, e que dava seus \u00faltimos f\u00f4legos, perdendo outra parte de sua gente para o visinho povoado Pirambu (no munic\u00edpio de Japaratuba) e povoados de Santo Amaro das Brotas e Barra dos Coqueiros.<br \/>\n\u201cAquela obra important\u00edssima n\u00e3o podia deixar de merecer a aten\u00e7\u00e3o de S. M. o Imperador durante sua estada em Sergipe. Zeloso como \u00e9 S. M. por tudo que diz respeito aos melhoramentos do Pa\u00eds, procura sempre a ocasi\u00e3o de por si mesmo estuda-los, examinando minuciosamente o que a eles \u00e9 concernente\u201d. (SANTOS, 2005).<br \/>\nA partir de hoje, sempre as quarta-feiras (esta \u00e9 a proposta, inicialmente) vamos levantar informa\u00e7\u00f5es sobre esta comunidade que atualmente constitui-se em uma refer\u00eancia de turismo e lazer dos visitantes de Pirambu, Barra dos Coqueiros e Santo Amaro das Brotas, principalmente nos finais de semana. N\u00e3o se trata de dar conta da totalidade da sua Hist\u00f3ria, mas contribuir como um de seus filhos que veio ao mundo \u00e0s 10h30mins do dia 28 de Julho de 1968 (esta \u00e9 data da minha Certid\u00e3o de Nascimento, mas segundo minha m\u00e3e o dia foi 29 de Julho), atrav\u00e9s das m\u00e3os das parteiras \u2018M\u00e3e Mafalda\u2019 (que morava em Pirambu) e \u2018M\u00e3o Maria\u2019 (que morava no vizinho povoado Touro), fruto do amor entre dona Edim\u00ea Tavares da Silva (im memorian) e seu Francisco Pereira da Silva (Sisinho).<\/p>\n<p>Testemunho da Hist\u00f3ria do Brasil<\/p>\n<p>No per\u00edodo de novembro de 1859 a fevereiro de 1860, o Imperador, Dom Pedro II visitou as prov\u00edncias do Norte do Brasil, para acompanhar de perto as realiza\u00e7\u00f5es do governo imperial e conhecer de perto (ainda mais) o pa\u00eds que governava desde 1840 (ele permaneceu at\u00e9 1889, quando foi deposto pelo golpe que proclamou a Rep\u00fablica Federativa do Brasil). Neste per\u00edodo ele visitou Aracaju, Ilha dos Coqueiros (onde atualmente est\u00e1 a cidade de Barra dos Coqueiros), Maruim, Laranjeiras, Santo Amaro das Brotas, Propri\u00e1, Pirambu, entre outras vilas, cidades e povoa\u00e7\u00f5es de Sergipe.<\/p>\n<p>No dia 16 de Janeiro de 1960 (Sergipe deve se preparar para as comemora\u00e7\u00f5es em 2010 dos 150 anos da visita do Imperador Dom Pedro II a prov\u00edncia) Pirambu (voz do Rio Japaratuba), do lado da Barra dos Coqueiros), Porto Grande (onde atualmente est\u00e1 as ru\u00ednas da Igreja de Bom Jesus dos Navegantes, padroeiro do extinto povoado), ao local onde seria habitado o atual Canal de S\u00e3o Sebasti\u00e3o (as margens do Canal do Pomonga), e da\u00ed, at\u00e9 o Angelim, pr\u00f3ximo do atual povoado Jatob\u00e1, na Barra dos Coqueiros.<\/p>\n<p>Visita ao Canal do Pomonga e Japaratuba<\/p>\n<p>Havia um projeto de ligar por canais os rios Real ao S\u00e3o Francisco, construindo entre eles os canais de Santa Maria \u2013 Pitanga\/Poxim (entre S\u00e3o Crist\u00f3v\u00e3o e Aracaju), Pomonga (entre os atuais limites de Barra dos Coqueiros e Santo Amaro das Brotas) e Japaratuba (entre a regi\u00e3o das Pedras, pr\u00f3ximo aos atuais povoados Flecheiras, em Santo Amaro das Brotas e Bebedouro, em Pirambu, ao Coxo, pr\u00f3ximo ao povoado Aguilhadas, encurtando o percurso que antes era serpenteado e que passou a ser chamado Rio das Pedras, que vai da Fazenda Arapiraca a Aguilhadas).<\/p>\n<p>Preparando a visita \u2013 Para conhecer de perto esta grandiosa obra, o empreendedor (termo bastante utilizado na atualidade) Imperador Dom Pedro II resolveu visitar:<\/p>\n<p>\u201cNo dia 16 de Janeiro, apesar de ter chegado de Laranjeiras a 1 hora da madrugada, \u00e0 s 5 horas da manh\u00e3 estava S. M. de p\u00e9 para ir visitar o canal do Pomonga e Japaratuba. \u00c0s 6 horas da manh\u00e3 saiu o Imperador do Pa\u00e7o, acompanhado de toda sua comitiva, menos o Sr. Vereador Pedreira, e o Sr. Mordomo Melo, que ficaram no Pa\u00e7o ao servi\u00e7o de S. M. a Imperatriz, e o Sr. C\u00f4nego Melo, que ficou ao lado do Sr. Dion\u00edsio Feij\u00f3, que se achava muito doente. Al\u00e9m da comitiva, acompanham a S. M. o Sr. Presidente da Prov\u00edncia, o Sr. Chefe de Policia, e muitos outros Cavalheiros, e entre os quais os dois Engenheiros ao servi\u00e7o da Prov\u00edncia. \u00c0s 6 horas da manh\u00e3 embarca para a barra dos coqueiros, donde tinha de ir por terra examinar os lugares por onde passaria o canal.\u201d (SANTOS, 2005).<br \/>\nBarra do Japaratuba \u2013 As 09 horas estava a comitiva no povoado Porto Grande.<br \/>\n\u201cO embarque no Aracaj\u00fa, e o desembarque na barra dos Coqueiros foi acompanhado das cerim\u00f4nias do estilo. Da barra dos Coqueiros segue S. M. para o Porto-grande, lugar que fica \u00e0 margem do Japaratuba. Da\u00ed vai at\u00e9 a barra do Japaratuba, onde chegou as 9 horas da manh\u00e3. Examinou minuciosamente este lugar, fazendo algumas perguntas sobre a profundidade do rio neste lugar, e o embara\u00e7os que existem na sa\u00edda da barra. Dali voltou para o Porto-grande, onde almo\u00e7ou em casa do Sr. G\u00f3es. Neste lugar ouviu S. M. os pobres, e as pessoas que o procuravam para ter a honra de beijar-lhe a m\u00e3o.\u201d (SANTOS, 2005).<br \/>\nNo Canal do Pomonga \u2013 O Imperador Dom Pedro II percorreu todo o trecho compreendido entre o encontro do Canal do Pomonga com o Rio Japaratuba, at\u00e9 o Angelim, onde este encontrava-se com o Rio Pomonga, que a partir da\u00ed segue caudaloso at\u00e9 o seu encontro com o Rio Sergipe (que a \u00e9poca era chamado de Cotinguiba).<br \/>\n\u201c\u00c0s 11 \u00bc horas 2 embarcou S. M. na galeota, acompanhado do Sr. Engenheiro Pirro, que levava a planta do Pomonga e Japaratuba, e o projeto de canaliza\u00e7\u00e3o feito pelo Sr. Stevaux, de que acima damos noticia. Na galeota percorreu S. M. todo o canal existente entre o Pomonga e Japaratuba, fazendo minuciosas reflex\u00f5es a respeito da dire\u00e7\u00e3o deste canal, e comparando-a com a do outro projetado. (,,,)Foi uma das viagens mais inc\u00f4modas para o Imperador. Possa a visita imperial a estes lugares servir de incentivo aos representantes da Prov\u00edncia para empenharem seus esfor\u00e7os a fim de darem todo o adiantamento a esta obra, fazendo convergir para ela os recursos da Prov\u00edncia de Sergipe.\u201d (SANTOS, 2005).<br \/>\nO local onde depois seria edificado o atual povoado de Canal de S\u00e3o Sebasti\u00e3o entrava definitivamente para a Hist\u00f3ria de Sergipe e do Brasil, pelas raz\u00f5es elencadas acima, registrada pela pena de Luiz \u00c1lvares dos Santos.<\/p>\n<p>Continua&#8230;<br \/>\n_______________________<br \/>\n* Claudomir Tavares (40) \u00e9 professor de Hist\u00f3ria, Sociedade e Cultura da Escola Municipal M\u00e1rio Trindade Cruz (Pirambu), de Hist\u00f3ria, Filosofia, Sociologia e Cultura Sergipana no Col\u00e9gio Estadual Joana de Freitas Barbosa (Propri\u00e1). Licenciado em Hist\u00f3ria pela UFS, com P\u00f3s Gradua\u00e7\u00e3o em Gest\u00e3o de Recursos H\u00eddricos (Aperfei\u00e7oamento \u2013 Conclu\u00eddo \/ Cursando Especializa\u00e7\u00e3o) pela UFS e Did\u00e1tica e Metodologia do Ensino Superior pela Faculdade S\u00e3o Lu\u00eds de Fran\u00e7a. \u00c9 presidente do Comit\u00ea da Bacia Hidrogr\u00e1fica do Rio Japaratuba, membro fundador da Sociedade S\u00f3cio-Ambiental do Vale do Japaratuba (SOS Rio Japaratuba), presidente municipal e secret\u00e1rio estadual de movimentos sociais do Partido Verde e Diretor-Fundador da Tribuna da Praia<\/p>\n<p>Refer\u00eancias:<\/p>\n<p>SANTOS, Luiz \u00c1lvares do. Viagem Imperial a Prov\u00edncia de Sergipe. 2\u00aa Ed. Revisada e Anotada. (Introdu\u00e7\u00e3o e notas de Luiz Ant\u00f4nio Barreto). Aracaju: Degrase, 2005. pp 163-206. (No Prelo)<\/p>\n<p>Notas:<\/p>\n<p>\u00b9 Forest Gump: O Contador de Hist\u00f3ria. Distribui\u00e7\u00e3o: Paramonunt Pictures. Dire\u00e7\u00e3o: Robert Zemeckisi. Cor, 142 min (Vencedor de 6 Oscar\u2019s, incluindo o de melhor filme)<br \/>\n2 Correspondente a 11h15min.<br \/>\nO local onde depois seria edificado o atual povoado de Canal de S\u00e3o Sebasti\u00e3o entrava definitivamente para a Hist\u00f3ria de Sergipe e do Brasil, pelas raz\u00f5es elencadas acima, registrada pela pena de Luiz \u00c1lvares dos Santos.No Canal do Pomonga \u2013 O Imperador Dom Pedro II percorreu todo o trecho compreendido entre o encontro do Canal do Pomonga com o Rio Japaratuba, at\u00e9 o Angelim, onde este encontrava-se com o Rio Pomonga, que a partir da\u00ed segue caudaloso at\u00e9 o seu encontro com o Rio Sergipe (que a \u00e9poca era chamado de Cotinguiba).Barra do Japaratuba \u2013 As 09 horas estava a comitiva no povoado Porto Grande.<\/p>\n<p>Publucado originalmente em: http:\/\/claudomirtavares.blogspot.com\/2010\/01\/lembrancas-do-canal-i.html?m=1<\/p>\n","protected":false},"excerpt":{"rendered":"<p>por Claudomir Tavares (*) \u201cA vida \u00e9 como uma caixa de bombons&#8230; voc\u00ea nunca sabe o que vai encontrar\u201d (Forest Gump) Pr\u00f3logo O filme \u2018Forest Gump: O Contador de Hist\u00f3rias\u2019, (Paramonunt, Pictures, dire\u00e7\u00e3o Robert Zeemeckisi) \u00e9 um triunfo cinematogr\u00e1fico que se tornou um fen\u00f4meno. Tom Hanks apresenta uma impressionante interpreta\u00e7\u00e3o como Forest, um homem comum cuja simplicidade e inoc\u00eancia v\u00e3o influenciar uma gera\u00e7\u00e3o\u00b9. N\u00e3o temos a inoc\u00eancia de Forest, mas<\/p>\n","protected":false},"author":3,"featured_media":942,"comment_status":"open","ping_status":"open","sticky":false,"template":"","format":"standard","meta":[],"categories":[18],"tags":[],"yoast_head":"<!-- This site is optimized with the Yoast SEO plugin v16.3 - https:\/\/yoast.com\/wordpress\/plugins\/seo\/ -->\n<title>Lembran\u00e7as do Canal: Uma viagem pelas mem\u00f3rias guardadas do povoado onde nasci e guardo as primeiras lembran\u00e7as que ajudaram a formar a minha personalidade - TRIBUNA DA PRAIA<\/title>\n<meta name=\"robots\" content=\"index, follow, max-snippet:-1, max-image-preview:large, max-video-preview:-1\" \/>\n<link rel=\"canonical\" href=\"https:\/\/tribunadapraia.com.br\/?p=941\" \/>\n<meta property=\"og:locale\" content=\"pt_BR\" \/>\n<meta property=\"og:type\" content=\"article\" \/>\n<meta property=\"og:title\" content=\"Lembran\u00e7as do Canal: Uma viagem pelas mem\u00f3rias guardadas do povoado onde nasci e guardo as primeiras lembran\u00e7as que ajudaram a formar a minha personalidade - TRIBUNA DA PRAIA\" \/>\n<meta property=\"og:description\" content=\"por Claudomir Tavares (*) \u201cA vida \u00e9 como uma caixa de bombons&#8230; voc\u00ea nunca sabe o que vai encontrar\u201d (Forest Gump) Pr\u00f3logo O filme \u2018Forest Gump: O Contador de Hist\u00f3rias\u2019, (Paramonunt, Pictures, dire\u00e7\u00e3o Robert Zeemeckisi) \u00e9 um triunfo cinematogr\u00e1fico que se tornou um fen\u00f4meno. Tom Hanks apresenta uma impressionante interpreta\u00e7\u00e3o como Forest, um homem comum cuja simplicidade e inoc\u00eancia v\u00e3o influenciar uma gera\u00e7\u00e3o\u00b9. N\u00e3o temos a inoc\u00eancia de Forest, mas\" \/>\n<meta property=\"og:url\" content=\"https:\/\/tribunadapraia.com.br\/?p=941\" \/>\n<meta property=\"og:site_name\" content=\"TRIBUNA DA PRAIA\" \/>\n<meta property=\"article:publisher\" content=\"https:\/\/www.facebook.com\/tribunadapraiaonline\/\" \/>\n<meta property=\"article:published_time\" content=\"2020-03-28T04:32:00+00:00\" \/>\n<meta property=\"og:image\" content=\"https:\/\/tribunadapraia.com.br\/wp-content\/uploads\/2020\/03\/IMG-20200328-WA0005.jpg\" \/>\n\t<meta property=\"og:image:width\" content=\"529\" \/>\n\t<meta property=\"og:image:height\" content=\"397\" \/>\n<meta name=\"twitter:card\" content=\"summary_large_image\" \/>\n<meta name=\"twitter:creator\" content=\"@Claudomir21\" \/>\n<meta name=\"twitter:site\" content=\"@Claudomir21\" \/>\n<meta name=\"twitter:label1\" content=\"Est. tempo de leitura\">\n\t<meta name=\"twitter:data1\" content=\"8 minutos\">\n<script type=\"application\/ld+json\" class=\"yoast-schema-graph\">{\"@context\":\"https:\/\/schema.org\",\"@graph\":[{\"@type\":\"Organization\",\"@id\":\"https:\/\/tribunadapraia.com.br\/#organization\",\"name\":\"Tribuna da Praia\",\"url\":\"https:\/\/tribunadapraia.com.br\/\",\"sameAs\":[\"https:\/\/www.facebook.com\/tribunadapraiaonline\/\",\"https:\/\/www.instagram.com\/claudomirtavares\/\",\"https:\/\/www.youtube.com\/channel\/UCwQf80nxiMzCefAyjbp53Rw\",\"https:\/\/twitter.com\/Claudomir21\"],\"logo\":{\"@type\":\"ImageObject\",\"@id\":\"https:\/\/tribunadapraia.com.br\/#logo\",\"inLanguage\":\"pt-BR\",\"url\":\"https:\/\/tribunadapraia.com.br\/wp-content\/uploads\/2020\/02\/logo.png\",\"contentUrl\":\"https:\/\/tribunadapraia.com.br\/wp-content\/uploads\/2020\/02\/logo.png\",\"width\":501,\"height\":121,\"caption\":\"Tribuna da Praia\"},\"image\":{\"@id\":\"https:\/\/tribunadapraia.com.br\/#logo\"}},{\"@type\":\"WebSite\",\"@id\":\"https:\/\/tribunadapraia.com.br\/#website\",\"url\":\"https:\/\/tribunadapraia.com.br\/\",\"name\":\"TRIBUNA DA PRAIA\",\"description\":\"O 1\\u00ba jornal do interior de Sergipe na internet\",\"publisher\":{\"@id\":\"https:\/\/tribunadapraia.com.br\/#organization\"},\"potentialAction\":[{\"@type\":\"SearchAction\",\"target\":\"https:\/\/tribunadapraia.com.br\/?s={search_term_string}\",\"query-input\":\"required name=search_term_string\"}],\"inLanguage\":\"pt-BR\"},{\"@type\":\"ImageObject\",\"@id\":\"https:\/\/tribunadapraia.com.br\/?p=941#primaryimage\",\"inLanguage\":\"pt-BR\",\"url\":\"https:\/\/tribunadapraia.com.br\/wp-content\/uploads\/2020\/03\/IMG-20200328-WA0005.jpg\",\"contentUrl\":\"https:\/\/tribunadapraia.com.br\/wp-content\/uploads\/2020\/03\/IMG-20200328-WA0005.jpg\",\"width\":529,\"height\":397},{\"@type\":\"WebPage\",\"@id\":\"https:\/\/tribunadapraia.com.br\/?p=941#webpage\",\"url\":\"https:\/\/tribunadapraia.com.br\/?p=941\",\"name\":\"Lembran\\u00e7as do Canal: Uma viagem pelas mem\\u00f3rias guardadas do povoado onde nasci e guardo as primeiras lembran\\u00e7as que ajudaram a formar a minha personalidade - TRIBUNA DA PRAIA\",\"isPartOf\":{\"@id\":\"https:\/\/tribunadapraia.com.br\/#website\"},\"primaryImageOfPage\":{\"@id\":\"https:\/\/tribunadapraia.com.br\/?p=941#primaryimage\"},\"datePublished\":\"2020-03-28T04:32:00+00:00\",\"dateModified\":\"2020-03-28T04:32:00+00:00\",\"breadcrumb\":{\"@id\":\"https:\/\/tribunadapraia.com.br\/?p=941#breadcrumb\"},\"inLanguage\":\"pt-BR\",\"potentialAction\":[{\"@type\":\"ReadAction\",\"target\":[\"https:\/\/tribunadapraia.com.br\/?p=941\"]}]},{\"@type\":\"BreadcrumbList\",\"@id\":\"https:\/\/tribunadapraia.com.br\/?p=941#breadcrumb\",\"itemListElement\":[{\"@type\":\"ListItem\",\"position\":1,\"item\":{\"@type\":\"WebPage\",\"@id\":\"https:\/\/tribunadapraia.com.br\/\",\"url\":\"https:\/\/tribunadapraia.com.br\/\",\"name\":\"In\\u00edcio\"}},{\"@type\":\"ListItem\",\"position\":2,\"item\":{\"@id\":\"https:\/\/tribunadapraia.com.br\/?p=941#webpage\"}}]},{\"@type\":\"Article\",\"@id\":\"https:\/\/tribunadapraia.com.br\/?p=941#article\",\"isPartOf\":{\"@id\":\"https:\/\/tribunadapraia.com.br\/?p=941#webpage\"},\"author\":{\"@id\":\"https:\/\/tribunadapraia.com.br\/#\/schema\/person\/099fbbf59acc5895c0d7d52b4fc46c97\"},\"headline\":\"Lembran\\u00e7as do Canal: Uma viagem pelas mem\\u00f3rias guardadas do povoado onde nasci e guardo as primeiras lembran\\u00e7as que ajudaram a formar a minha personalidade\",\"datePublished\":\"2020-03-28T04:32:00+00:00\",\"dateModified\":\"2020-03-28T04:32:00+00:00\",\"mainEntityOfPage\":{\"@id\":\"https:\/\/tribunadapraia.com.br\/?p=941#webpage\"},\"wordCount\":1623,\"commentCount\":0,\"publisher\":{\"@id\":\"https:\/\/tribunadapraia.com.br\/#organization\"},\"image\":{\"@id\":\"https:\/\/tribunadapraia.com.br\/?p=941#primaryimage\"},\"thumbnailUrl\":\"https:\/\/tribunadapraia.com.br\/wp-content\/uploads\/2020\/03\/IMG-20200328-WA0005.jpg\",\"articleSection\":[\"Not\\u00edcias\"],\"inLanguage\":\"pt-BR\",\"potentialAction\":[{\"@type\":\"CommentAction\",\"name\":\"Comment\",\"target\":[\"https:\/\/tribunadapraia.com.br\/?p=941#respond\"]}]},{\"@type\":\"Person\",\"@id\":\"https:\/\/tribunadapraia.com.br\/#\/schema\/person\/099fbbf59acc5895c0d7d52b4fc46c97\",\"name\":\"Reda\\u00e7\\u00e3o\",\"image\":{\"@type\":\"ImageObject\",\"@id\":\"https:\/\/tribunadapraia.com.br\/#personlogo\",\"inLanguage\":\"pt-BR\",\"url\":\"https:\/\/secure.gravatar.com\/avatar\/91c8b91d2bfd7784eac5c3e055361f64?s=96&d=identicon&r=g\",\"contentUrl\":\"https:\/\/secure.gravatar.com\/avatar\/91c8b91d2bfd7784eac5c3e055361f64?s=96&d=identicon&r=g\",\"caption\":\"Reda\\u00e7\\u00e3o\"}}]}<\/script>\n<!-- \/ Yoast SEO plugin. -->","wps_subtitle":"","_links":{"self":[{"href":"https:\/\/tribunadapraia.com.br\/index.php?rest_route=\/wp\/v2\/posts\/941"}],"collection":[{"href":"https:\/\/tribunadapraia.com.br\/index.php?rest_route=\/wp\/v2\/posts"}],"about":[{"href":"https:\/\/tribunadapraia.com.br\/index.php?rest_route=\/wp\/v2\/types\/post"}],"author":[{"embeddable":true,"href":"https:\/\/tribunadapraia.com.br\/index.php?rest_route=\/wp\/v2\/users\/3"}],"replies":[{"embeddable":true,"href":"https:\/\/tribunadapraia.com.br\/index.php?rest_route=%2Fwp%2Fv2%2Fcomments&post=941"}],"version-history":[{"count":1,"href":"https:\/\/tribunadapraia.com.br\/index.php?rest_route=\/wp\/v2\/posts\/941\/revisions"}],"predecessor-version":[{"id":943,"href":"https:\/\/tribunadapraia.com.br\/index.php?rest_route=\/wp\/v2\/posts\/941\/revisions\/943"}],"wp:featuredmedia":[{"embeddable":true,"href":"https:\/\/tribunadapraia.com.br\/index.php?rest_route=\/wp\/v2\/media\/942"}],"wp:attachment":[{"href":"https:\/\/tribunadapraia.com.br\/index.php?rest_route=%2Fwp%2Fv2%2Fmedia&parent=941"}],"wp:term":[{"taxonomy":"category","embeddable":true,"href":"https:\/\/tribunadapraia.com.br\/index.php?rest_route=%2Fwp%2Fv2%2Fcategories&post=941"},{"taxonomy":"post_tag","embeddable":true,"href":"https:\/\/tribunadapraia.com.br\/index.php?rest_route=%2Fwp%2Fv2%2Ftags&post=941"}],"curies":[{"name":"wp","href":"https:\/\/api.w.org\/{rel}","templated":true}]}}