{"id":929,"date":"2020-03-28T00:01:12","date_gmt":"2020-03-28T03:01:12","guid":{"rendered":"https:\/\/tribunadapraia.com.br\/?p=929"},"modified":"2020-03-27T23:19:30","modified_gmt":"2020-03-28T02:19:30","slug":"abilio-dos-santos-de-caninde-a-propria-a-vida-obra-do-fundador-do-centro-espirita-oxossi-cacador-alberto-amorim","status":"publish","type":"post","link":"https:\/\/tribunadapraia.com.br\/?p=929","title":{"rendered":"AB\u00cdLIO DOS SANTOS, de Canind\u00e9 a Propri\u00e1, a Vida &#038; Obra do fundador do Centro Esp\u00edrita Ox\u00f3ssi Ca\u00e7ador (Alberto Amorim)"},"content":{"rendered":"<p>Ab\u00edlio dos Santos nasceu na cidade de Canind\u00e9 do S\u00e3o Francisco, sert\u00e3o sergipano, no dia 12 de fevereiro de 1932, filho de Jos\u00e9 Avelino de Souza e Docelina Maria da Concei\u00e7\u00e3o. Chegou a Propri\u00e1 pelo Rio S\u00e3o Francisco a bordo da canoa de nome \u201cPirapora\u201d, aos cinco, seis anos de idade juntamente com seus pais e sua irm\u00e3 Vitalina.<\/p>\n<p>Sua primeira morada foi na Rua Nova (Vila Oper\u00e1ria), Aos 11 anos Ab\u00edlio muda-se com seus familiares para a Rua do Sol, onde passa a residir at\u00e9 os 18 anos. Frequentou a escola at\u00e9 a 4\u00aa s\u00e9rie prim\u00e1ria, (hoje equivalente ao 5\u00ba ano do Ensino Fundamental).<\/p>\n<p>Ab\u00edlio, durante sua inf\u00e2ncia passou por diversas dificuldades, seu genitor era deficiente visual, sua genitora prendas do lar. At\u00e9 chegar ao sacerd\u00f3cio no Centro Ox\u00f3ssi Ca\u00e7ador, ele passou por diversas profiss\u00f5es, a primeira foi aos 18 anos como tecel\u00e3o, na F\u00e1brica de Tecidos(Fia\u00e7\u00e3o e Tecelagem de Propri\u00e1.<\/p>\n<p>Sua segunda profiss\u00e3o foi a de jogador de futebol, participando do elenco do Am\u00e9rica Futebol Clube de Propri\u00e1, Ab\u00edlio, foi campe\u00e3o de futebol da zona norte de Sergipe por dois anos, 1958 e 1959. Ainda participou como atleta profissional de futebol pelo Esporte Clube Propri\u00e1, sempre jogando como zagueiro. Sua terceira e \u00faltima profiss\u00e3o foi como pedreiro profissional.<\/p>\n<p>Seus pais, adeptos da religi\u00e3o cat\u00f3lica viram-se em uma situa\u00e7\u00e3o inusitada, seu filho estava sempre acometido, em constantes crises, Segundo Sr. Ab\u00edlio, a primeira experi\u00eancia vivida na religi\u00e3o dos orix\u00e1s deu-se muito cedo, foi quando o levou para o Babalorix\u00e1 \u201cBer\u00edlio\u201d para um tratamento espiritual, onde foi confirmado que ele tinha \u201csanto\u201d Ox\u00f3ssi. Na \u00e9poca Ab\u00edlio tinha entre 15-16 anos.<\/p>\n<p>Aos vinte anos de idade, Ab\u00edlio contrai matrim\u00f4nio com a senhora Valdelice Lima Cardoso, em 15 de novembro de 1952, sua companheira. Desse relacionamento nasce Ieda dos Santos, que segundo dona Valdelice, vem h\u00e1 falecer 23 dias ap\u00f3s o seu nascimento.<\/p>\n<p>Ap\u00f3s a ida de seu Babalorix\u00e1 (Ber\u00edlio) para a cidade de Penedo-Alagoas,e em pouco tempo com o seu falecimento, Ab\u00edlio assume os trabalhos espirituais e funda o Centro Esp\u00edrita Ox\u00f3ssi Ca\u00e7ador em Propri\u00e1\/SE.<\/p>\n<p>Ab\u00edlio, n\u00e3o sabe precisar a data exata do fato, esclarece, por\u00e9m, que j\u00e1 fazia um \u201cbocado de anos, uns 8-10 anos que estava ali\u201d.<\/p>\n<p>Desde aquela \u00e9poca passou a denominar-se no c\u00edrculo religioso, Babalorix\u00e1 Ox\u00f3ssi Mutalamb\u00f4u, sacerdote do Centro Ox\u00f3ssi Ca\u00e7ador em Propri\u00e1\/SE.<\/p>\n<p>Ab\u00edlio como outros Babalorix\u00e1s, enfrentou v\u00e1rios problemas.A partir de ent\u00e3o, Ab\u00edlio jamais se afastou das suas obriga\u00e7\u00f5es espirituais nem doCentro Ox\u00f3ssi, mesmo passando por todo o tipo de intoler\u00e2ncia.<\/p>\n<p>O Babalorix\u00e1 Ox\u00f3ssi Mutalamb\u00f4u (Ab\u00edlio dos Santos), al\u00e9m de agradecer a colabora\u00e7\u00e3o e contribui\u00e7\u00f5es de pessoas, ligadas a ele, reconhece com muita gratid\u00e3o o entusiasmo com que seus filhos e filhas, pais e m\u00e3es pequenos passaram com ele para constru\u00edrem juntos o Centro Esp\u00edrita Ox\u00f3ssi Ca\u00e7ador.<\/p>\n<p>Segundo Ab\u00edlio, foram iniciadas por ele, no decorrer desses intensos 50 anos de sacerd\u00f3cio, mais de duzentas pessoas no Centro Ox\u00f3ssi Ca\u00e7ador, muitas j\u00e1 faleceram, outras deram continuidade abrindo casas em diversas regi\u00f5es. Exemplos s\u00e3o: L\u00eada, Adail, Wilson Ramos e Marlene nas cidades de S\u00e3o Paulo, Bras\u00edlia Curitiba. Segundo Ab\u00edlio, hoje o Centro conta com um grupo de 18 a 20 pessoas, entre m\u00e3es pequenas e Ek\u00e9des (auxiliares femininas das m\u00e3es pequenas) em atividade.<\/p>\n<p>A identifica\u00e7\u00e3o que esse templo, desde a sua forma\u00e7\u00e3o at\u00e9 os dias de hoje, traz em si mesmo e em suas diversas manifesta\u00e7\u00f5es espirituais, o reconhecimento social e a import\u00e2ncia dos servi\u00e7os prestados \u00e0 comunidade e regi\u00e3o, \u00e9 o legado que o Babalorix\u00e1 Ox\u00f3ssi Mutalamb\u00f4u (Ab\u00edlio dos Santos), seus filhos de f\u00e9 e o Centro Esp\u00edrita Ox\u00f3ssi Ca\u00e7ador concedem \u00e0 sociedade propriaense e regi\u00e3o.<\/p>\n<p>por Jos\u00e9 Alberto Amorim (em 06\/12\/2014), professor da rede p\u00fablia estadual de Alagoas e membro do Centro de Cultura de Propri\u00e1<\/p>\n","protected":false},"excerpt":{"rendered":"<p>Ab\u00edlio dos Santos nasceu na cidade de Canind\u00e9 do S\u00e3o Francisco, sert\u00e3o sergipano, no dia 12 de fevereiro de 1932, filho de Jos\u00e9 Avelino de Souza e Docelina Maria da Concei\u00e7\u00e3o. Chegou a Propri\u00e1 pelo Rio S\u00e3o Francisco a bordo da canoa de nome \u201cPirapora\u201d, aos cinco, seis anos de idade juntamente com seus pais e sua irm\u00e3 Vitalina. Sua primeira morada foi na Rua Nova (Vila Oper\u00e1ria), Aos 11<\/p>\n","protected":false},"author":1,"featured_media":930,"comment_status":"open","ping_status":"open","sticky":false,"template":"","format":"standard","meta":[],"categories":[18],"tags":[],"yoast_head":"<!-- This site is optimized with the Yoast SEO plugin v16.3 - https:\/\/yoast.com\/wordpress\/plugins\/seo\/ -->\n<title>AB\u00cdLIO DOS SANTOS, de Canind\u00e9 a Propri\u00e1, a Vida &amp; Obra do fundador do Centro Esp\u00edrita Ox\u00f3ssi Ca\u00e7ador (Alberto Amorim) - TRIBUNA DA PRAIA<\/title>\n<meta name=\"robots\" content=\"index, follow, max-snippet:-1, max-image-preview:large, max-video-preview:-1\" \/>\n<link rel=\"canonical\" href=\"https:\/\/tribunadapraia.com.br\/?p=929\" \/>\n<meta property=\"og:locale\" content=\"pt_BR\" \/>\n<meta property=\"og:type\" content=\"article\" \/>\n<meta property=\"og:title\" content=\"AB\u00cdLIO DOS SANTOS, de Canind\u00e9 a Propri\u00e1, a Vida &amp; Obra do fundador do Centro Esp\u00edrita Ox\u00f3ssi Ca\u00e7ador (Alberto Amorim) - TRIBUNA DA PRAIA\" \/>\n<meta property=\"og:description\" content=\"Ab\u00edlio dos Santos nasceu na cidade de Canind\u00e9 do S\u00e3o Francisco, sert\u00e3o sergipano, no dia 12 de fevereiro de 1932, filho de Jos\u00e9 Avelino de Souza e Docelina Maria da Concei\u00e7\u00e3o. Chegou a Propri\u00e1 pelo Rio S\u00e3o Francisco a bordo da canoa de nome \u201cPirapora\u201d, aos cinco, seis anos de idade juntamente com seus pais e sua irm\u00e3 Vitalina. Sua primeira morada foi na Rua Nova (Vila Oper\u00e1ria), Aos 11\" \/>\n<meta property=\"og:url\" content=\"https:\/\/tribunadapraia.com.br\/?p=929\" \/>\n<meta property=\"og:site_name\" content=\"TRIBUNA DA PRAIA\" \/>\n<meta property=\"article:publisher\" content=\"https:\/\/www.facebook.com\/tribunadapraiaonline\/\" \/>\n<meta property=\"article:published_time\" content=\"2020-03-28T03:01:12+00:00\" \/>\n<meta property=\"article:modified_time\" content=\"2020-03-28T02:19:30+00:00\" \/>\n<meta property=\"og:image\" content=\"https:\/\/tribunadapraia.com.br\/wp-content\/uploads\/2020\/03\/IMG-20200327-WA0138.jpg\" \/>\n\t<meta property=\"og:image:width\" content=\"540\" \/>\n\t<meta property=\"og:image:height\" content=\"523\" \/>\n<meta name=\"twitter:card\" content=\"summary_large_image\" \/>\n<meta name=\"twitter:creator\" content=\"@Claudomir21\" \/>\n<meta name=\"twitter:site\" content=\"@Claudomir21\" \/>\n<meta name=\"twitter:label1\" content=\"Est. tempo de leitura\">\n\t<meta name=\"twitter:data1\" content=\"4 minutos\">\n<script type=\"application\/ld+json\" class=\"yoast-schema-graph\">{\"@context\":\"https:\/\/schema.org\",\"@graph\":[{\"@type\":\"Organization\",\"@id\":\"https:\/\/tribunadapraia.com.br\/#organization\",\"name\":\"Tribuna da Praia\",\"url\":\"https:\/\/tribunadapraia.com.br\/\",\"sameAs\":[\"https:\/\/www.facebook.com\/tribunadapraiaonline\/\",\"https:\/\/www.instagram.com\/claudomirtavares\/\",\"https:\/\/www.youtube.com\/channel\/UCwQf80nxiMzCefAyjbp53Rw\",\"https:\/\/twitter.com\/Claudomir21\"],\"logo\":{\"@type\":\"ImageObject\",\"@id\":\"https:\/\/tribunadapraia.com.br\/#logo\",\"inLanguage\":\"pt-BR\",\"url\":\"https:\/\/tribunadapraia.com.br\/wp-content\/uploads\/2020\/02\/logo.png\",\"contentUrl\":\"https:\/\/tribunadapraia.com.br\/wp-content\/uploads\/2020\/02\/logo.png\",\"width\":501,\"height\":121,\"caption\":\"Tribuna da Praia\"},\"image\":{\"@id\":\"https:\/\/tribunadapraia.com.br\/#logo\"}},{\"@type\":\"WebSite\",\"@id\":\"https:\/\/tribunadapraia.com.br\/#website\",\"url\":\"https:\/\/tribunadapraia.com.br\/\",\"name\":\"TRIBUNA DA PRAIA\",\"description\":\"O 1\\u00ba jornal do interior de Sergipe na internet\",\"publisher\":{\"@id\":\"https:\/\/tribunadapraia.com.br\/#organization\"},\"potentialAction\":[{\"@type\":\"SearchAction\",\"target\":\"https:\/\/tribunadapraia.com.br\/?s={search_term_string}\",\"query-input\":\"required name=search_term_string\"}],\"inLanguage\":\"pt-BR\"},{\"@type\":\"ImageObject\",\"@id\":\"https:\/\/tribunadapraia.com.br\/?p=929#primaryimage\",\"inLanguage\":\"pt-BR\",\"url\":\"https:\/\/tribunadapraia.com.br\/wp-content\/uploads\/2020\/03\/IMG-20200327-WA0138.jpg\",\"contentUrl\":\"https:\/\/tribunadapraia.com.br\/wp-content\/uploads\/2020\/03\/IMG-20200327-WA0138.jpg\",\"width\":540,\"height\":523},{\"@type\":\"WebPage\",\"@id\":\"https:\/\/tribunadapraia.com.br\/?p=929#webpage\",\"url\":\"https:\/\/tribunadapraia.com.br\/?p=929\",\"name\":\"AB\\u00cdLIO DOS SANTOS, de Canind\\u00e9 a Propri\\u00e1, a Vida & Obra do fundador do Centro Esp\\u00edrita Ox\\u00f3ssi Ca\\u00e7ador (Alberto Amorim) - TRIBUNA DA PRAIA\",\"isPartOf\":{\"@id\":\"https:\/\/tribunadapraia.com.br\/#website\"},\"primaryImageOfPage\":{\"@id\":\"https:\/\/tribunadapraia.com.br\/?p=929#primaryimage\"},\"datePublished\":\"2020-03-28T03:01:12+00:00\",\"dateModified\":\"2020-03-28T02:19:30+00:00\",\"breadcrumb\":{\"@id\":\"https:\/\/tribunadapraia.com.br\/?p=929#breadcrumb\"},\"inLanguage\":\"pt-BR\",\"potentialAction\":[{\"@type\":\"ReadAction\",\"target\":[\"https:\/\/tribunadapraia.com.br\/?p=929\"]}]},{\"@type\":\"BreadcrumbList\",\"@id\":\"https:\/\/tribunadapraia.com.br\/?p=929#breadcrumb\",\"itemListElement\":[{\"@type\":\"ListItem\",\"position\":1,\"item\":{\"@type\":\"WebPage\",\"@id\":\"https:\/\/tribunadapraia.com.br\/\",\"url\":\"https:\/\/tribunadapraia.com.br\/\",\"name\":\"In\\u00edcio\"}},{\"@type\":\"ListItem\",\"position\":2,\"item\":{\"@id\":\"https:\/\/tribunadapraia.com.br\/?p=929#webpage\"}}]},{\"@type\":\"Article\",\"@id\":\"https:\/\/tribunadapraia.com.br\/?p=929#article\",\"isPartOf\":{\"@id\":\"https:\/\/tribunadapraia.com.br\/?p=929#webpage\"},\"author\":{\"@id\":\"https:\/\/tribunadapraia.com.br\/#\/schema\/person\/326b0a9f3163b479142c64eba4928de0\"},\"headline\":\"AB\\u00cdLIO DOS SANTOS, de Canind\\u00e9 a Propri\\u00e1, a Vida &#038; Obra do fundador do Centro Esp\\u00edrita Ox\\u00f3ssi Ca\\u00e7ador (Alberto Amorim)\",\"datePublished\":\"2020-03-28T03:01:12+00:00\",\"dateModified\":\"2020-03-28T02:19:30+00:00\",\"mainEntityOfPage\":{\"@id\":\"https:\/\/tribunadapraia.com.br\/?p=929#webpage\"},\"wordCount\":727,\"commentCount\":0,\"publisher\":{\"@id\":\"https:\/\/tribunadapraia.com.br\/#organization\"},\"image\":{\"@id\":\"https:\/\/tribunadapraia.com.br\/?p=929#primaryimage\"},\"thumbnailUrl\":\"https:\/\/tribunadapraia.com.br\/wp-content\/uploads\/2020\/03\/IMG-20200327-WA0138.jpg\",\"articleSection\":[\"Not\\u00edcias\"],\"inLanguage\":\"pt-BR\",\"potentialAction\":[{\"@type\":\"CommentAction\",\"name\":\"Comment\",\"target\":[\"https:\/\/tribunadapraia.com.br\/?p=929#respond\"]}]},{\"@type\":\"Person\",\"@id\":\"https:\/\/tribunadapraia.com.br\/#\/schema\/person\/326b0a9f3163b479142c64eba4928de0\",\"name\":\"tribunadapraia\",\"image\":{\"@type\":\"ImageObject\",\"@id\":\"https:\/\/tribunadapraia.com.br\/#personlogo\",\"inLanguage\":\"pt-BR\",\"url\":\"https:\/\/secure.gravatar.com\/avatar\/38b019c74762496076b7355024a0dad9?s=96&d=identicon&r=g\",\"contentUrl\":\"https:\/\/secure.gravatar.com\/avatar\/38b019c74762496076b7355024a0dad9?s=96&d=identicon&r=g\",\"caption\":\"tribunadapraia\"}}]}<\/script>\n<!-- \/ Yoast SEO plugin. -->","wps_subtitle":"","_links":{"self":[{"href":"https:\/\/tribunadapraia.com.br\/index.php?rest_route=\/wp\/v2\/posts\/929"}],"collection":[{"href":"https:\/\/tribunadapraia.com.br\/index.php?rest_route=\/wp\/v2\/posts"}],"about":[{"href":"https:\/\/tribunadapraia.com.br\/index.php?rest_route=\/wp\/v2\/types\/post"}],"author":[{"embeddable":true,"href":"https:\/\/tribunadapraia.com.br\/index.php?rest_route=\/wp\/v2\/users\/1"}],"replies":[{"embeddable":true,"href":"https:\/\/tribunadapraia.com.br\/index.php?rest_route=%2Fwp%2Fv2%2Fcomments&post=929"}],"version-history":[{"count":2,"href":"https:\/\/tribunadapraia.com.br\/index.php?rest_route=\/wp\/v2\/posts\/929\/revisions"}],"predecessor-version":[{"id":949,"href":"https:\/\/tribunadapraia.com.br\/index.php?rest_route=\/wp\/v2\/posts\/929\/revisions\/949"}],"wp:featuredmedia":[{"embeddable":true,"href":"https:\/\/tribunadapraia.com.br\/index.php?rest_route=\/wp\/v2\/media\/930"}],"wp:attachment":[{"href":"https:\/\/tribunadapraia.com.br\/index.php?rest_route=%2Fwp%2Fv2%2Fmedia&parent=929"}],"wp:term":[{"taxonomy":"category","embeddable":true,"href":"https:\/\/tribunadapraia.com.br\/index.php?rest_route=%2Fwp%2Fv2%2Fcategories&post=929"},{"taxonomy":"post_tag","embeddable":true,"href":"https:\/\/tribunadapraia.com.br\/index.php?rest_route=%2Fwp%2Fv2%2Ftags&post=929"}],"curies":[{"name":"wp","href":"https:\/\/api.w.org\/{rel}","templated":true}]}}