{"id":923,"date":"2020-03-27T21:57:41","date_gmt":"2020-03-28T00:57:41","guid":{"rendered":"https:\/\/tribunadapraia.com.br\/?p=923"},"modified":"2020-03-27T22:00:36","modified_gmt":"2020-03-28T01:00:36","slug":"nao-tenho-medo-de-01-02-03-e-04-nao-tenho-medo-de-bolsonaro-diz-doria","status":"publish","type":"post","link":"https:\/\/tribunadapraia.com.br\/?p=923","title":{"rendered":"N\u00e3o tenho medo de 01, 02, 03 e 04. N\u00e3o tenho medo de Bolsonaro&#8217;, diz Doria"},"content":{"rendered":"<p>O governador de S\u00e3o Paulo, Jo\u00e3o Doria (PSDB), falou sobre as amea\u00e7as que sofreu ontem \u00e0 noite. O pol\u00edtico, que disse ter recebido telefonemas e mensagens com xingamentos, alegou que foi v\u00edtima de uma a\u00e7\u00e3o orquestrada pelo &#8220;gabinete do \u00f3dio&#8221; &#8211; grupo formado por assessores ligados a Carlos Bolsonaro, filho do mandat\u00e1rio e vereador pelo PSC no Rio de Janeiro.<\/p>\n<p>Enquanto concedia entrevista coletiva no Pacaembu, o pol\u00edtico foi alvo de um protesto feito por pessoas favor\u00e1veis ao presidente Jair Bolsonaro (sem partido). Doria n\u00e3o fugiu do embate, disse que n\u00e3o tem medo de cara feia e chegou a usar o termo &#8220;bolsominion&#8221; para se referir aos apoiadores mais enf\u00e1ticos do presidente da Rep\u00fablica.<\/p>\n<p>Felipe Pereira<\/p>\n<p>Do UOL, em S\u00e3o Paulo | imagem: Brasil de Fato<\/p>\n","protected":false},"excerpt":{"rendered":"<p>O governador de S\u00e3o Paulo, Jo\u00e3o Doria (PSDB), falou sobre as amea\u00e7as que sofreu ontem \u00e0 noite. O pol\u00edtico, que disse ter recebido telefonemas e mensagens com xingamentos, alegou que foi v\u00edtima de uma a\u00e7\u00e3o orquestrada pelo &#8220;gabinete do \u00f3dio&#8221; &#8211; grupo formado por assessores ligados a Carlos Bolsonaro, filho do mandat\u00e1rio e vereador pelo PSC no Rio de Janeiro. Enquanto concedia entrevista coletiva no Pacaembu, o pol\u00edtico foi alvo<\/p>\n","protected":false},"author":1,"featured_media":924,"comment_status":"open","ping_status":"open","sticky":false,"template":"","format":"standard","meta":[],"categories":[18],"tags":[],"yoast_head":"<!-- This site is optimized with the Yoast SEO plugin v16.3 - https:\/\/yoast.com\/wordpress\/plugins\/seo\/ -->\n<title>N\u00e3o tenho medo de 01, 02, 03 e 04. N\u00e3o tenho medo de Bolsonaro&#039;, diz Doria - TRIBUNA DA PRAIA<\/title>\n<meta name=\"robots\" content=\"index, follow, max-snippet:-1, max-image-preview:large, max-video-preview:-1\" \/>\n<link rel=\"canonical\" href=\"https:\/\/tribunadapraia.com.br\/?p=923\" \/>\n<meta property=\"og:locale\" content=\"pt_BR\" \/>\n<meta property=\"og:type\" content=\"article\" \/>\n<meta property=\"og:title\" content=\"N\u00e3o tenho medo de 01, 02, 03 e 04. N\u00e3o tenho medo de Bolsonaro&#039;, diz Doria - TRIBUNA DA PRAIA\" \/>\n<meta property=\"og:description\" content=\"O governador de S\u00e3o Paulo, Jo\u00e3o Doria (PSDB), falou sobre as amea\u00e7as que sofreu ontem \u00e0 noite. O pol\u00edtico, que disse ter recebido telefonemas e mensagens com xingamentos, alegou que foi v\u00edtima de uma a\u00e7\u00e3o orquestrada pelo &#8220;gabinete do \u00f3dio&#8221; &#8211; grupo formado por assessores ligados a Carlos Bolsonaro, filho do mandat\u00e1rio e vereador pelo PSC no Rio de Janeiro. Enquanto concedia entrevista coletiva no Pacaembu, o pol\u00edtico foi alvo\" \/>\n<meta property=\"og:url\" content=\"https:\/\/tribunadapraia.com.br\/?p=923\" \/>\n<meta property=\"og:site_name\" content=\"TRIBUNA DA PRAIA\" \/>\n<meta property=\"article:publisher\" content=\"https:\/\/www.facebook.com\/tribunadapraiaonline\/\" \/>\n<meta property=\"article:published_time\" content=\"2020-03-28T00:57:41+00:00\" \/>\n<meta property=\"article:modified_time\" content=\"2020-03-28T01:00:36+00:00\" \/>\n<meta property=\"og:image\" content=\"https:\/\/tribunadapraia.com.br\/wp-content\/uploads\/2020\/03\/IMG-20200327-WA0128.jpg\" \/>\n\t<meta property=\"og:image:width\" content=\"800\" \/>\n\t<meta property=\"og:image:height\" content=\"778\" \/>\n<meta name=\"twitter:card\" content=\"summary_large_image\" \/>\n<meta name=\"twitter:creator\" content=\"@Claudomir21\" \/>\n<meta name=\"twitter:site\" content=\"@Claudomir21\" \/>\n<meta name=\"twitter:label1\" content=\"Est. tempo de leitura\">\n\t<meta name=\"twitter:data1\" content=\"1 minuto\">\n<script type=\"application\/ld+json\" class=\"yoast-schema-graph\">{\"@context\":\"https:\/\/schema.org\",\"@graph\":[{\"@type\":\"Organization\",\"@id\":\"https:\/\/tribunadapraia.com.br\/#organization\",\"name\":\"Tribuna da Praia\",\"url\":\"https:\/\/tribunadapraia.com.br\/\",\"sameAs\":[\"https:\/\/www.facebook.com\/tribunadapraiaonline\/\",\"https:\/\/www.instagram.com\/claudomirtavares\/\",\"https:\/\/www.youtube.com\/channel\/UCwQf80nxiMzCefAyjbp53Rw\",\"https:\/\/twitter.com\/Claudomir21\"],\"logo\":{\"@type\":\"ImageObject\",\"@id\":\"https:\/\/tribunadapraia.com.br\/#logo\",\"inLanguage\":\"pt-BR\",\"url\":\"https:\/\/tribunadapraia.com.br\/wp-content\/uploads\/2020\/02\/logo.png\",\"contentUrl\":\"https:\/\/tribunadapraia.com.br\/wp-content\/uploads\/2020\/02\/logo.png\",\"width\":501,\"height\":121,\"caption\":\"Tribuna da Praia\"},\"image\":{\"@id\":\"https:\/\/tribunadapraia.com.br\/#logo\"}},{\"@type\":\"WebSite\",\"@id\":\"https:\/\/tribunadapraia.com.br\/#website\",\"url\":\"https:\/\/tribunadapraia.com.br\/\",\"name\":\"TRIBUNA DA PRAIA\",\"description\":\"O 1\\u00ba jornal do interior de Sergipe na internet\",\"publisher\":{\"@id\":\"https:\/\/tribunadapraia.com.br\/#organization\"},\"potentialAction\":[{\"@type\":\"SearchAction\",\"target\":\"https:\/\/tribunadapraia.com.br\/?s={search_term_string}\",\"query-input\":\"required name=search_term_string\"}],\"inLanguage\":\"pt-BR\"},{\"@type\":\"ImageObject\",\"@id\":\"https:\/\/tribunadapraia.com.br\/?p=923#primaryimage\",\"inLanguage\":\"pt-BR\",\"url\":\"https:\/\/tribunadapraia.com.br\/wp-content\/uploads\/2020\/03\/IMG-20200327-WA0128.jpg\",\"contentUrl\":\"https:\/\/tribunadapraia.com.br\/wp-content\/uploads\/2020\/03\/IMG-20200327-WA0128.jpg\",\"width\":800,\"height\":778},{\"@type\":\"WebPage\",\"@id\":\"https:\/\/tribunadapraia.com.br\/?p=923#webpage\",\"url\":\"https:\/\/tribunadapraia.com.br\/?p=923\",\"name\":\"N\\u00e3o tenho medo de 01, 02, 03 e 04. N\\u00e3o tenho medo de Bolsonaro', diz Doria - TRIBUNA DA PRAIA\",\"isPartOf\":{\"@id\":\"https:\/\/tribunadapraia.com.br\/#website\"},\"primaryImageOfPage\":{\"@id\":\"https:\/\/tribunadapraia.com.br\/?p=923#primaryimage\"},\"datePublished\":\"2020-03-28T00:57:41+00:00\",\"dateModified\":\"2020-03-28T01:00:36+00:00\",\"breadcrumb\":{\"@id\":\"https:\/\/tribunadapraia.com.br\/?p=923#breadcrumb\"},\"inLanguage\":\"pt-BR\",\"potentialAction\":[{\"@type\":\"ReadAction\",\"target\":[\"https:\/\/tribunadapraia.com.br\/?p=923\"]}]},{\"@type\":\"BreadcrumbList\",\"@id\":\"https:\/\/tribunadapraia.com.br\/?p=923#breadcrumb\",\"itemListElement\":[{\"@type\":\"ListItem\",\"position\":1,\"item\":{\"@type\":\"WebPage\",\"@id\":\"https:\/\/tribunadapraia.com.br\/\",\"url\":\"https:\/\/tribunadapraia.com.br\/\",\"name\":\"In\\u00edcio\"}},{\"@type\":\"ListItem\",\"position\":2,\"item\":{\"@id\":\"https:\/\/tribunadapraia.com.br\/?p=923#webpage\"}}]},{\"@type\":\"Article\",\"@id\":\"https:\/\/tribunadapraia.com.br\/?p=923#article\",\"isPartOf\":{\"@id\":\"https:\/\/tribunadapraia.com.br\/?p=923#webpage\"},\"author\":{\"@id\":\"https:\/\/tribunadapraia.com.br\/#\/schema\/person\/326b0a9f3163b479142c64eba4928de0\"},\"headline\":\"N\\u00e3o tenho medo de 01, 02, 03 e 04. N\\u00e3o tenho medo de Bolsonaro&#8217;, diz Doria\",\"datePublished\":\"2020-03-28T00:57:41+00:00\",\"dateModified\":\"2020-03-28T01:00:36+00:00\",\"mainEntityOfPage\":{\"@id\":\"https:\/\/tribunadapraia.com.br\/?p=923#webpage\"},\"wordCount\":152,\"commentCount\":0,\"publisher\":{\"@id\":\"https:\/\/tribunadapraia.com.br\/#organization\"},\"image\":{\"@id\":\"https:\/\/tribunadapraia.com.br\/?p=923#primaryimage\"},\"thumbnailUrl\":\"https:\/\/tribunadapraia.com.br\/wp-content\/uploads\/2020\/03\/IMG-20200327-WA0128.jpg\",\"articleSection\":[\"Not\\u00edcias\"],\"inLanguage\":\"pt-BR\",\"potentialAction\":[{\"@type\":\"CommentAction\",\"name\":\"Comment\",\"target\":[\"https:\/\/tribunadapraia.com.br\/?p=923#respond\"]}]},{\"@type\":\"Person\",\"@id\":\"https:\/\/tribunadapraia.com.br\/#\/schema\/person\/326b0a9f3163b479142c64eba4928de0\",\"name\":\"tribunadapraia\",\"image\":{\"@type\":\"ImageObject\",\"@id\":\"https:\/\/tribunadapraia.com.br\/#personlogo\",\"inLanguage\":\"pt-BR\",\"url\":\"https:\/\/secure.gravatar.com\/avatar\/38b019c74762496076b7355024a0dad9?s=96&d=identicon&r=g\",\"contentUrl\":\"https:\/\/secure.gravatar.com\/avatar\/38b019c74762496076b7355024a0dad9?s=96&d=identicon&r=g\",\"caption\":\"tribunadapraia\"}}]}<\/script>\n<!-- \/ Yoast SEO plugin. -->","wps_subtitle":"","_links":{"self":[{"href":"https:\/\/tribunadapraia.com.br\/index.php?rest_route=\/wp\/v2\/posts\/923"}],"collection":[{"href":"https:\/\/tribunadapraia.com.br\/index.php?rest_route=\/wp\/v2\/posts"}],"about":[{"href":"https:\/\/tribunadapraia.com.br\/index.php?rest_route=\/wp\/v2\/types\/post"}],"author":[{"embeddable":true,"href":"https:\/\/tribunadapraia.com.br\/index.php?rest_route=\/wp\/v2\/users\/1"}],"replies":[{"embeddable":true,"href":"https:\/\/tribunadapraia.com.br\/index.php?rest_route=%2Fwp%2Fv2%2Fcomments&post=923"}],"version-history":[{"count":1,"href":"https:\/\/tribunadapraia.com.br\/index.php?rest_route=\/wp\/v2\/posts\/923\/revisions"}],"predecessor-version":[{"id":925,"href":"https:\/\/tribunadapraia.com.br\/index.php?rest_route=\/wp\/v2\/posts\/923\/revisions\/925"}],"wp:featuredmedia":[{"embeddable":true,"href":"https:\/\/tribunadapraia.com.br\/index.php?rest_route=\/wp\/v2\/media\/924"}],"wp:attachment":[{"href":"https:\/\/tribunadapraia.com.br\/index.php?rest_route=%2Fwp%2Fv2%2Fmedia&parent=923"}],"wp:term":[{"taxonomy":"category","embeddable":true,"href":"https:\/\/tribunadapraia.com.br\/index.php?rest_route=%2Fwp%2Fv2%2Fcategories&post=923"},{"taxonomy":"post_tag","embeddable":true,"href":"https:\/\/tribunadapraia.com.br\/index.php?rest_route=%2Fwp%2Fv2%2Ftags&post=923"}],"curies":[{"name":"wp","href":"https:\/\/api.w.org\/{rel}","templated":true}]}}