{"id":919,"date":"2020-03-27T09:57:04","date_gmt":"2020-03-27T12:57:04","guid":{"rendered":"https:\/\/tribunadapraia.com.br\/?p=919"},"modified":"2020-03-27T09:57:44","modified_gmt":"2020-03-27T12:57:44","slug":"camara-aprova-auxilio-de-r-600-que-pode-beneficiar-24-milhoes-de-informais","status":"publish","type":"post","link":"https:\/\/tribunadapraia.com.br\/?p=919","title":{"rendered":"C\u00e2mara aprova aux\u00edlio de R$ 600 que pode beneficiar 24 milh\u00f5es de informais"},"content":{"rendered":"<p>Proposta inicial do governo era de R$ 200 de benef\u00edcio; valor pode chegar a R$ 1.200 em alguns casos<\/p>\n<p>O plen\u00e1rio da C\u00e2mara dos Deputados aprovou, nesta quinta-feira (26), a cria\u00e7\u00e3o de uma renda m\u00ednima emergencial de R$ 600, durante tr\u00eas meses, para trabalhadores informais, aut\u00f4nomos, desempregados e microempreendedores afetados pelo coronav\u00edrus. Para fam\u00edlias com dois ou mais trabalhadores e m\u00e3es solteiras, o valor ser\u00e1 de R$ 1.200. Aqueles que n\u00e3o t\u00eam filhos receber\u00e3o os R$ 600. A medida dever\u00e1 alcan\u00e7ar 24 milh\u00f5es de pessoas. Leia mais &#8211; https:\/\/bit.ly\/2wu1oFz<\/p>\n<p>por Cristiane Sampaio | Brasil de Fato<\/p>\n","protected":false},"excerpt":{"rendered":"<p>Proposta inicial do governo era de R$ 200 de benef\u00edcio; valor pode chegar a R$ 1.200 em alguns casos O plen\u00e1rio da C\u00e2mara dos Deputados aprovou, nesta quinta-feira (26), a cria\u00e7\u00e3o de uma renda m\u00ednima emergencial de R$ 600, durante tr\u00eas meses, para trabalhadores informais, aut\u00f4nomos, desempregados e microempreendedores afetados pelo coronav\u00edrus. Para fam\u00edlias com dois ou mais trabalhadores e m\u00e3es solteiras, o valor ser\u00e1 de R$ 1.200. Aqueles que<\/p>\n","protected":false},"author":1,"featured_media":920,"comment_status":"open","ping_status":"open","sticky":false,"template":"","format":"standard","meta":[],"categories":[18],"tags":[],"yoast_head":"<!-- This site is optimized with the Yoast SEO plugin v16.3 - https:\/\/yoast.com\/wordpress\/plugins\/seo\/ -->\n<title>C\u00e2mara aprova aux\u00edlio de R$ 600 que pode beneficiar 24 milh\u00f5es de informais - TRIBUNA DA PRAIA<\/title>\n<meta name=\"robots\" content=\"index, follow, max-snippet:-1, max-image-preview:large, max-video-preview:-1\" \/>\n<link rel=\"canonical\" href=\"https:\/\/tribunadapraia.com.br\/?p=919\" \/>\n<meta property=\"og:locale\" content=\"pt_BR\" \/>\n<meta property=\"og:type\" content=\"article\" \/>\n<meta property=\"og:title\" content=\"C\u00e2mara aprova aux\u00edlio de R$ 600 que pode beneficiar 24 milh\u00f5es de informais - TRIBUNA DA PRAIA\" \/>\n<meta property=\"og:description\" content=\"Proposta inicial do governo era de R$ 200 de benef\u00edcio; valor pode chegar a R$ 1.200 em alguns casos O plen\u00e1rio da C\u00e2mara dos Deputados aprovou, nesta quinta-feira (26), a cria\u00e7\u00e3o de uma renda m\u00ednima emergencial de R$ 600, durante tr\u00eas meses, para trabalhadores informais, aut\u00f4nomos, desempregados e microempreendedores afetados pelo coronav\u00edrus. Para fam\u00edlias com dois ou mais trabalhadores e m\u00e3es solteiras, o valor ser\u00e1 de R$ 1.200. Aqueles que\" \/>\n<meta property=\"og:url\" content=\"https:\/\/tribunadapraia.com.br\/?p=919\" \/>\n<meta property=\"og:site_name\" content=\"TRIBUNA DA PRAIA\" \/>\n<meta property=\"article:publisher\" content=\"https:\/\/www.facebook.com\/tribunadapraiaonline\/\" \/>\n<meta property=\"article:published_time\" content=\"2020-03-27T12:57:04+00:00\" \/>\n<meta property=\"article:modified_time\" content=\"2020-03-27T12:57:44+00:00\" \/>\n<meta property=\"og:image\" content=\"https:\/\/tribunadapraia.com.br\/wp-content\/uploads\/2020\/03\/IMG-20200327-WA0046.jpg\" \/>\n\t<meta property=\"og:image:width\" content=\"540\" \/>\n\t<meta property=\"og:image:height\" content=\"360\" \/>\n<meta name=\"twitter:card\" content=\"summary_large_image\" \/>\n<meta name=\"twitter:creator\" content=\"@Claudomir21\" \/>\n<meta name=\"twitter:site\" content=\"@Claudomir21\" \/>\n<meta name=\"twitter:label1\" content=\"Est. tempo de leitura\">\n\t<meta name=\"twitter:data1\" content=\"1 minuto\">\n<script type=\"application\/ld+json\" class=\"yoast-schema-graph\">{\"@context\":\"https:\/\/schema.org\",\"@graph\":[{\"@type\":\"Organization\",\"@id\":\"https:\/\/tribunadapraia.com.br\/#organization\",\"name\":\"Tribuna da Praia\",\"url\":\"https:\/\/tribunadapraia.com.br\/\",\"sameAs\":[\"https:\/\/www.facebook.com\/tribunadapraiaonline\/\",\"https:\/\/www.instagram.com\/claudomirtavares\/\",\"https:\/\/www.youtube.com\/channel\/UCwQf80nxiMzCefAyjbp53Rw\",\"https:\/\/twitter.com\/Claudomir21\"],\"logo\":{\"@type\":\"ImageObject\",\"@id\":\"https:\/\/tribunadapraia.com.br\/#logo\",\"inLanguage\":\"pt-BR\",\"url\":\"https:\/\/tribunadapraia.com.br\/wp-content\/uploads\/2020\/02\/logo.png\",\"contentUrl\":\"https:\/\/tribunadapraia.com.br\/wp-content\/uploads\/2020\/02\/logo.png\",\"width\":501,\"height\":121,\"caption\":\"Tribuna da Praia\"},\"image\":{\"@id\":\"https:\/\/tribunadapraia.com.br\/#logo\"}},{\"@type\":\"WebSite\",\"@id\":\"https:\/\/tribunadapraia.com.br\/#website\",\"url\":\"https:\/\/tribunadapraia.com.br\/\",\"name\":\"TRIBUNA DA PRAIA\",\"description\":\"O 1\\u00ba jornal do interior de Sergipe na internet\",\"publisher\":{\"@id\":\"https:\/\/tribunadapraia.com.br\/#organization\"},\"potentialAction\":[{\"@type\":\"SearchAction\",\"target\":\"https:\/\/tribunadapraia.com.br\/?s={search_term_string}\",\"query-input\":\"required name=search_term_string\"}],\"inLanguage\":\"pt-BR\"},{\"@type\":\"ImageObject\",\"@id\":\"https:\/\/tribunadapraia.com.br\/?p=919#primaryimage\",\"inLanguage\":\"pt-BR\",\"url\":\"https:\/\/tribunadapraia.com.br\/wp-content\/uploads\/2020\/03\/IMG-20200327-WA0046.jpg\",\"contentUrl\":\"https:\/\/tribunadapraia.com.br\/wp-content\/uploads\/2020\/03\/IMG-20200327-WA0046.jpg\",\"width\":540,\"height\":360},{\"@type\":\"WebPage\",\"@id\":\"https:\/\/tribunadapraia.com.br\/?p=919#webpage\",\"url\":\"https:\/\/tribunadapraia.com.br\/?p=919\",\"name\":\"C\\u00e2mara aprova aux\\u00edlio de R$ 600 que pode beneficiar 24 milh\\u00f5es de informais - TRIBUNA DA PRAIA\",\"isPartOf\":{\"@id\":\"https:\/\/tribunadapraia.com.br\/#website\"},\"primaryImageOfPage\":{\"@id\":\"https:\/\/tribunadapraia.com.br\/?p=919#primaryimage\"},\"datePublished\":\"2020-03-27T12:57:04+00:00\",\"dateModified\":\"2020-03-27T12:57:44+00:00\",\"breadcrumb\":{\"@id\":\"https:\/\/tribunadapraia.com.br\/?p=919#breadcrumb\"},\"inLanguage\":\"pt-BR\",\"potentialAction\":[{\"@type\":\"ReadAction\",\"target\":[\"https:\/\/tribunadapraia.com.br\/?p=919\"]}]},{\"@type\":\"BreadcrumbList\",\"@id\":\"https:\/\/tribunadapraia.com.br\/?p=919#breadcrumb\",\"itemListElement\":[{\"@type\":\"ListItem\",\"position\":1,\"item\":{\"@type\":\"WebPage\",\"@id\":\"https:\/\/tribunadapraia.com.br\/\",\"url\":\"https:\/\/tribunadapraia.com.br\/\",\"name\":\"In\\u00edcio\"}},{\"@type\":\"ListItem\",\"position\":2,\"item\":{\"@id\":\"https:\/\/tribunadapraia.com.br\/?p=919#webpage\"}}]},{\"@type\":\"Article\",\"@id\":\"https:\/\/tribunadapraia.com.br\/?p=919#article\",\"isPartOf\":{\"@id\":\"https:\/\/tribunadapraia.com.br\/?p=919#webpage\"},\"author\":{\"@id\":\"https:\/\/tribunadapraia.com.br\/#\/schema\/person\/326b0a9f3163b479142c64eba4928de0\"},\"headline\":\"C\\u00e2mara aprova aux\\u00edlio de R$ 600 que pode beneficiar 24 milh\\u00f5es de informais\",\"datePublished\":\"2020-03-27T12:57:04+00:00\",\"dateModified\":\"2020-03-27T12:57:44+00:00\",\"mainEntityOfPage\":{\"@id\":\"https:\/\/tribunadapraia.com.br\/?p=919#webpage\"},\"wordCount\":121,\"commentCount\":0,\"publisher\":{\"@id\":\"https:\/\/tribunadapraia.com.br\/#organization\"},\"image\":{\"@id\":\"https:\/\/tribunadapraia.com.br\/?p=919#primaryimage\"},\"thumbnailUrl\":\"https:\/\/tribunadapraia.com.br\/wp-content\/uploads\/2020\/03\/IMG-20200327-WA0046.jpg\",\"articleSection\":[\"Not\\u00edcias\"],\"inLanguage\":\"pt-BR\",\"potentialAction\":[{\"@type\":\"CommentAction\",\"name\":\"Comment\",\"target\":[\"https:\/\/tribunadapraia.com.br\/?p=919#respond\"]}]},{\"@type\":\"Person\",\"@id\":\"https:\/\/tribunadapraia.com.br\/#\/schema\/person\/326b0a9f3163b479142c64eba4928de0\",\"name\":\"tribunadapraia\",\"image\":{\"@type\":\"ImageObject\",\"@id\":\"https:\/\/tribunadapraia.com.br\/#personlogo\",\"inLanguage\":\"pt-BR\",\"url\":\"https:\/\/secure.gravatar.com\/avatar\/38b019c74762496076b7355024a0dad9?s=96&d=identicon&r=g\",\"contentUrl\":\"https:\/\/secure.gravatar.com\/avatar\/38b019c74762496076b7355024a0dad9?s=96&d=identicon&r=g\",\"caption\":\"tribunadapraia\"}}]}<\/script>\n<!-- \/ Yoast SEO plugin. -->","wps_subtitle":"","_links":{"self":[{"href":"https:\/\/tribunadapraia.com.br\/index.php?rest_route=\/wp\/v2\/posts\/919"}],"collection":[{"href":"https:\/\/tribunadapraia.com.br\/index.php?rest_route=\/wp\/v2\/posts"}],"about":[{"href":"https:\/\/tribunadapraia.com.br\/index.php?rest_route=\/wp\/v2\/types\/post"}],"author":[{"embeddable":true,"href":"https:\/\/tribunadapraia.com.br\/index.php?rest_route=\/wp\/v2\/users\/1"}],"replies":[{"embeddable":true,"href":"https:\/\/tribunadapraia.com.br\/index.php?rest_route=%2Fwp%2Fv2%2Fcomments&post=919"}],"version-history":[{"count":1,"href":"https:\/\/tribunadapraia.com.br\/index.php?rest_route=\/wp\/v2\/posts\/919\/revisions"}],"predecessor-version":[{"id":921,"href":"https:\/\/tribunadapraia.com.br\/index.php?rest_route=\/wp\/v2\/posts\/919\/revisions\/921"}],"wp:featuredmedia":[{"embeddable":true,"href":"https:\/\/tribunadapraia.com.br\/index.php?rest_route=\/wp\/v2\/media\/920"}],"wp:attachment":[{"href":"https:\/\/tribunadapraia.com.br\/index.php?rest_route=%2Fwp%2Fv2%2Fmedia&parent=919"}],"wp:term":[{"taxonomy":"category","embeddable":true,"href":"https:\/\/tribunadapraia.com.br\/index.php?rest_route=%2Fwp%2Fv2%2Fcategories&post=919"},{"taxonomy":"post_tag","embeddable":true,"href":"https:\/\/tribunadapraia.com.br\/index.php?rest_route=%2Fwp%2Fv2%2Ftags&post=919"}],"curies":[{"name":"wp","href":"https:\/\/api.w.org\/{rel}","templated":true}]}}