{"id":909,"date":"2020-03-25T08:00:50","date_gmt":"2020-03-25T11:00:50","guid":{"rendered":"https:\/\/tribunadapraia.com.br\/?p=909"},"modified":"2020-03-26T16:21:33","modified_gmt":"2020-03-26T19:21:33","slug":"viva-o-pcb-partido-comunista-brasileiro-98-anos-de-lutas-pelo-poder-popular-agora-em-barra-dos-coqueiros","status":"publish","type":"post","link":"https:\/\/tribunadapraia.com.br\/?p=909","title":{"rendered":"VIVA O PCB (Partido Comunista Brasileiro), 98 anos de lutas pelo Poder Popular &#8211; agora em Barra dos Coqueiros"},"content":{"rendered":"<p>Texto de lan\u00e7amrmto da C\u00e9lula Jacinta Passos &#8211; embri\u00e3o do PCB na Ilha de Santa Luzia<\/p>\n<p>&#8220;Eles eram poucos.<br \/>\nE nem puderam cantar muito alto a Internacional.<br \/>\nNaquela casa de Niter\u00f3i em 1922.<br \/>\nMas cantaram e fundaram o partido.<br \/>\nEles eram apenas nove, o jornalista Atrogildo, o contador Cordeiro, o gr\u00e1fico Pimenta, o sapateiro Jos\u00e9 Elias, o vassoureiro Lu\u00eds Peres, os alfaiates Cendon e Barbosa, o ferrovi\u00e1rio Hermog\u00eanio.<br \/>\nE ainda o barbeiro Nequete, que citava L\u00eanin a tr\u00eas por dois.<br \/>\nEm todo o pa\u00eds eles eram mais de setenta.<br \/>\nSabiam pouco de marxismo, mas tinham sede de justi\u00e7a e estavam dispostos a lutar por ela.<br \/>\nFaz sessenta anos (1) que isso aconteceu, o PCB n\u00e3o se tornou o maior partido do ocidente, nem mesmo do Brasil.<br \/>\nMas quem contar a hist\u00f3ria de nosso povo e seus her\u00f3is tem que falar dele.<br \/>\nOu estar\u00e1 mentindo.&#8221;<\/p>\n<p>(1) Poema publicado em 1982 por Ferreira Gullar, quando o PCB completou 60 snos.<\/p>\n","protected":false},"excerpt":{"rendered":"<p>Texto de lan\u00e7amrmto da C\u00e9lula Jacinta Passos &#8211; embri\u00e3o do PCB na Ilha de Santa Luzia &#8220;Eles eram poucos. E nem puderam cantar muito alto a Internacional. Naquela casa de Niter\u00f3i em 1922. Mas cantaram e fundaram o partido. Eles eram apenas nove, o jornalista Atrogildo, o contador Cordeiro, o gr\u00e1fico Pimenta, o sapateiro Jos\u00e9 Elias, o vassoureiro Lu\u00eds Peres, os alfaiates Cendon e Barbosa, o ferrovi\u00e1rio Hermog\u00eanio. E ainda<\/p>\n","protected":false},"author":3,"featured_media":910,"comment_status":"open","ping_status":"open","sticky":false,"template":"","format":"standard","meta":[],"categories":[18],"tags":[],"yoast_head":"<!-- This site is optimized with the Yoast SEO plugin v16.3 - https:\/\/yoast.com\/wordpress\/plugins\/seo\/ -->\n<title>VIVA O PCB (Partido Comunista Brasileiro), 98 anos de lutas pelo Poder Popular - agora em Barra dos Coqueiros - TRIBUNA DA PRAIA<\/title>\n<meta name=\"robots\" content=\"index, follow, max-snippet:-1, max-image-preview:large, max-video-preview:-1\" \/>\n<link rel=\"canonical\" href=\"https:\/\/tribunadapraia.com.br\/?p=909\" \/>\n<meta property=\"og:locale\" content=\"pt_BR\" \/>\n<meta property=\"og:type\" content=\"article\" \/>\n<meta property=\"og:title\" content=\"VIVA O PCB (Partido Comunista Brasileiro), 98 anos de lutas pelo Poder Popular - agora em Barra dos Coqueiros - TRIBUNA DA PRAIA\" \/>\n<meta property=\"og:description\" content=\"Texto de lan\u00e7amrmto da C\u00e9lula Jacinta Passos &#8211; embri\u00e3o do PCB na Ilha de Santa Luzia &#8220;Eles eram poucos. E nem puderam cantar muito alto a Internacional. Naquela casa de Niter\u00f3i em 1922. Mas cantaram e fundaram o partido. Eles eram apenas nove, o jornalista Atrogildo, o contador Cordeiro, o gr\u00e1fico Pimenta, o sapateiro Jos\u00e9 Elias, o vassoureiro Lu\u00eds Peres, os alfaiates Cendon e Barbosa, o ferrovi\u00e1rio Hermog\u00eanio. E ainda\" \/>\n<meta property=\"og:url\" content=\"https:\/\/tribunadapraia.com.br\/?p=909\" \/>\n<meta property=\"og:site_name\" content=\"TRIBUNA DA PRAIA\" \/>\n<meta property=\"article:publisher\" content=\"https:\/\/www.facebook.com\/tribunadapraiaonline\/\" \/>\n<meta property=\"article:published_time\" content=\"2020-03-25T11:00:50+00:00\" \/>\n<meta property=\"article:modified_time\" content=\"2020-03-26T19:21:33+00:00\" \/>\n<meta property=\"og:image\" content=\"https:\/\/tribunadapraia.com.br\/wp-content\/uploads\/2020\/03\/IMG-20200326-WA0074.jpg\" \/>\n\t<meta property=\"og:image:width\" content=\"400\" \/>\n\t<meta property=\"og:image:height\" content=\"235\" \/>\n<meta name=\"twitter:card\" content=\"summary_large_image\" \/>\n<meta name=\"twitter:creator\" content=\"@Claudomir21\" \/>\n<meta name=\"twitter:site\" content=\"@Claudomir21\" \/>\n<meta name=\"twitter:label1\" content=\"Est. tempo de leitura\">\n\t<meta name=\"twitter:data1\" content=\"1 minuto\">\n<script type=\"application\/ld+json\" class=\"yoast-schema-graph\">{\"@context\":\"https:\/\/schema.org\",\"@graph\":[{\"@type\":\"Organization\",\"@id\":\"https:\/\/tribunadapraia.com.br\/#organization\",\"name\":\"Tribuna da Praia\",\"url\":\"https:\/\/tribunadapraia.com.br\/\",\"sameAs\":[\"https:\/\/www.facebook.com\/tribunadapraiaonline\/\",\"https:\/\/www.instagram.com\/claudomirtavares\/\",\"https:\/\/www.youtube.com\/channel\/UCwQf80nxiMzCefAyjbp53Rw\",\"https:\/\/twitter.com\/Claudomir21\"],\"logo\":{\"@type\":\"ImageObject\",\"@id\":\"https:\/\/tribunadapraia.com.br\/#logo\",\"inLanguage\":\"pt-BR\",\"url\":\"https:\/\/tribunadapraia.com.br\/wp-content\/uploads\/2020\/02\/logo.png\",\"contentUrl\":\"https:\/\/tribunadapraia.com.br\/wp-content\/uploads\/2020\/02\/logo.png\",\"width\":501,\"height\":121,\"caption\":\"Tribuna da Praia\"},\"image\":{\"@id\":\"https:\/\/tribunadapraia.com.br\/#logo\"}},{\"@type\":\"WebSite\",\"@id\":\"https:\/\/tribunadapraia.com.br\/#website\",\"url\":\"https:\/\/tribunadapraia.com.br\/\",\"name\":\"TRIBUNA DA PRAIA\",\"description\":\"O 1\\u00ba jornal do interior de Sergipe na internet\",\"publisher\":{\"@id\":\"https:\/\/tribunadapraia.com.br\/#organization\"},\"potentialAction\":[{\"@type\":\"SearchAction\",\"target\":\"https:\/\/tribunadapraia.com.br\/?s={search_term_string}\",\"query-input\":\"required name=search_term_string\"}],\"inLanguage\":\"pt-BR\"},{\"@type\":\"ImageObject\",\"@id\":\"https:\/\/tribunadapraia.com.br\/?p=909#primaryimage\",\"inLanguage\":\"pt-BR\",\"url\":\"https:\/\/tribunadapraia.com.br\/wp-content\/uploads\/2020\/03\/IMG-20200326-WA0074.jpg\",\"contentUrl\":\"https:\/\/tribunadapraia.com.br\/wp-content\/uploads\/2020\/03\/IMG-20200326-WA0074.jpg\",\"width\":400,\"height\":235},{\"@type\":\"WebPage\",\"@id\":\"https:\/\/tribunadapraia.com.br\/?p=909#webpage\",\"url\":\"https:\/\/tribunadapraia.com.br\/?p=909\",\"name\":\"VIVA O PCB (Partido Comunista Brasileiro), 98 anos de lutas pelo Poder Popular - agora em Barra dos Coqueiros - TRIBUNA DA PRAIA\",\"isPartOf\":{\"@id\":\"https:\/\/tribunadapraia.com.br\/#website\"},\"primaryImageOfPage\":{\"@id\":\"https:\/\/tribunadapraia.com.br\/?p=909#primaryimage\"},\"datePublished\":\"2020-03-25T11:00:50+00:00\",\"dateModified\":\"2020-03-26T19:21:33+00:00\",\"breadcrumb\":{\"@id\":\"https:\/\/tribunadapraia.com.br\/?p=909#breadcrumb\"},\"inLanguage\":\"pt-BR\",\"potentialAction\":[{\"@type\":\"ReadAction\",\"target\":[\"https:\/\/tribunadapraia.com.br\/?p=909\"]}]},{\"@type\":\"BreadcrumbList\",\"@id\":\"https:\/\/tribunadapraia.com.br\/?p=909#breadcrumb\",\"itemListElement\":[{\"@type\":\"ListItem\",\"position\":1,\"item\":{\"@type\":\"WebPage\",\"@id\":\"https:\/\/tribunadapraia.com.br\/\",\"url\":\"https:\/\/tribunadapraia.com.br\/\",\"name\":\"In\\u00edcio\"}},{\"@type\":\"ListItem\",\"position\":2,\"item\":{\"@id\":\"https:\/\/tribunadapraia.com.br\/?p=909#webpage\"}}]},{\"@type\":\"Article\",\"@id\":\"https:\/\/tribunadapraia.com.br\/?p=909#article\",\"isPartOf\":{\"@id\":\"https:\/\/tribunadapraia.com.br\/?p=909#webpage\"},\"author\":{\"@id\":\"https:\/\/tribunadapraia.com.br\/#\/schema\/person\/099fbbf59acc5895c0d7d52b4fc46c97\"},\"headline\":\"VIVA O PCB (Partido Comunista Brasileiro), 98 anos de lutas pelo Poder Popular &#8211; agora em Barra dos Coqueiros\",\"datePublished\":\"2020-03-25T11:00:50+00:00\",\"dateModified\":\"2020-03-26T19:21:33+00:00\",\"mainEntityOfPage\":{\"@id\":\"https:\/\/tribunadapraia.com.br\/?p=909#webpage\"},\"wordCount\":186,\"commentCount\":0,\"publisher\":{\"@id\":\"https:\/\/tribunadapraia.com.br\/#organization\"},\"image\":{\"@id\":\"https:\/\/tribunadapraia.com.br\/?p=909#primaryimage\"},\"thumbnailUrl\":\"https:\/\/tribunadapraia.com.br\/wp-content\/uploads\/2020\/03\/IMG-20200326-WA0074.jpg\",\"articleSection\":[\"Not\\u00edcias\"],\"inLanguage\":\"pt-BR\",\"potentialAction\":[{\"@type\":\"CommentAction\",\"name\":\"Comment\",\"target\":[\"https:\/\/tribunadapraia.com.br\/?p=909#respond\"]}]},{\"@type\":\"Person\",\"@id\":\"https:\/\/tribunadapraia.com.br\/#\/schema\/person\/099fbbf59acc5895c0d7d52b4fc46c97\",\"name\":\"Reda\\u00e7\\u00e3o\",\"image\":{\"@type\":\"ImageObject\",\"@id\":\"https:\/\/tribunadapraia.com.br\/#personlogo\",\"inLanguage\":\"pt-BR\",\"url\":\"https:\/\/secure.gravatar.com\/avatar\/91c8b91d2bfd7784eac5c3e055361f64?s=96&d=identicon&r=g\",\"contentUrl\":\"https:\/\/secure.gravatar.com\/avatar\/91c8b91d2bfd7784eac5c3e055361f64?s=96&d=identicon&r=g\",\"caption\":\"Reda\\u00e7\\u00e3o\"}}]}<\/script>\n<!-- \/ Yoast SEO plugin. -->","wps_subtitle":"","_links":{"self":[{"href":"https:\/\/tribunadapraia.com.br\/index.php?rest_route=\/wp\/v2\/posts\/909"}],"collection":[{"href":"https:\/\/tribunadapraia.com.br\/index.php?rest_route=\/wp\/v2\/posts"}],"about":[{"href":"https:\/\/tribunadapraia.com.br\/index.php?rest_route=\/wp\/v2\/types\/post"}],"author":[{"embeddable":true,"href":"https:\/\/tribunadapraia.com.br\/index.php?rest_route=\/wp\/v2\/users\/3"}],"replies":[{"embeddable":true,"href":"https:\/\/tribunadapraia.com.br\/index.php?rest_route=%2Fwp%2Fv2%2Fcomments&post=909"}],"version-history":[{"count":1,"href":"https:\/\/tribunadapraia.com.br\/index.php?rest_route=\/wp\/v2\/posts\/909\/revisions"}],"predecessor-version":[{"id":911,"href":"https:\/\/tribunadapraia.com.br\/index.php?rest_route=\/wp\/v2\/posts\/909\/revisions\/911"}],"wp:featuredmedia":[{"embeddable":true,"href":"https:\/\/tribunadapraia.com.br\/index.php?rest_route=\/wp\/v2\/media\/910"}],"wp:attachment":[{"href":"https:\/\/tribunadapraia.com.br\/index.php?rest_route=%2Fwp%2Fv2%2Fmedia&parent=909"}],"wp:term":[{"taxonomy":"category","embeddable":true,"href":"https:\/\/tribunadapraia.com.br\/index.php?rest_route=%2Fwp%2Fv2%2Fcategories&post=909"},{"taxonomy":"post_tag","embeddable":true,"href":"https:\/\/tribunadapraia.com.br\/index.php?rest_route=%2Fwp%2Fv2%2Ftags&post=909"}],"curies":[{"name":"wp","href":"https:\/\/api.w.org\/{rel}","templated":true}]}}