{"id":896,"date":"2020-03-26T10:52:32","date_gmt":"2020-03-26T13:52:32","guid":{"rendered":"https:\/\/tribunadapraia.com.br\/?p=896"},"modified":"2020-03-26T10:53:26","modified_gmt":"2020-03-26T13:53:26","slug":"covid-19-estamos-com-medo-de-ser-dizimados-diz-tupinamba-nice-goncalves","status":"publish","type":"post","link":"https:\/\/tribunadapraia.com.br\/?p=896","title":{"rendered":"Covid-19: &#8220;Estamos com medo de ser dizimados&#8221;, diz Tupinamb\u00e1 Nice Gon\u00e7alves"},"content":{"rendered":"<p>A Funai afirma que n\u00e3o h\u00e1 nenhum ind\u00edgena confirmado com coronav\u00edrus, mas na Bahia uma patax\u00f3 est\u00e1 isolada com suspeita da doen\u00e7a.<\/p>\n<p>Para a ind\u00edgena Tupinamb\u00e1 Nice Gon\u00e7alves, da comunidade Rio-Tocantins, no nordeste do Par\u00e1, o governo brasileiro \u00e9 negligente n\u00e3o apenas com os ind\u00edgenas, mas com toda a popula\u00e7\u00e3o brasileira.<\/p>\n<p>por Brasil de Fato (https:\/\/bit.ly\/2UBpO7T)<\/p>\n","protected":false},"excerpt":{"rendered":"<p>A Funai afirma que n\u00e3o h\u00e1 nenhum ind\u00edgena confirmado com coronav\u00edrus, mas na Bahia uma patax\u00f3 est\u00e1 isolada com suspeita da doen\u00e7a. Para a ind\u00edgena Tupinamb\u00e1 Nice Gon\u00e7alves, da comunidade Rio-Tocantins, no nordeste do Par\u00e1, o governo brasileiro \u00e9 negligente n\u00e3o apenas com os ind\u00edgenas, mas com toda a popula\u00e7\u00e3o brasileira. por Brasil de Fato (https:\/\/bit.ly\/2UBpO7T)<\/p>\n","protected":false},"author":1,"featured_media":897,"comment_status":"open","ping_status":"open","sticky":false,"template":"","format":"standard","meta":[],"categories":[18],"tags":[],"yoast_head":"<!-- This site is optimized with the Yoast SEO plugin v16.3 - https:\/\/yoast.com\/wordpress\/plugins\/seo\/ -->\n<title>Covid-19: &quot;Estamos com medo de ser dizimados&quot;, diz Tupinamb\u00e1 Nice Gon\u00e7alves - TRIBUNA DA PRAIA<\/title>\n<meta name=\"robots\" content=\"index, follow, max-snippet:-1, max-image-preview:large, max-video-preview:-1\" \/>\n<link rel=\"canonical\" href=\"https:\/\/tribunadapraia.com.br\/?p=896\" \/>\n<meta property=\"og:locale\" content=\"pt_BR\" \/>\n<meta property=\"og:type\" content=\"article\" \/>\n<meta property=\"og:title\" content=\"Covid-19: &quot;Estamos com medo de ser dizimados&quot;, diz Tupinamb\u00e1 Nice Gon\u00e7alves - TRIBUNA DA PRAIA\" \/>\n<meta property=\"og:description\" content=\"A Funai afirma que n\u00e3o h\u00e1 nenhum ind\u00edgena confirmado com coronav\u00edrus, mas na Bahia uma patax\u00f3 est\u00e1 isolada com suspeita da doen\u00e7a. Para a ind\u00edgena Tupinamb\u00e1 Nice Gon\u00e7alves, da comunidade Rio-Tocantins, no nordeste do Par\u00e1, o governo brasileiro \u00e9 negligente n\u00e3o apenas com os ind\u00edgenas, mas com toda a popula\u00e7\u00e3o brasileira. por Brasil de Fato (https:\/\/bit.ly\/2UBpO7T)\" \/>\n<meta property=\"og:url\" content=\"https:\/\/tribunadapraia.com.br\/?p=896\" \/>\n<meta property=\"og:site_name\" content=\"TRIBUNA DA PRAIA\" \/>\n<meta property=\"article:publisher\" content=\"https:\/\/www.facebook.com\/tribunadapraiaonline\/\" \/>\n<meta property=\"article:published_time\" content=\"2020-03-26T13:52:32+00:00\" \/>\n<meta property=\"article:modified_time\" content=\"2020-03-26T13:53:26+00:00\" \/>\n<meta property=\"og:image\" content=\"https:\/\/tribunadapraia.com.br\/wp-content\/uploads\/2020\/03\/IMG-20200326-WA0021.jpg\" \/>\n\t<meta property=\"og:image:width\" content=\"540\" \/>\n\t<meta property=\"og:image:height\" content=\"300\" \/>\n<meta name=\"twitter:card\" content=\"summary_large_image\" \/>\n<meta name=\"twitter:creator\" content=\"@Claudomir21\" \/>\n<meta name=\"twitter:site\" content=\"@Claudomir21\" \/>\n<script type=\"application\/ld+json\" class=\"yoast-schema-graph\">{\"@context\":\"https:\/\/schema.org\",\"@graph\":[{\"@type\":\"Organization\",\"@id\":\"https:\/\/tribunadapraia.com.br\/#organization\",\"name\":\"Tribuna da Praia\",\"url\":\"https:\/\/tribunadapraia.com.br\/\",\"sameAs\":[\"https:\/\/www.facebook.com\/tribunadapraiaonline\/\",\"https:\/\/www.instagram.com\/claudomirtavares\/\",\"https:\/\/www.youtube.com\/channel\/UCwQf80nxiMzCefAyjbp53Rw\",\"https:\/\/twitter.com\/Claudomir21\"],\"logo\":{\"@type\":\"ImageObject\",\"@id\":\"https:\/\/tribunadapraia.com.br\/#logo\",\"inLanguage\":\"pt-BR\",\"url\":\"https:\/\/tribunadapraia.com.br\/wp-content\/uploads\/2020\/02\/logo.png\",\"contentUrl\":\"https:\/\/tribunadapraia.com.br\/wp-content\/uploads\/2020\/02\/logo.png\",\"width\":501,\"height\":121,\"caption\":\"Tribuna da Praia\"},\"image\":{\"@id\":\"https:\/\/tribunadapraia.com.br\/#logo\"}},{\"@type\":\"WebSite\",\"@id\":\"https:\/\/tribunadapraia.com.br\/#website\",\"url\":\"https:\/\/tribunadapraia.com.br\/\",\"name\":\"TRIBUNA DA PRAIA\",\"description\":\"O 1\\u00ba jornal do interior de Sergipe na internet\",\"publisher\":{\"@id\":\"https:\/\/tribunadapraia.com.br\/#organization\"},\"potentialAction\":[{\"@type\":\"SearchAction\",\"target\":\"https:\/\/tribunadapraia.com.br\/?s={search_term_string}\",\"query-input\":\"required name=search_term_string\"}],\"inLanguage\":\"pt-BR\"},{\"@type\":\"ImageObject\",\"@id\":\"https:\/\/tribunadapraia.com.br\/?p=896#primaryimage\",\"inLanguage\":\"pt-BR\",\"url\":\"https:\/\/tribunadapraia.com.br\/wp-content\/uploads\/2020\/03\/IMG-20200326-WA0021.jpg\",\"contentUrl\":\"https:\/\/tribunadapraia.com.br\/wp-content\/uploads\/2020\/03\/IMG-20200326-WA0021.jpg\",\"width\":540,\"height\":300},{\"@type\":\"WebPage\",\"@id\":\"https:\/\/tribunadapraia.com.br\/?p=896#webpage\",\"url\":\"https:\/\/tribunadapraia.com.br\/?p=896\",\"name\":\"Covid-19: \\\"Estamos com medo de ser dizimados\\\", diz Tupinamb\\u00e1 Nice Gon\\u00e7alves - TRIBUNA DA PRAIA\",\"isPartOf\":{\"@id\":\"https:\/\/tribunadapraia.com.br\/#website\"},\"primaryImageOfPage\":{\"@id\":\"https:\/\/tribunadapraia.com.br\/?p=896#primaryimage\"},\"datePublished\":\"2020-03-26T13:52:32+00:00\",\"dateModified\":\"2020-03-26T13:53:26+00:00\",\"breadcrumb\":{\"@id\":\"https:\/\/tribunadapraia.com.br\/?p=896#breadcrumb\"},\"inLanguage\":\"pt-BR\",\"potentialAction\":[{\"@type\":\"ReadAction\",\"target\":[\"https:\/\/tribunadapraia.com.br\/?p=896\"]}]},{\"@type\":\"BreadcrumbList\",\"@id\":\"https:\/\/tribunadapraia.com.br\/?p=896#breadcrumb\",\"itemListElement\":[{\"@type\":\"ListItem\",\"position\":1,\"item\":{\"@type\":\"WebPage\",\"@id\":\"https:\/\/tribunadapraia.com.br\/\",\"url\":\"https:\/\/tribunadapraia.com.br\/\",\"name\":\"In\\u00edcio\"}},{\"@type\":\"ListItem\",\"position\":2,\"item\":{\"@id\":\"https:\/\/tribunadapraia.com.br\/?p=896#webpage\"}}]},{\"@type\":\"Article\",\"@id\":\"https:\/\/tribunadapraia.com.br\/?p=896#article\",\"isPartOf\":{\"@id\":\"https:\/\/tribunadapraia.com.br\/?p=896#webpage\"},\"author\":{\"@id\":\"https:\/\/tribunadapraia.com.br\/#\/schema\/person\/326b0a9f3163b479142c64eba4928de0\"},\"headline\":\"Covid-19: &#8220;Estamos com medo de ser dizimados&#8221;, diz Tupinamb\\u00e1 Nice Gon\\u00e7alves\",\"datePublished\":\"2020-03-26T13:52:32+00:00\",\"dateModified\":\"2020-03-26T13:53:26+00:00\",\"mainEntityOfPage\":{\"@id\":\"https:\/\/tribunadapraia.com.br\/?p=896#webpage\"},\"wordCount\":80,\"commentCount\":0,\"publisher\":{\"@id\":\"https:\/\/tribunadapraia.com.br\/#organization\"},\"image\":{\"@id\":\"https:\/\/tribunadapraia.com.br\/?p=896#primaryimage\"},\"thumbnailUrl\":\"https:\/\/tribunadapraia.com.br\/wp-content\/uploads\/2020\/03\/IMG-20200326-WA0021.jpg\",\"articleSection\":[\"Not\\u00edcias\"],\"inLanguage\":\"pt-BR\",\"potentialAction\":[{\"@type\":\"CommentAction\",\"name\":\"Comment\",\"target\":[\"https:\/\/tribunadapraia.com.br\/?p=896#respond\"]}]},{\"@type\":\"Person\",\"@id\":\"https:\/\/tribunadapraia.com.br\/#\/schema\/person\/326b0a9f3163b479142c64eba4928de0\",\"name\":\"tribunadapraia\",\"image\":{\"@type\":\"ImageObject\",\"@id\":\"https:\/\/tribunadapraia.com.br\/#personlogo\",\"inLanguage\":\"pt-BR\",\"url\":\"https:\/\/secure.gravatar.com\/avatar\/38b019c74762496076b7355024a0dad9?s=96&d=identicon&r=g\",\"contentUrl\":\"https:\/\/secure.gravatar.com\/avatar\/38b019c74762496076b7355024a0dad9?s=96&d=identicon&r=g\",\"caption\":\"tribunadapraia\"}}]}<\/script>\n<!-- \/ Yoast SEO plugin. -->","wps_subtitle":"","_links":{"self":[{"href":"https:\/\/tribunadapraia.com.br\/index.php?rest_route=\/wp\/v2\/posts\/896"}],"collection":[{"href":"https:\/\/tribunadapraia.com.br\/index.php?rest_route=\/wp\/v2\/posts"}],"about":[{"href":"https:\/\/tribunadapraia.com.br\/index.php?rest_route=\/wp\/v2\/types\/post"}],"author":[{"embeddable":true,"href":"https:\/\/tribunadapraia.com.br\/index.php?rest_route=\/wp\/v2\/users\/1"}],"replies":[{"embeddable":true,"href":"https:\/\/tribunadapraia.com.br\/index.php?rest_route=%2Fwp%2Fv2%2Fcomments&post=896"}],"version-history":[{"count":1,"href":"https:\/\/tribunadapraia.com.br\/index.php?rest_route=\/wp\/v2\/posts\/896\/revisions"}],"predecessor-version":[{"id":898,"href":"https:\/\/tribunadapraia.com.br\/index.php?rest_route=\/wp\/v2\/posts\/896\/revisions\/898"}],"wp:featuredmedia":[{"embeddable":true,"href":"https:\/\/tribunadapraia.com.br\/index.php?rest_route=\/wp\/v2\/media\/897"}],"wp:attachment":[{"href":"https:\/\/tribunadapraia.com.br\/index.php?rest_route=%2Fwp%2Fv2%2Fmedia&parent=896"}],"wp:term":[{"taxonomy":"category","embeddable":true,"href":"https:\/\/tribunadapraia.com.br\/index.php?rest_route=%2Fwp%2Fv2%2Fcategories&post=896"},{"taxonomy":"post_tag","embeddable":true,"href":"https:\/\/tribunadapraia.com.br\/index.php?rest_route=%2Fwp%2Fv2%2Ftags&post=896"}],"curies":[{"name":"wp","href":"https:\/\/api.w.org\/{rel}","templated":true}]}}