{"id":891,"date":"2020-03-26T09:22:59","date_gmt":"2020-03-26T12:22:59","guid":{"rendered":"https:\/\/tribunadapraia.com.br\/?p=891"},"modified":"2020-03-26T09:23:44","modified_gmt":"2020-03-26T12:23:44","slug":"as-pestes-em-sergipe-por-antonio-samarone","status":"publish","type":"post","link":"https:\/\/tribunadapraia.com.br\/?p=891","title":{"rendered":"As Pestes em Sergipe. (por Antonio Samarone)"},"content":{"rendered":"<p>(Var\u00edola &#8211; Inicio do S\u00e9culo XX)<\/p>\n<p>A situa\u00e7\u00e3o sanit\u00e1ria no Estado de Sergipe, no come\u00e7o do s\u00e9culo XX, era dram\u00e1tica. A descri\u00e7\u00e3o realizada pelo Dr. Augusto Leite, em discurso durante os trabalhos Constituintes de 1934, \u00e9 profundamente esclarecedora do quadro:<\/p>\n<p>\u201cCl\u00ednico, vezes sem conta, acudi a mulheres pobres, nas afli\u00e7\u00f5es de um parto dist\u00f3cico, quando j\u00e1 a feiti\u00e7aria esgotara todos os recursos e falharam as mais estramb\u00f3ticas mezinhas. No casebre, tudo conspira de regra, contra a vida da parturiente e do nascituro.\u201d<\/p>\n<p>\u201cN\u00e3o alumia o quarto, uma r\u00e9stia sequer de sol. O ch\u00e3o \u00e9 \u00famido e mal batido, as paredes s\u00e3o enegrecidas de fuligem dos \u2018pif\u00f3s\u2019 e dos ti\u00e7\u00f5es, que fumegam a um passo da enxerga. Dir-se-ia uma \u2018c\u00e2mara escura\u2019, dentro da qual, sol a pino, em pleno Nordeste, m\u00e9dicos trabalham, por vezes, \u00e0 luz miser\u00e1vel de um candeeiro de querosene.\u201d<\/p>\n<p>\u201cNesse meio, entre pavores, a parteira \u00e9 o maior pavor. L\u00e1 est\u00e1 o azeite ran\u00e7oso para as m\u00e3os imundas, l\u00e1 est\u00e3o o trapo e o sarro de cachimbo com que se liga e pensa o cord\u00e3o umbilical, e a infec\u00e7\u00e3o puerperal a\u00ed campeia livremente.\u201d<\/p>\n<p>Sergipe come\u00e7ou a Rep\u00fablica praticamente com os mesmos problemas sanit\u00e1rios herdados do Imp\u00e9rio. As epidemias continuavam grassando com desenvoltura e o poder p\u00fablico com as mesmas limita\u00e7\u00f5es, para um enfrentamento eficaz.<\/p>\n<p>No final do s\u00e9culo XIX, a bexiga (var\u00edola) \u00e9 o principal problema de sa\u00fade p\u00fablica em Sergipe. As epidemias se sucediam. Em 1888, a var\u00edola matou mais de 2 mil pessoas somente em Aracaju.<\/p>\n<p>A partir de julho de 1895 e durante todo ano 1896, trazidos pelos passageiros do vapor \u201cSantelmo\u201d, ocorreu outra epidemia de var\u00edola de elevada gravidade. As cidades mais atingidas foram Est\u00e2ncia, Sim\u00e3o Dias, Aracaju, Riach\u00e3o e Itaporanga.<\/p>\n<p>Mensagem do Presidente do Estado, Manoel Oliveira Valad\u00e3o \u00e0 Assembleia Legislativa, publicada no Di\u00e1rio Oficial do Estado em 14\/03\/1896:<\/p>\n<p>\u201cTendo se manifestado a epidemia de var\u00edola em diversos pontos do Estado, nomeei comiss\u00f5es para se encarregarem do tratamento e isolamento dos pacientes, autorizando ao menos as despesas necess\u00e1rias com os socorros dos indigentes acometidos do tem\u00edvel mal.\u201d<\/p>\n<p>Nada diferente do que acabou de fazer o governador Belivaldo, liberou cem reais para aos mais necessitados, enquanto durar a Peste do Covid \u2013 19.<\/p>\n<p>Em 1896, a viol\u00eancia das pestes em Sergipe atingiu at\u00e9 o centro do poder:<\/p>\n<p>Em 22\/03\/1896, faleceu aos 33 anos de idade, atingida pela mal\u00e1ria, a esposa do pr\u00f3prio Presidente do Estado, D. Joaquina Valad\u00e3o. Uma equipe de sete m\u00e9dicos acompanhou o caso da defunta ilustre, sem sucesso.<\/p>\n<p>A medicina engatinhava em Sergipe.<\/p>\n<p>Antonio Samarone.<\/p>\n","protected":false},"excerpt":{"rendered":"<p>(Var\u00edola &#8211; Inicio do S\u00e9culo XX) A situa\u00e7\u00e3o sanit\u00e1ria no Estado de Sergipe, no come\u00e7o do s\u00e9culo XX, era dram\u00e1tica. A descri\u00e7\u00e3o realizada pelo Dr. Augusto Leite, em discurso durante os trabalhos Constituintes de 1934, \u00e9 profundamente esclarecedora do quadro: \u201cCl\u00ednico, vezes sem conta, acudi a mulheres pobres, nas afli\u00e7\u00f5es de um parto dist\u00f3cico, quando j\u00e1 a feiti\u00e7aria esgotara todos os recursos e falharam as mais estramb\u00f3ticas mezinhas. No casebre,<\/p>\n","protected":false},"author":1,"featured_media":892,"comment_status":"open","ping_status":"open","sticky":false,"template":"","format":"standard","meta":[],"categories":[18],"tags":[],"yoast_head":"<!-- This site is optimized with the Yoast SEO plugin v16.3 - https:\/\/yoast.com\/wordpress\/plugins\/seo\/ -->\n<title>As Pestes em Sergipe. (por Antonio Samarone) - TRIBUNA DA PRAIA<\/title>\n<meta name=\"robots\" content=\"index, follow, max-snippet:-1, max-image-preview:large, max-video-preview:-1\" \/>\n<link rel=\"canonical\" href=\"https:\/\/tribunadapraia.com.br\/?p=891\" \/>\n<meta property=\"og:locale\" content=\"pt_BR\" \/>\n<meta property=\"og:type\" content=\"article\" \/>\n<meta property=\"og:title\" content=\"As Pestes em Sergipe. (por Antonio Samarone) - TRIBUNA DA PRAIA\" \/>\n<meta property=\"og:description\" content=\"(Var\u00edola &#8211; Inicio do S\u00e9culo XX) A situa\u00e7\u00e3o sanit\u00e1ria no Estado de Sergipe, no come\u00e7o do s\u00e9culo XX, era dram\u00e1tica. A descri\u00e7\u00e3o realizada pelo Dr. Augusto Leite, em discurso durante os trabalhos Constituintes de 1934, \u00e9 profundamente esclarecedora do quadro: \u201cCl\u00ednico, vezes sem conta, acudi a mulheres pobres, nas afli\u00e7\u00f5es de um parto dist\u00f3cico, quando j\u00e1 a feiti\u00e7aria esgotara todos os recursos e falharam as mais estramb\u00f3ticas mezinhas. No casebre,\" \/>\n<meta property=\"og:url\" content=\"https:\/\/tribunadapraia.com.br\/?p=891\" \/>\n<meta property=\"og:site_name\" content=\"TRIBUNA DA PRAIA\" \/>\n<meta property=\"article:publisher\" content=\"https:\/\/www.facebook.com\/tribunadapraiaonline\/\" \/>\n<meta property=\"article:published_time\" content=\"2020-03-26T12:22:59+00:00\" \/>\n<meta property=\"article:modified_time\" content=\"2020-03-26T12:23:44+00:00\" \/>\n<meta property=\"og:image\" content=\"https:\/\/tribunadapraia.com.br\/wp-content\/uploads\/2020\/03\/IMG-20200326-WA0012.jpg\" \/>\n\t<meta property=\"og:image:width\" content=\"543\" \/>\n\t<meta property=\"og:image:height\" content=\"375\" \/>\n<meta name=\"twitter:card\" content=\"summary_large_image\" \/>\n<meta name=\"twitter:creator\" content=\"@Claudomir21\" \/>\n<meta name=\"twitter:site\" content=\"@Claudomir21\" \/>\n<meta name=\"twitter:label1\" content=\"Est. tempo de leitura\">\n\t<meta name=\"twitter:data1\" content=\"2 minutos\">\n<script type=\"application\/ld+json\" class=\"yoast-schema-graph\">{\"@context\":\"https:\/\/schema.org\",\"@graph\":[{\"@type\":\"Organization\",\"@id\":\"https:\/\/tribunadapraia.com.br\/#organization\",\"name\":\"Tribuna da Praia\",\"url\":\"https:\/\/tribunadapraia.com.br\/\",\"sameAs\":[\"https:\/\/www.facebook.com\/tribunadapraiaonline\/\",\"https:\/\/www.instagram.com\/claudomirtavares\/\",\"https:\/\/www.youtube.com\/channel\/UCwQf80nxiMzCefAyjbp53Rw\",\"https:\/\/twitter.com\/Claudomir21\"],\"logo\":{\"@type\":\"ImageObject\",\"@id\":\"https:\/\/tribunadapraia.com.br\/#logo\",\"inLanguage\":\"pt-BR\",\"url\":\"https:\/\/tribunadapraia.com.br\/wp-content\/uploads\/2020\/02\/logo.png\",\"contentUrl\":\"https:\/\/tribunadapraia.com.br\/wp-content\/uploads\/2020\/02\/logo.png\",\"width\":501,\"height\":121,\"caption\":\"Tribuna da Praia\"},\"image\":{\"@id\":\"https:\/\/tribunadapraia.com.br\/#logo\"}},{\"@type\":\"WebSite\",\"@id\":\"https:\/\/tribunadapraia.com.br\/#website\",\"url\":\"https:\/\/tribunadapraia.com.br\/\",\"name\":\"TRIBUNA DA PRAIA\",\"description\":\"O 1\\u00ba jornal do interior de Sergipe na internet\",\"publisher\":{\"@id\":\"https:\/\/tribunadapraia.com.br\/#organization\"},\"potentialAction\":[{\"@type\":\"SearchAction\",\"target\":\"https:\/\/tribunadapraia.com.br\/?s={search_term_string}\",\"query-input\":\"required name=search_term_string\"}],\"inLanguage\":\"pt-BR\"},{\"@type\":\"ImageObject\",\"@id\":\"https:\/\/tribunadapraia.com.br\/?p=891#primaryimage\",\"inLanguage\":\"pt-BR\",\"url\":\"https:\/\/tribunadapraia.com.br\/wp-content\/uploads\/2020\/03\/IMG-20200326-WA0012.jpg\",\"contentUrl\":\"https:\/\/tribunadapraia.com.br\/wp-content\/uploads\/2020\/03\/IMG-20200326-WA0012.jpg\",\"width\":543,\"height\":375},{\"@type\":\"WebPage\",\"@id\":\"https:\/\/tribunadapraia.com.br\/?p=891#webpage\",\"url\":\"https:\/\/tribunadapraia.com.br\/?p=891\",\"name\":\"As Pestes em Sergipe. (por Antonio Samarone) - TRIBUNA DA PRAIA\",\"isPartOf\":{\"@id\":\"https:\/\/tribunadapraia.com.br\/#website\"},\"primaryImageOfPage\":{\"@id\":\"https:\/\/tribunadapraia.com.br\/?p=891#primaryimage\"},\"datePublished\":\"2020-03-26T12:22:59+00:00\",\"dateModified\":\"2020-03-26T12:23:44+00:00\",\"breadcrumb\":{\"@id\":\"https:\/\/tribunadapraia.com.br\/?p=891#breadcrumb\"},\"inLanguage\":\"pt-BR\",\"potentialAction\":[{\"@type\":\"ReadAction\",\"target\":[\"https:\/\/tribunadapraia.com.br\/?p=891\"]}]},{\"@type\":\"BreadcrumbList\",\"@id\":\"https:\/\/tribunadapraia.com.br\/?p=891#breadcrumb\",\"itemListElement\":[{\"@type\":\"ListItem\",\"position\":1,\"item\":{\"@type\":\"WebPage\",\"@id\":\"https:\/\/tribunadapraia.com.br\/\",\"url\":\"https:\/\/tribunadapraia.com.br\/\",\"name\":\"In\\u00edcio\"}},{\"@type\":\"ListItem\",\"position\":2,\"item\":{\"@id\":\"https:\/\/tribunadapraia.com.br\/?p=891#webpage\"}}]},{\"@type\":\"Article\",\"@id\":\"https:\/\/tribunadapraia.com.br\/?p=891#article\",\"isPartOf\":{\"@id\":\"https:\/\/tribunadapraia.com.br\/?p=891#webpage\"},\"author\":{\"@id\":\"https:\/\/tribunadapraia.com.br\/#\/schema\/person\/326b0a9f3163b479142c64eba4928de0\"},\"headline\":\"As Pestes em Sergipe. (por Antonio Samarone)\",\"datePublished\":\"2020-03-26T12:22:59+00:00\",\"dateModified\":\"2020-03-26T12:23:44+00:00\",\"mainEntityOfPage\":{\"@id\":\"https:\/\/tribunadapraia.com.br\/?p=891#webpage\"},\"wordCount\":467,\"commentCount\":0,\"publisher\":{\"@id\":\"https:\/\/tribunadapraia.com.br\/#organization\"},\"image\":{\"@id\":\"https:\/\/tribunadapraia.com.br\/?p=891#primaryimage\"},\"thumbnailUrl\":\"https:\/\/tribunadapraia.com.br\/wp-content\/uploads\/2020\/03\/IMG-20200326-WA0012.jpg\",\"articleSection\":[\"Not\\u00edcias\"],\"inLanguage\":\"pt-BR\",\"potentialAction\":[{\"@type\":\"CommentAction\",\"name\":\"Comment\",\"target\":[\"https:\/\/tribunadapraia.com.br\/?p=891#respond\"]}]},{\"@type\":\"Person\",\"@id\":\"https:\/\/tribunadapraia.com.br\/#\/schema\/person\/326b0a9f3163b479142c64eba4928de0\",\"name\":\"tribunadapraia\",\"image\":{\"@type\":\"ImageObject\",\"@id\":\"https:\/\/tribunadapraia.com.br\/#personlogo\",\"inLanguage\":\"pt-BR\",\"url\":\"https:\/\/secure.gravatar.com\/avatar\/38b019c74762496076b7355024a0dad9?s=96&d=identicon&r=g\",\"contentUrl\":\"https:\/\/secure.gravatar.com\/avatar\/38b019c74762496076b7355024a0dad9?s=96&d=identicon&r=g\",\"caption\":\"tribunadapraia\"}}]}<\/script>\n<!-- \/ Yoast SEO plugin. -->","wps_subtitle":"","_links":{"self":[{"href":"https:\/\/tribunadapraia.com.br\/index.php?rest_route=\/wp\/v2\/posts\/891"}],"collection":[{"href":"https:\/\/tribunadapraia.com.br\/index.php?rest_route=\/wp\/v2\/posts"}],"about":[{"href":"https:\/\/tribunadapraia.com.br\/index.php?rest_route=\/wp\/v2\/types\/post"}],"author":[{"embeddable":true,"href":"https:\/\/tribunadapraia.com.br\/index.php?rest_route=\/wp\/v2\/users\/1"}],"replies":[{"embeddable":true,"href":"https:\/\/tribunadapraia.com.br\/index.php?rest_route=%2Fwp%2Fv2%2Fcomments&post=891"}],"version-history":[{"count":1,"href":"https:\/\/tribunadapraia.com.br\/index.php?rest_route=\/wp\/v2\/posts\/891\/revisions"}],"predecessor-version":[{"id":893,"href":"https:\/\/tribunadapraia.com.br\/index.php?rest_route=\/wp\/v2\/posts\/891\/revisions\/893"}],"wp:featuredmedia":[{"embeddable":true,"href":"https:\/\/tribunadapraia.com.br\/index.php?rest_route=\/wp\/v2\/media\/892"}],"wp:attachment":[{"href":"https:\/\/tribunadapraia.com.br\/index.php?rest_route=%2Fwp%2Fv2%2Fmedia&parent=891"}],"wp:term":[{"taxonomy":"category","embeddable":true,"href":"https:\/\/tribunadapraia.com.br\/index.php?rest_route=%2Fwp%2Fv2%2Fcategories&post=891"},{"taxonomy":"post_tag","embeddable":true,"href":"https:\/\/tribunadapraia.com.br\/index.php?rest_route=%2Fwp%2Fv2%2Ftags&post=891"}],"curies":[{"name":"wp","href":"https:\/\/api.w.org\/{rel}","templated":true}]}}