{"id":885,"date":"2020-03-26T08:54:08","date_gmt":"2020-03-26T11:54:08","guid":{"rendered":"https:\/\/tribunadapraia.com.br\/?p=885"},"modified":"2020-03-26T09:01:09","modified_gmt":"2020-03-26T12:01:09","slug":"alagamar-em-pirambu-20-anos-de-luta-pela-terra-assentamento-sao-sebastiao-comemorou-duas-decada-de-r-existencia","status":"publish","type":"post","link":"https:\/\/tribunadapraia.com.br\/?p=885","title":{"rendered":"ALAGAMAR: Em Pirambu, 20 anos de luta pela terra &#8211; Assentamento S\u00e3o Sebasti\u00e3o comemorou duas d\u00e9cada de r\/exist\u00eancia"},"content":{"rendered":"<p>H\u00e1 20 anos, no dia 06 de janeiro de 2trabalhadores sem terra do povoado Alagamar, distante 27 km da sede do munic\u00edpio de Pirambu, come\u00e7avam a ocupar escrever uma das mais belas p\u00e1ginas na hist\u00f3ria da luta pela terra no Brasil. Mobilizados pelo Movimento dos Trabalhadores Rurais Sem Terra (Associa\u00e7\u00e3o Nacional de Coloniza\u00e7\u00e3o Agr\u00edcola) \u2013 MST eles ocuparam uma fazenda improdutiva localizada \u00e0s margens direita da estrada que d\u00e1 acesso ao povoado (atualmente j\u00e1 dentro da comunidade). Ali, come\u00e7ava um dos cap\u00edtulos da Hist\u00f3ria de Pirambu, que inclui ainda o Assentamento Padre Geraldo, na Samba\u00edba, cujo acesso se d\u00e1 no povoado Bebedouro.<\/p>\n<p>De l\u00e1 para c\u00e1, o Acampamento\/Assentamento S\u00e3o Sebasti\u00e3o (a denomina\u00e7\u00e3o \u00e9 uma homenagem ao santo padroeiro do povoado Alagamar) tem travado algumas batalhas para garantir a sobreviv\u00eancia sustent\u00e1vel dos seus integrantes, que se dividem entre a atividade agr\u00edcola (plantio de mandioca), de coletores (cultura da mangaba) e o artesanato a base de palha de adicuri (ou ouricuri), confeccionando produtos como chap\u00e9us, bocas, tapetes e outros \u00edtens deste insumo oriundo.<\/p>\n<p>por ClaudOmir Herzog | imagem: MST\/Sergipe<\/p>\n<p>Fontes consultadas:<\/p>\n<p>Pirambu. Calend\u00e1rio Art\u00edstico-Cultural 2004 \u2013 Mar\u00e7o de 2004.<br \/>\nSILVA, Claudomir Tavares Alagamar, 10 anos de luta pela terra. Pirambu: Tribuna da Ptaia, 2010.<br \/>\n[V\u00eddeo] Alagamar, 15 anos de luta pela terra. Pirambu: Atalainha, 2015.<\/p>\n","protected":false},"excerpt":{"rendered":"<p>H\u00e1 20 anos, no dia 06 de janeiro de 2trabalhadores sem terra do povoado Alagamar, distante 27 km da sede do munic\u00edpio de Pirambu, come\u00e7avam a ocupar escrever uma das mais belas p\u00e1ginas na hist\u00f3ria da luta pela terra no Brasil. Mobilizados pelo Movimento dos Trabalhadores Rurais Sem Terra (Associa\u00e7\u00e3o Nacional de Coloniza\u00e7\u00e3o Agr\u00edcola) \u2013 MST eles ocuparam uma fazenda improdutiva localizada \u00e0s margens direita da estrada que d\u00e1 acesso<\/p>\n","protected":false},"author":3,"featured_media":886,"comment_status":"open","ping_status":"open","sticky":false,"template":"","format":"standard","meta":[],"categories":[18],"tags":[],"yoast_head":"<!-- This site is optimized with the Yoast SEO plugin v16.3 - https:\/\/yoast.com\/wordpress\/plugins\/seo\/ -->\n<title>ALAGAMAR: Em Pirambu, 20 anos de luta pela terra - Assentamento S\u00e3o Sebasti\u00e3o comemorou duas d\u00e9cada de r\/exist\u00eancia - TRIBUNA DA PRAIA<\/title>\n<meta name=\"robots\" content=\"index, follow, max-snippet:-1, max-image-preview:large, max-video-preview:-1\" \/>\n<link rel=\"canonical\" href=\"https:\/\/tribunadapraia.com.br\/?p=885\" \/>\n<meta property=\"og:locale\" content=\"pt_BR\" \/>\n<meta property=\"og:type\" content=\"article\" \/>\n<meta property=\"og:title\" content=\"ALAGAMAR: Em Pirambu, 20 anos de luta pela terra - Assentamento S\u00e3o Sebasti\u00e3o comemorou duas d\u00e9cada de r\/exist\u00eancia - TRIBUNA DA PRAIA\" \/>\n<meta property=\"og:description\" content=\"H\u00e1 20 anos, no dia 06 de janeiro de 2trabalhadores sem terra do povoado Alagamar, distante 27 km da sede do munic\u00edpio de Pirambu, come\u00e7avam a ocupar escrever uma das mais belas p\u00e1ginas na hist\u00f3ria da luta pela terra no Brasil. Mobilizados pelo Movimento dos Trabalhadores Rurais Sem Terra (Associa\u00e7\u00e3o Nacional de Coloniza\u00e7\u00e3o Agr\u00edcola) \u2013 MST eles ocuparam uma fazenda improdutiva localizada \u00e0s margens direita da estrada que d\u00e1 acesso\" \/>\n<meta property=\"og:url\" content=\"https:\/\/tribunadapraia.com.br\/?p=885\" \/>\n<meta property=\"og:site_name\" content=\"TRIBUNA DA PRAIA\" \/>\n<meta property=\"article:publisher\" content=\"https:\/\/www.facebook.com\/tribunadapraiaonline\/\" \/>\n<meta property=\"article:published_time\" content=\"2020-03-26T11:54:08+00:00\" \/>\n<meta property=\"article:modified_time\" content=\"2020-03-26T12:01:09+00:00\" \/>\n<meta property=\"og:image\" content=\"https:\/\/tribunadapraia.com.br\/wp-content\/uploads\/2020\/03\/IMG-20200326-WA0005.jpg\" \/>\n\t<meta property=\"og:image:width\" content=\"300\" \/>\n\t<meta property=\"og:image:height\" content=\"200\" \/>\n<meta name=\"twitter:card\" content=\"summary_large_image\" \/>\n<meta name=\"twitter:creator\" content=\"@Claudomir21\" \/>\n<meta name=\"twitter:site\" content=\"@Claudomir21\" \/>\n<meta name=\"twitter:label1\" content=\"Est. tempo de leitura\">\n\t<meta name=\"twitter:data1\" content=\"1 minuto\">\n<script type=\"application\/ld+json\" class=\"yoast-schema-graph\">{\"@context\":\"https:\/\/schema.org\",\"@graph\":[{\"@type\":\"Organization\",\"@id\":\"https:\/\/tribunadapraia.com.br\/#organization\",\"name\":\"Tribuna da Praia\",\"url\":\"https:\/\/tribunadapraia.com.br\/\",\"sameAs\":[\"https:\/\/www.facebook.com\/tribunadapraiaonline\/\",\"https:\/\/www.instagram.com\/claudomirtavares\/\",\"https:\/\/www.youtube.com\/channel\/UCwQf80nxiMzCefAyjbp53Rw\",\"https:\/\/twitter.com\/Claudomir21\"],\"logo\":{\"@type\":\"ImageObject\",\"@id\":\"https:\/\/tribunadapraia.com.br\/#logo\",\"inLanguage\":\"pt-BR\",\"url\":\"https:\/\/tribunadapraia.com.br\/wp-content\/uploads\/2020\/02\/logo.png\",\"contentUrl\":\"https:\/\/tribunadapraia.com.br\/wp-content\/uploads\/2020\/02\/logo.png\",\"width\":501,\"height\":121,\"caption\":\"Tribuna da Praia\"},\"image\":{\"@id\":\"https:\/\/tribunadapraia.com.br\/#logo\"}},{\"@type\":\"WebSite\",\"@id\":\"https:\/\/tribunadapraia.com.br\/#website\",\"url\":\"https:\/\/tribunadapraia.com.br\/\",\"name\":\"TRIBUNA DA PRAIA\",\"description\":\"O 1\\u00ba jornal do interior de Sergipe na internet\",\"publisher\":{\"@id\":\"https:\/\/tribunadapraia.com.br\/#organization\"},\"potentialAction\":[{\"@type\":\"SearchAction\",\"target\":\"https:\/\/tribunadapraia.com.br\/?s={search_term_string}\",\"query-input\":\"required name=search_term_string\"}],\"inLanguage\":\"pt-BR\"},{\"@type\":\"ImageObject\",\"@id\":\"https:\/\/tribunadapraia.com.br\/?p=885#primaryimage\",\"inLanguage\":\"pt-BR\",\"url\":\"https:\/\/tribunadapraia.com.br\/wp-content\/uploads\/2020\/03\/IMG-20200326-WA0005.jpg\",\"contentUrl\":\"https:\/\/tribunadapraia.com.br\/wp-content\/uploads\/2020\/03\/IMG-20200326-WA0005.jpg\",\"width\":300,\"height\":200},{\"@type\":\"WebPage\",\"@id\":\"https:\/\/tribunadapraia.com.br\/?p=885#webpage\",\"url\":\"https:\/\/tribunadapraia.com.br\/?p=885\",\"name\":\"ALAGAMAR: Em Pirambu, 20 anos de luta pela terra - Assentamento S\\u00e3o Sebasti\\u00e3o comemorou duas d\\u00e9cada de r\/exist\\u00eancia - TRIBUNA DA PRAIA\",\"isPartOf\":{\"@id\":\"https:\/\/tribunadapraia.com.br\/#website\"},\"primaryImageOfPage\":{\"@id\":\"https:\/\/tribunadapraia.com.br\/?p=885#primaryimage\"},\"datePublished\":\"2020-03-26T11:54:08+00:00\",\"dateModified\":\"2020-03-26T12:01:09+00:00\",\"breadcrumb\":{\"@id\":\"https:\/\/tribunadapraia.com.br\/?p=885#breadcrumb\"},\"inLanguage\":\"pt-BR\",\"potentialAction\":[{\"@type\":\"ReadAction\",\"target\":[\"https:\/\/tribunadapraia.com.br\/?p=885\"]}]},{\"@type\":\"BreadcrumbList\",\"@id\":\"https:\/\/tribunadapraia.com.br\/?p=885#breadcrumb\",\"itemListElement\":[{\"@type\":\"ListItem\",\"position\":1,\"item\":{\"@type\":\"WebPage\",\"@id\":\"https:\/\/tribunadapraia.com.br\/\",\"url\":\"https:\/\/tribunadapraia.com.br\/\",\"name\":\"In\\u00edcio\"}},{\"@type\":\"ListItem\",\"position\":2,\"item\":{\"@id\":\"https:\/\/tribunadapraia.com.br\/?p=885#webpage\"}}]},{\"@type\":\"Article\",\"@id\":\"https:\/\/tribunadapraia.com.br\/?p=885#article\",\"isPartOf\":{\"@id\":\"https:\/\/tribunadapraia.com.br\/?p=885#webpage\"},\"author\":{\"@id\":\"https:\/\/tribunadapraia.com.br\/#\/schema\/person\/099fbbf59acc5895c0d7d52b4fc46c97\"},\"headline\":\"ALAGAMAR: Em Pirambu, 20 anos de luta pela terra &#8211; Assentamento S\\u00e3o Sebasti\\u00e3o comemorou duas d\\u00e9cada de r\/exist\\u00eancia\",\"datePublished\":\"2020-03-26T11:54:08+00:00\",\"dateModified\":\"2020-03-26T12:01:09+00:00\",\"mainEntityOfPage\":{\"@id\":\"https:\/\/tribunadapraia.com.br\/?p=885#webpage\"},\"wordCount\":246,\"commentCount\":1,\"publisher\":{\"@id\":\"https:\/\/tribunadapraia.com.br\/#organization\"},\"image\":{\"@id\":\"https:\/\/tribunadapraia.com.br\/?p=885#primaryimage\"},\"thumbnailUrl\":\"https:\/\/tribunadapraia.com.br\/wp-content\/uploads\/2020\/03\/IMG-20200326-WA0005.jpg\",\"articleSection\":[\"Not\\u00edcias\"],\"inLanguage\":\"pt-BR\",\"potentialAction\":[{\"@type\":\"CommentAction\",\"name\":\"Comment\",\"target\":[\"https:\/\/tribunadapraia.com.br\/?p=885#respond\"]}]},{\"@type\":\"Person\",\"@id\":\"https:\/\/tribunadapraia.com.br\/#\/schema\/person\/099fbbf59acc5895c0d7d52b4fc46c97\",\"name\":\"Reda\\u00e7\\u00e3o\",\"image\":{\"@type\":\"ImageObject\",\"@id\":\"https:\/\/tribunadapraia.com.br\/#personlogo\",\"inLanguage\":\"pt-BR\",\"url\":\"https:\/\/secure.gravatar.com\/avatar\/91c8b91d2bfd7784eac5c3e055361f64?s=96&d=identicon&r=g\",\"contentUrl\":\"https:\/\/secure.gravatar.com\/avatar\/91c8b91d2bfd7784eac5c3e055361f64?s=96&d=identicon&r=g\",\"caption\":\"Reda\\u00e7\\u00e3o\"}}]}<\/script>\n<!-- \/ Yoast SEO plugin. -->","wps_subtitle":"","_links":{"self":[{"href":"https:\/\/tribunadapraia.com.br\/index.php?rest_route=\/wp\/v2\/posts\/885"}],"collection":[{"href":"https:\/\/tribunadapraia.com.br\/index.php?rest_route=\/wp\/v2\/posts"}],"about":[{"href":"https:\/\/tribunadapraia.com.br\/index.php?rest_route=\/wp\/v2\/types\/post"}],"author":[{"embeddable":true,"href":"https:\/\/tribunadapraia.com.br\/index.php?rest_route=\/wp\/v2\/users\/3"}],"replies":[{"embeddable":true,"href":"https:\/\/tribunadapraia.com.br\/index.php?rest_route=%2Fwp%2Fv2%2Fcomments&post=885"}],"version-history":[{"count":3,"href":"https:\/\/tribunadapraia.com.br\/index.php?rest_route=\/wp\/v2\/posts\/885\/revisions"}],"predecessor-version":[{"id":889,"href":"https:\/\/tribunadapraia.com.br\/index.php?rest_route=\/wp\/v2\/posts\/885\/revisions\/889"}],"wp:featuredmedia":[{"embeddable":true,"href":"https:\/\/tribunadapraia.com.br\/index.php?rest_route=\/wp\/v2\/media\/886"}],"wp:attachment":[{"href":"https:\/\/tribunadapraia.com.br\/index.php?rest_route=%2Fwp%2Fv2%2Fmedia&parent=885"}],"wp:term":[{"taxonomy":"category","embeddable":true,"href":"https:\/\/tribunadapraia.com.br\/index.php?rest_route=%2Fwp%2Fv2%2Fcategories&post=885"},{"taxonomy":"post_tag","embeddable":true,"href":"https:\/\/tribunadapraia.com.br\/index.php?rest_route=%2Fwp%2Fv2%2Ftags&post=885"}],"curies":[{"name":"wp","href":"https:\/\/api.w.org\/{rel}","templated":true}]}}