{"id":879,"date":"2020-03-26T07:34:33","date_gmt":"2020-03-26T10:34:33","guid":{"rendered":"https:\/\/tribunadapraia.com.br\/?p=879"},"modified":"2020-03-26T07:41:44","modified_gmt":"2020-03-26T10:41:44","slug":"colapso-i-coronavirus-o-que-pode-acontecer-aos-brasileiros-sem-o-isolamento-social","status":"publish","type":"post","link":"https:\/\/tribunadapraia.com.br\/?p=879","title":{"rendered":"COLAPSO I Coronav\u00edrus: o que pode acontecer aos brasileiros sem o isolamento social?"},"content":{"rendered":"<p>Com popula\u00e7\u00e3o numerosa e vulner\u00e1vel, Brasil n\u00e3o \u00e9 compar\u00e1vel a na\u00e7\u00f5es desenvolvidas com menos restri\u00e7\u00f5es da circula\u00e7\u00e3o_<\/p>\n<p>Em todo o mundo, pa\u00edses que vinham defendendo o isolamento apenas parcial, j\u00e1 voltaram atr\u00e1s na decis\u00e3o*. Aqueles que ainda mant\u00eam o conceito em pr\u00e1tica, como o Jap\u00e3o, t\u00eam a favor de si uma economia robusta, territ\u00f3rio e popula\u00e7\u00f5es menores, maior acesso \u00e0 educa\u00e7\u00e3o, n\u00famero pequenos de \u00e1reas em situa\u00e7\u00e3o prec\u00e1ria, al\u00e9m de outras diferen\u00e7as socioculturais expressivas. https:\/\/bit.ly\/2WJa71i<\/p>\n<p>por Brasil de Fato<\/p>\n","protected":false},"excerpt":{"rendered":"<p>Com popula\u00e7\u00e3o numerosa e vulner\u00e1vel, Brasil n\u00e3o \u00e9 compar\u00e1vel a na\u00e7\u00f5es desenvolvidas com menos restri\u00e7\u00f5es da circula\u00e7\u00e3o_ Em todo o mundo, pa\u00edses que vinham defendendo o isolamento apenas parcial, j\u00e1 voltaram atr\u00e1s na decis\u00e3o*. Aqueles que ainda mant\u00eam o conceito em pr\u00e1tica, como o Jap\u00e3o, t\u00eam a favor de si uma economia robusta, territ\u00f3rio e popula\u00e7\u00f5es menores, maior acesso \u00e0 educa\u00e7\u00e3o, n\u00famero pequenos de \u00e1reas em situa\u00e7\u00e3o prec\u00e1ria, al\u00e9m de<\/p>\n","protected":false},"author":1,"featured_media":880,"comment_status":"open","ping_status":"open","sticky":false,"template":"","format":"standard","meta":[],"categories":[18],"tags":[],"yoast_head":"<!-- This site is optimized with the Yoast SEO plugin v16.3 - https:\/\/yoast.com\/wordpress\/plugins\/seo\/ -->\n<title>COLAPSO I Coronav\u00edrus: o que pode acontecer aos brasileiros sem o isolamento social? - TRIBUNA DA PRAIA<\/title>\n<meta name=\"robots\" content=\"index, follow, max-snippet:-1, max-image-preview:large, max-video-preview:-1\" \/>\n<link rel=\"canonical\" href=\"https:\/\/tribunadapraia.com.br\/?p=879\" \/>\n<meta property=\"og:locale\" content=\"pt_BR\" \/>\n<meta property=\"og:type\" content=\"article\" \/>\n<meta property=\"og:title\" content=\"COLAPSO I Coronav\u00edrus: o que pode acontecer aos brasileiros sem o isolamento social? - TRIBUNA DA PRAIA\" \/>\n<meta property=\"og:description\" content=\"Com popula\u00e7\u00e3o numerosa e vulner\u00e1vel, Brasil n\u00e3o \u00e9 compar\u00e1vel a na\u00e7\u00f5es desenvolvidas com menos restri\u00e7\u00f5es da circula\u00e7\u00e3o_ Em todo o mundo, pa\u00edses que vinham defendendo o isolamento apenas parcial, j\u00e1 voltaram atr\u00e1s na decis\u00e3o*. Aqueles que ainda mant\u00eam o conceito em pr\u00e1tica, como o Jap\u00e3o, t\u00eam a favor de si uma economia robusta, territ\u00f3rio e popula\u00e7\u00f5es menores, maior acesso \u00e0 educa\u00e7\u00e3o, n\u00famero pequenos de \u00e1reas em situa\u00e7\u00e3o prec\u00e1ria, al\u00e9m de\" \/>\n<meta property=\"og:url\" content=\"https:\/\/tribunadapraia.com.br\/?p=879\" \/>\n<meta property=\"og:site_name\" content=\"TRIBUNA DA PRAIA\" \/>\n<meta property=\"article:publisher\" content=\"https:\/\/www.facebook.com\/tribunadapraiaonline\/\" \/>\n<meta property=\"article:published_time\" content=\"2020-03-26T10:34:33+00:00\" \/>\n<meta property=\"article:modified_time\" content=\"2020-03-26T10:41:44+00:00\" \/>\n<meta property=\"og:image\" content=\"https:\/\/tribunadapraia.com.br\/wp-content\/uploads\/2020\/03\/IMG-20200326-WA0002.jpg\" \/>\n\t<meta property=\"og:image:width\" content=\"800\" \/>\n\t<meta property=\"og:image:height\" content=\"531\" \/>\n<meta name=\"twitter:card\" content=\"summary_large_image\" \/>\n<meta name=\"twitter:creator\" content=\"@Claudomir21\" \/>\n<meta name=\"twitter:site\" content=\"@Claudomir21\" \/>\n<meta name=\"twitter:label1\" content=\"Est. tempo de leitura\">\n\t<meta name=\"twitter:data1\" content=\"1 minuto\">\n<script type=\"application\/ld+json\" class=\"yoast-schema-graph\">{\"@context\":\"https:\/\/schema.org\",\"@graph\":[{\"@type\":\"Organization\",\"@id\":\"https:\/\/tribunadapraia.com.br\/#organization\",\"name\":\"Tribuna da Praia\",\"url\":\"https:\/\/tribunadapraia.com.br\/\",\"sameAs\":[\"https:\/\/www.facebook.com\/tribunadapraiaonline\/\",\"https:\/\/www.instagram.com\/claudomirtavares\/\",\"https:\/\/www.youtube.com\/channel\/UCwQf80nxiMzCefAyjbp53Rw\",\"https:\/\/twitter.com\/Claudomir21\"],\"logo\":{\"@type\":\"ImageObject\",\"@id\":\"https:\/\/tribunadapraia.com.br\/#logo\",\"inLanguage\":\"pt-BR\",\"url\":\"https:\/\/tribunadapraia.com.br\/wp-content\/uploads\/2020\/02\/logo.png\",\"contentUrl\":\"https:\/\/tribunadapraia.com.br\/wp-content\/uploads\/2020\/02\/logo.png\",\"width\":501,\"height\":121,\"caption\":\"Tribuna da Praia\"},\"image\":{\"@id\":\"https:\/\/tribunadapraia.com.br\/#logo\"}},{\"@type\":\"WebSite\",\"@id\":\"https:\/\/tribunadapraia.com.br\/#website\",\"url\":\"https:\/\/tribunadapraia.com.br\/\",\"name\":\"TRIBUNA DA PRAIA\",\"description\":\"O 1\\u00ba jornal do interior de Sergipe na internet\",\"publisher\":{\"@id\":\"https:\/\/tribunadapraia.com.br\/#organization\"},\"potentialAction\":[{\"@type\":\"SearchAction\",\"target\":\"https:\/\/tribunadapraia.com.br\/?s={search_term_string}\",\"query-input\":\"required name=search_term_string\"}],\"inLanguage\":\"pt-BR\"},{\"@type\":\"ImageObject\",\"@id\":\"https:\/\/tribunadapraia.com.br\/?p=879#primaryimage\",\"inLanguage\":\"pt-BR\",\"url\":\"https:\/\/tribunadapraia.com.br\/wp-content\/uploads\/2020\/03\/IMG-20200326-WA0002.jpg\",\"contentUrl\":\"https:\/\/tribunadapraia.com.br\/wp-content\/uploads\/2020\/03\/IMG-20200326-WA0002.jpg\",\"width\":800,\"height\":531},{\"@type\":\"WebPage\",\"@id\":\"https:\/\/tribunadapraia.com.br\/?p=879#webpage\",\"url\":\"https:\/\/tribunadapraia.com.br\/?p=879\",\"name\":\"COLAPSO I Coronav\\u00edrus: o que pode acontecer aos brasileiros sem o isolamento social? - TRIBUNA DA PRAIA\",\"isPartOf\":{\"@id\":\"https:\/\/tribunadapraia.com.br\/#website\"},\"primaryImageOfPage\":{\"@id\":\"https:\/\/tribunadapraia.com.br\/?p=879#primaryimage\"},\"datePublished\":\"2020-03-26T10:34:33+00:00\",\"dateModified\":\"2020-03-26T10:41:44+00:00\",\"breadcrumb\":{\"@id\":\"https:\/\/tribunadapraia.com.br\/?p=879#breadcrumb\"},\"inLanguage\":\"pt-BR\",\"potentialAction\":[{\"@type\":\"ReadAction\",\"target\":[\"https:\/\/tribunadapraia.com.br\/?p=879\"]}]},{\"@type\":\"BreadcrumbList\",\"@id\":\"https:\/\/tribunadapraia.com.br\/?p=879#breadcrumb\",\"itemListElement\":[{\"@type\":\"ListItem\",\"position\":1,\"item\":{\"@type\":\"WebPage\",\"@id\":\"https:\/\/tribunadapraia.com.br\/\",\"url\":\"https:\/\/tribunadapraia.com.br\/\",\"name\":\"In\\u00edcio\"}},{\"@type\":\"ListItem\",\"position\":2,\"item\":{\"@id\":\"https:\/\/tribunadapraia.com.br\/?p=879#webpage\"}}]},{\"@type\":\"Article\",\"@id\":\"https:\/\/tribunadapraia.com.br\/?p=879#article\",\"isPartOf\":{\"@id\":\"https:\/\/tribunadapraia.com.br\/?p=879#webpage\"},\"author\":{\"@id\":\"https:\/\/tribunadapraia.com.br\/#\/schema\/person\/326b0a9f3163b479142c64eba4928de0\"},\"headline\":\"COLAPSO I Coronav\\u00edrus: o que pode acontecer aos brasileiros sem o isolamento social?\",\"datePublished\":\"2020-03-26T10:34:33+00:00\",\"dateModified\":\"2020-03-26T10:41:44+00:00\",\"mainEntityOfPage\":{\"@id\":\"https:\/\/tribunadapraia.com.br\/?p=879#webpage\"},\"wordCount\":117,\"commentCount\":0,\"publisher\":{\"@id\":\"https:\/\/tribunadapraia.com.br\/#organization\"},\"image\":{\"@id\":\"https:\/\/tribunadapraia.com.br\/?p=879#primaryimage\"},\"thumbnailUrl\":\"https:\/\/tribunadapraia.com.br\/wp-content\/uploads\/2020\/03\/IMG-20200326-WA0002.jpg\",\"articleSection\":[\"Not\\u00edcias\"],\"inLanguage\":\"pt-BR\",\"potentialAction\":[{\"@type\":\"CommentAction\",\"name\":\"Comment\",\"target\":[\"https:\/\/tribunadapraia.com.br\/?p=879#respond\"]}]},{\"@type\":\"Person\",\"@id\":\"https:\/\/tribunadapraia.com.br\/#\/schema\/person\/326b0a9f3163b479142c64eba4928de0\",\"name\":\"tribunadapraia\",\"image\":{\"@type\":\"ImageObject\",\"@id\":\"https:\/\/tribunadapraia.com.br\/#personlogo\",\"inLanguage\":\"pt-BR\",\"url\":\"https:\/\/secure.gravatar.com\/avatar\/38b019c74762496076b7355024a0dad9?s=96&d=identicon&r=g\",\"contentUrl\":\"https:\/\/secure.gravatar.com\/avatar\/38b019c74762496076b7355024a0dad9?s=96&d=identicon&r=g\",\"caption\":\"tribunadapraia\"}}]}<\/script>\n<!-- \/ Yoast SEO plugin. -->","wps_subtitle":"","_links":{"self":[{"href":"https:\/\/tribunadapraia.com.br\/index.php?rest_route=\/wp\/v2\/posts\/879"}],"collection":[{"href":"https:\/\/tribunadapraia.com.br\/index.php?rest_route=\/wp\/v2\/posts"}],"about":[{"href":"https:\/\/tribunadapraia.com.br\/index.php?rest_route=\/wp\/v2\/types\/post"}],"author":[{"embeddable":true,"href":"https:\/\/tribunadapraia.com.br\/index.php?rest_route=\/wp\/v2\/users\/1"}],"replies":[{"embeddable":true,"href":"https:\/\/tribunadapraia.com.br\/index.php?rest_route=%2Fwp%2Fv2%2Fcomments&post=879"}],"version-history":[{"count":3,"href":"https:\/\/tribunadapraia.com.br\/index.php?rest_route=\/wp\/v2\/posts\/879\/revisions"}],"predecessor-version":[{"id":883,"href":"https:\/\/tribunadapraia.com.br\/index.php?rest_route=\/wp\/v2\/posts\/879\/revisions\/883"}],"wp:featuredmedia":[{"embeddable":true,"href":"https:\/\/tribunadapraia.com.br\/index.php?rest_route=\/wp\/v2\/media\/880"}],"wp:attachment":[{"href":"https:\/\/tribunadapraia.com.br\/index.php?rest_route=%2Fwp%2Fv2%2Fmedia&parent=879"}],"wp:term":[{"taxonomy":"category","embeddable":true,"href":"https:\/\/tribunadapraia.com.br\/index.php?rest_route=%2Fwp%2Fv2%2Fcategories&post=879"},{"taxonomy":"post_tag","embeddable":true,"href":"https:\/\/tribunadapraia.com.br\/index.php?rest_route=%2Fwp%2Fv2%2Ftags&post=879"}],"curies":[{"name":"wp","href":"https:\/\/api.w.org\/{rel}","templated":true}]}}