{"id":862,"date":"2020-03-25T11:30:53","date_gmt":"2020-03-25T14:30:53","guid":{"rendered":"https:\/\/tribunadapraia.com.br\/?p=862"},"modified":"2020-03-25T11:31:39","modified_gmt":"2020-03-25T14:31:39","slug":"artigo-a-peste-de-disenteria-em-aracaju-por-antonio-samarone","status":"publish","type":"post","link":"https:\/\/tribunadapraia.com.br\/?p=862","title":{"rendered":"ARTIGO: A Peste de Disenteria em Aracaju. (por Antonio Samarone)"},"content":{"rendered":"<p>No in\u00edcio de 1908, Aracaju viveu uma Peste de disenteria (deje\u00e7\u00f5es sanguinolentas frequentes, tenesmos violentos, c\u00f3licas e febre continua). Se levantou a suspeita sobre sua poss\u00edvel difus\u00e3o pelo resto do Estado.<\/p>\n<p>O tratamento era feito com doses m\u00ednimas de \u201cipeca\u201d (Asclepias curassavica) e uma boa dose de \u00f3pio. Tintura de \u00f3pio ou elixir pareg\u00f3rico \u00e9 um medicamento da classe dos narc\u00f3ticos, de administra\u00e7\u00e3o oral, utilizado como antidiarreico e analg\u00e9sico.<\/p>\n<p>Se defecava no mato, nas touceiras de bananeiras, nas praias, nos rios, nos fundos de quintais, ao p\u00e9 dos murros e at\u00e9 nas pra\u00e7as.<\/p>\n<p>A limpeza p\u00fablica estava entregue aos urubus e \u00e0s mar\u00e9s. Ali\u00e1s, em Aracaju, a mar\u00e9 continua levando e trazendo excrementos para a porta das casas. Pelo menos para os que moram pr\u00f3ximo ao Batist\u00e3o.<\/p>\n<p>Nos conta o Dr. Helv\u00e9cio Andrade:<\/p>\n<p>\u201cA seca, a fome, a invas\u00e3o de retirantes, levas de mendigos perambulavam pelas ruas do Aracaju em 1908. A epidemia foi de gravidade comparada ao flagelo da var\u00edola de 1888.\u201d<\/p>\n<p>\u201cA \u00e1gua de beber, que preocupa a popula\u00e7\u00e3o desde a funda\u00e7\u00e3o da cidade, continuava a mesma: uma infus\u00e3o de mangue temperada com o que abunda em todos os quintais. A epidemia se alimenta desse quadro.\u201d<\/p>\n<p>Aconselha o doutor Helv\u00e9cio Andrade:<\/p>\n<p>\u201cbeber \u00e1gua fervida ou filtrada abster-se de frutas, legumes crus, usar os alimentos bem cozinhados, evitando refei\u00e7\u00f5es abundantes \u00e0 noite\u201d.<\/p>\n<p>&#8220;O doente deve estar em aposentos vastos, asseados e muito bem ventilado. Todo cuidado com as deje\u00e7\u00f5es dos doentes: o despejo deve ser levado constantemente e conter uma subst\u00e2ncia anti-s\u00e9ptica. \u00c9 perigoso atirar no ch\u00e3o, nos quintais as deje\u00e7\u00f5es dos doentes\u201d.<\/p>\n<p>Mesmo a tecnologia dos \u201cwalter closet\u201d WC, ingl\u00eas e do bidet franc\u00eas tendo chegado no Brasil no final do s\u00e9culo XIX, o povo demorou a ter acesso a esses avan\u00e7os sanit\u00e1rios em Aracaju.<\/p>\n<p>Em Aracaju, muitos morreram e muitos escaparam da caganeira de 1908&#8230;<\/p>\n<p>por Antonio Samarone.<\/p>\n","protected":false},"excerpt":{"rendered":"<p>No in\u00edcio de 1908, Aracaju viveu uma Peste de disenteria (deje\u00e7\u00f5es sanguinolentas frequentes, tenesmos violentos, c\u00f3licas e febre continua). Se levantou a suspeita sobre sua poss\u00edvel difus\u00e3o pelo resto do Estado. O tratamento era feito com doses m\u00ednimas de \u201cipeca\u201d (Asclepias curassavica) e uma boa dose de \u00f3pio. Tintura de \u00f3pio ou elixir pareg\u00f3rico \u00e9 um medicamento da classe dos narc\u00f3ticos, de administra\u00e7\u00e3o oral, utilizado como antidiarreico e analg\u00e9sico. Se<\/p>\n","protected":false},"author":1,"featured_media":863,"comment_status":"open","ping_status":"open","sticky":false,"template":"","format":"standard","meta":[],"categories":[18],"tags":[],"yoast_head":"<!-- This site is optimized with the Yoast SEO plugin v16.3 - https:\/\/yoast.com\/wordpress\/plugins\/seo\/ -->\n<title>ARTIGO: A Peste de Disenteria em Aracaju. (por Antonio Samarone) - TRIBUNA DA PRAIA<\/title>\n<meta name=\"robots\" content=\"index, follow, max-snippet:-1, max-image-preview:large, max-video-preview:-1\" \/>\n<link rel=\"canonical\" href=\"https:\/\/tribunadapraia.com.br\/?p=862\" \/>\n<meta property=\"og:locale\" content=\"pt_BR\" \/>\n<meta property=\"og:type\" content=\"article\" \/>\n<meta property=\"og:title\" content=\"ARTIGO: A Peste de Disenteria em Aracaju. (por Antonio Samarone) - TRIBUNA DA PRAIA\" \/>\n<meta property=\"og:description\" content=\"No in\u00edcio de 1908, Aracaju viveu uma Peste de disenteria (deje\u00e7\u00f5es sanguinolentas frequentes, tenesmos violentos, c\u00f3licas e febre continua). Se levantou a suspeita sobre sua poss\u00edvel difus\u00e3o pelo resto do Estado. O tratamento era feito com doses m\u00ednimas de \u201cipeca\u201d (Asclepias curassavica) e uma boa dose de \u00f3pio. Tintura de \u00f3pio ou elixir pareg\u00f3rico \u00e9 um medicamento da classe dos narc\u00f3ticos, de administra\u00e7\u00e3o oral, utilizado como antidiarreico e analg\u00e9sico. Se\" \/>\n<meta property=\"og:url\" content=\"https:\/\/tribunadapraia.com.br\/?p=862\" \/>\n<meta property=\"og:site_name\" content=\"TRIBUNA DA PRAIA\" \/>\n<meta property=\"article:publisher\" content=\"https:\/\/www.facebook.com\/tribunadapraiaonline\/\" \/>\n<meta property=\"article:published_time\" content=\"2020-03-25T14:30:53+00:00\" \/>\n<meta property=\"article:modified_time\" content=\"2020-03-25T14:31:39+00:00\" \/>\n<meta property=\"og:image\" content=\"https:\/\/tribunadapraia.com.br\/wp-content\/uploads\/2020\/03\/IMG-20200325-WA0055.jpg\" \/>\n\t<meta property=\"og:image:width\" content=\"209\" \/>\n\t<meta property=\"og:image:height\" content=\"242\" \/>\n<meta name=\"twitter:card\" content=\"summary_large_image\" \/>\n<meta name=\"twitter:creator\" content=\"@Claudomir21\" \/>\n<meta name=\"twitter:site\" content=\"@Claudomir21\" \/>\n<meta name=\"twitter:label1\" content=\"Est. tempo de leitura\">\n\t<meta name=\"twitter:data1\" content=\"2 minutos\">\n<script type=\"application\/ld+json\" class=\"yoast-schema-graph\">{\"@context\":\"https:\/\/schema.org\",\"@graph\":[{\"@type\":\"Organization\",\"@id\":\"https:\/\/tribunadapraia.com.br\/#organization\",\"name\":\"Tribuna da Praia\",\"url\":\"https:\/\/tribunadapraia.com.br\/\",\"sameAs\":[\"https:\/\/www.facebook.com\/tribunadapraiaonline\/\",\"https:\/\/www.instagram.com\/claudomirtavares\/\",\"https:\/\/www.youtube.com\/channel\/UCwQf80nxiMzCefAyjbp53Rw\",\"https:\/\/twitter.com\/Claudomir21\"],\"logo\":{\"@type\":\"ImageObject\",\"@id\":\"https:\/\/tribunadapraia.com.br\/#logo\",\"inLanguage\":\"pt-BR\",\"url\":\"https:\/\/tribunadapraia.com.br\/wp-content\/uploads\/2020\/02\/logo.png\",\"contentUrl\":\"https:\/\/tribunadapraia.com.br\/wp-content\/uploads\/2020\/02\/logo.png\",\"width\":501,\"height\":121,\"caption\":\"Tribuna da Praia\"},\"image\":{\"@id\":\"https:\/\/tribunadapraia.com.br\/#logo\"}},{\"@type\":\"WebSite\",\"@id\":\"https:\/\/tribunadapraia.com.br\/#website\",\"url\":\"https:\/\/tribunadapraia.com.br\/\",\"name\":\"TRIBUNA DA PRAIA\",\"description\":\"O 1\\u00ba jornal do interior de Sergipe na internet\",\"publisher\":{\"@id\":\"https:\/\/tribunadapraia.com.br\/#organization\"},\"potentialAction\":[{\"@type\":\"SearchAction\",\"target\":\"https:\/\/tribunadapraia.com.br\/?s={search_term_string}\",\"query-input\":\"required name=search_term_string\"}],\"inLanguage\":\"pt-BR\"},{\"@type\":\"ImageObject\",\"@id\":\"https:\/\/tribunadapraia.com.br\/?p=862#primaryimage\",\"inLanguage\":\"pt-BR\",\"url\":\"https:\/\/tribunadapraia.com.br\/wp-content\/uploads\/2020\/03\/IMG-20200325-WA0055.jpg\",\"contentUrl\":\"https:\/\/tribunadapraia.com.br\/wp-content\/uploads\/2020\/03\/IMG-20200325-WA0055.jpg\",\"width\":209,\"height\":242},{\"@type\":\"WebPage\",\"@id\":\"https:\/\/tribunadapraia.com.br\/?p=862#webpage\",\"url\":\"https:\/\/tribunadapraia.com.br\/?p=862\",\"name\":\"ARTIGO: A Peste de Disenteria em Aracaju. (por Antonio Samarone) - TRIBUNA DA PRAIA\",\"isPartOf\":{\"@id\":\"https:\/\/tribunadapraia.com.br\/#website\"},\"primaryImageOfPage\":{\"@id\":\"https:\/\/tribunadapraia.com.br\/?p=862#primaryimage\"},\"datePublished\":\"2020-03-25T14:30:53+00:00\",\"dateModified\":\"2020-03-25T14:31:39+00:00\",\"breadcrumb\":{\"@id\":\"https:\/\/tribunadapraia.com.br\/?p=862#breadcrumb\"},\"inLanguage\":\"pt-BR\",\"potentialAction\":[{\"@type\":\"ReadAction\",\"target\":[\"https:\/\/tribunadapraia.com.br\/?p=862\"]}]},{\"@type\":\"BreadcrumbList\",\"@id\":\"https:\/\/tribunadapraia.com.br\/?p=862#breadcrumb\",\"itemListElement\":[{\"@type\":\"ListItem\",\"position\":1,\"item\":{\"@type\":\"WebPage\",\"@id\":\"https:\/\/tribunadapraia.com.br\/\",\"url\":\"https:\/\/tribunadapraia.com.br\/\",\"name\":\"In\\u00edcio\"}},{\"@type\":\"ListItem\",\"position\":2,\"item\":{\"@id\":\"https:\/\/tribunadapraia.com.br\/?p=862#webpage\"}}]},{\"@type\":\"Article\",\"@id\":\"https:\/\/tribunadapraia.com.br\/?p=862#article\",\"isPartOf\":{\"@id\":\"https:\/\/tribunadapraia.com.br\/?p=862#webpage\"},\"author\":{\"@id\":\"https:\/\/tribunadapraia.com.br\/#\/schema\/person\/326b0a9f3163b479142c64eba4928de0\"},\"headline\":\"ARTIGO: A Peste de Disenteria em Aracaju. (por Antonio Samarone)\",\"datePublished\":\"2020-03-25T14:30:53+00:00\",\"dateModified\":\"2020-03-25T14:31:39+00:00\",\"mainEntityOfPage\":{\"@id\":\"https:\/\/tribunadapraia.com.br\/?p=862#webpage\"},\"wordCount\":348,\"commentCount\":0,\"publisher\":{\"@id\":\"https:\/\/tribunadapraia.com.br\/#organization\"},\"image\":{\"@id\":\"https:\/\/tribunadapraia.com.br\/?p=862#primaryimage\"},\"thumbnailUrl\":\"https:\/\/tribunadapraia.com.br\/wp-content\/uploads\/2020\/03\/IMG-20200325-WA0055.jpg\",\"articleSection\":[\"Not\\u00edcias\"],\"inLanguage\":\"pt-BR\",\"potentialAction\":[{\"@type\":\"CommentAction\",\"name\":\"Comment\",\"target\":[\"https:\/\/tribunadapraia.com.br\/?p=862#respond\"]}]},{\"@type\":\"Person\",\"@id\":\"https:\/\/tribunadapraia.com.br\/#\/schema\/person\/326b0a9f3163b479142c64eba4928de0\",\"name\":\"tribunadapraia\",\"image\":{\"@type\":\"ImageObject\",\"@id\":\"https:\/\/tribunadapraia.com.br\/#personlogo\",\"inLanguage\":\"pt-BR\",\"url\":\"https:\/\/secure.gravatar.com\/avatar\/38b019c74762496076b7355024a0dad9?s=96&d=identicon&r=g\",\"contentUrl\":\"https:\/\/secure.gravatar.com\/avatar\/38b019c74762496076b7355024a0dad9?s=96&d=identicon&r=g\",\"caption\":\"tribunadapraia\"}}]}<\/script>\n<!-- \/ Yoast SEO plugin. -->","wps_subtitle":"","_links":{"self":[{"href":"https:\/\/tribunadapraia.com.br\/index.php?rest_route=\/wp\/v2\/posts\/862"}],"collection":[{"href":"https:\/\/tribunadapraia.com.br\/index.php?rest_route=\/wp\/v2\/posts"}],"about":[{"href":"https:\/\/tribunadapraia.com.br\/index.php?rest_route=\/wp\/v2\/types\/post"}],"author":[{"embeddable":true,"href":"https:\/\/tribunadapraia.com.br\/index.php?rest_route=\/wp\/v2\/users\/1"}],"replies":[{"embeddable":true,"href":"https:\/\/tribunadapraia.com.br\/index.php?rest_route=%2Fwp%2Fv2%2Fcomments&post=862"}],"version-history":[{"count":1,"href":"https:\/\/tribunadapraia.com.br\/index.php?rest_route=\/wp\/v2\/posts\/862\/revisions"}],"predecessor-version":[{"id":864,"href":"https:\/\/tribunadapraia.com.br\/index.php?rest_route=\/wp\/v2\/posts\/862\/revisions\/864"}],"wp:featuredmedia":[{"embeddable":true,"href":"https:\/\/tribunadapraia.com.br\/index.php?rest_route=\/wp\/v2\/media\/863"}],"wp:attachment":[{"href":"https:\/\/tribunadapraia.com.br\/index.php?rest_route=%2Fwp%2Fv2%2Fmedia&parent=862"}],"wp:term":[{"taxonomy":"category","embeddable":true,"href":"https:\/\/tribunadapraia.com.br\/index.php?rest_route=%2Fwp%2Fv2%2Fcategories&post=862"},{"taxonomy":"post_tag","embeddable":true,"href":"https:\/\/tribunadapraia.com.br\/index.php?rest_route=%2Fwp%2Fv2%2Ftags&post=862"}],"curies":[{"name":"wp","href":"https:\/\/api.w.org\/{rel}","templated":true}]}}