{"id":859,"date":"2020-03-25T10:09:34","date_gmt":"2020-03-25T13:09:34","guid":{"rendered":"https:\/\/tribunadapraia.com.br\/?p=859"},"modified":"2020-03-25T10:10:24","modified_gmt":"2020-03-25T13:10:24","slug":"pcb-98-anos-de-lutasl-um-partido-forjado-e-temperado-nas-lutas-do-nosso-povo-e-da-classe-trabalhadora","status":"publish","type":"post","link":"https:\/\/tribunadapraia.com.br\/?p=859","title":{"rendered":"PCB: 98 anos de lutas!l &#8211; Um Partido forjado e temperado nas lutas do nosso povo e da classe trabalhadora"},"content":{"rendered":"<p>\u201cHeroica e j\u00e1 gloriosa hist\u00f3ria! A hist\u00f3ria deste Partido est\u00e1 escrita nas costas lanhadas dos seus militantes, nos muros das cidades, nos c\u00e1rceres imundos, no sangue dos sacrificados, nas rugas, nos cabelos brancos de todos os que o constru\u00edram atrav\u00e9s da ilegalidade, as persegui\u00e7\u00f5es, a luta mais \u00e1spera, a rea\u00e7\u00e3o mais violenta. Eis que o Partido surge das catacumbas para a luz do dia! Novas e maiores responsabilidades. A crian\u00e7a cresceu, oh! oper\u00e1rios, o vosso filho criado \u00e0 custa do vosso sangue e do vosso sacrif\u00edcio fez-se homem e vai partir por entre o povo. Nunca jamais foi t\u00e3o grande a vossa responsabilidade, a nossa responsabilidade, de cada um dos militantes\u201d.<\/p>\n<p>(Jorge Amado \u2013 Homens e Coisas do Partido Comunista \u2013 1946)<\/p>\n<p>Na ocasi\u00e3o do seu 98\u00ba anivers\u00e1rio, o Partido Comunista Brasileiro (PCB) se depara com uma triste e adversa realidade para o conjunto da classe trabalhadora brasileira e mundial.<\/p>\n<p>Estamos vivendo uma forte crise epidemiol\u00f3gica causada pelo coronav\u00edrus. O Covid-19, que somente no Brasil j\u00e1 \u00e9 respons\u00e1vel por mais de 2 mil casos e cerca de 40 mortes, tem um c\u00famplice tamb\u00e9m devastador: o sistema capitalista.<\/p>\n<p>Os ataques contra a sa\u00fade p\u00fablica em todo o mundo debilitaram a capacidade de resposta r\u00e1pida e de tratamento a todos, vulnerabilizando de forma mais incisiva os trabalhadores em todo o mundo. Mas, se de um lado vemos os impactos devastadores do liberalismo na sa\u00fade, por outro, testemunhamos a superioridade tecnol\u00f3gica, cient\u00edfica e social dos pa\u00edses de economia planejada no combate \u00e0 doen\u00e7a, a exemplo da China, que superou a crise atrav\u00e9s do trabalho coletivo e planificado, e Cuba Socialista, que exporta solidariedade ao centro da crise italiana com seus m\u00e9dicos.<\/p>\n<p>A crise econ\u00f4mica, pol\u00edtica e epidemiol\u00f3gica escancara a que ponto o capitalismo fragiliza a sa\u00fade e a vida de trabalhadoras e trabalhadores, mas a solidariedade, a amizade entre os povos, o internacionalismo, a planifica\u00e7\u00e3o e o planejamento em prol do bem comum provam que a alternativa \u00e0 barb\u00e1rie se encontra no socialismo.<\/p>\n<p>Reivindicando essa tradi\u00e7\u00e3o e essa perspectiva, o PCB celebra seus 98 anos de funda\u00e7\u00e3o.<\/p>\n<p>O PCB \u00e9 fruto da luta dos trabalhadores em todo o mundo, inclusive no Brasil. Sua funda\u00e7\u00e3o se deu no clar\u00e3o da Revolu\u00e7\u00e3o Russa de 1917, que iluminou a luta do proletariado mundial, e se deu tamb\u00e9m como fruto da forma\u00e7\u00e3o e evolu\u00e7\u00e3o da classe trabalhadora brasileira, que come\u00e7ava a experimentar seu amadurecimento social e pol\u00edtico.<\/p>\n<p>Fundado em 25 de mar\u00e7o de 1922, o PCB nasceu como resultado da articula\u00e7\u00e3o e mobiliza\u00e7\u00e3o de diversas organiza\u00e7\u00f5es comunistas inspiradas na Revolu\u00e7\u00e3o Sovi\u00e9tica e tamb\u00e9m filhas do rico processo de desenvolvimento social brasileiro que havia gestado, desde o final do s\u00e9culo XIX, com a forma\u00e7\u00e3o dos primeiros estabelecimentos industriais, sua classe oper\u00e1ria. No in\u00edcio do s\u00e9culo XX os trabalhadores organizavam suas primeiras associa\u00e7\u00f5es, federa\u00e7\u00f5es e confedera\u00e7\u00f5es, mobilizavam greves e lutas. Parcela destacada do operariado vivenciou a experi\u00eancia das ideias e pr\u00e1ticas anarquistas e encontrou-se no comunismo.<\/p>\n<p>Ao pleitear participar da Internacional Comunista, criada sob a lideran\u00e7a de L\u00eanin em 1919, os comunistas brasileiros, tendo sua organiza\u00e7\u00e3o aceita em 1924, adotaram e registraram o nome de Partido Comunista \u2013 Se\u00e7\u00e3o Brasileira da Internacional Comunista. Em seguida, foi adotado o nome Partido Comunista do Brasil (PCB) e, posteriormente, em setembro de 1960, durante seu V Congresso, a legenda passou a se denominar Partido Comunista Brasileiro, mantendo a hist\u00f3rica sigla PCB. Em 18 de fevereiro de 1962, uma dissid\u00eancia do PCB de inspira\u00e7\u00e3o mao\u00edsta fundou o Partido Comunista do Brasil (PC do B). Ainda nos anos sessenta, em fun\u00e7\u00e3o de diverg\u00eancias em torno das formas de enfrentamento \u00e0 ditadura empresarial militar imposta pelo golpe de 1964, foram formados grupamentos guerrilheiros compostos por dirigentes e militantes oriundos do PCB, tais como a A\u00e7\u00e3o Libertadora Nacional (ALN), a Corrente Revolucion\u00e1ria, o Movimento Revolucion\u00e1rio Oito de Outubro (MR-8) e o Partido Comunista Brasileiro Revolucion\u00e1rio (PCBR). Em 19 de mar\u00e7o de 1992, uma dissid\u00eancia oportunista, que tentou liquidar o PCB, fundou o Partido Popular Socialista (PPS), que se tornou legenda de aluguel da direita mudando o nome para Cidadania.<\/p>\n<p>O PCB foi a primeira organiza\u00e7\u00e3o partid\u00e1ria de car\u00e1ter nacional, pois at\u00e9 ent\u00e3o no pa\u00eds os partidos eram regionais e municipalistas. Foi a primeira agremia\u00e7\u00e3o pol\u00edtica que ousou pensar o Brasil como uma na\u00e7\u00e3o e n\u00e3o como um amontoado de interesses particulares e regionais e particulares. O PCB buscou entender a forma\u00e7\u00e3o social brasileira e, com base em an\u00e1lises fundamentadas nas refer\u00eancias te\u00f3ricas do marxismo-leninismo e das contribui\u00e7\u00f5es originais de intelectuais e militantes como Astrojildo Pereira, Oct\u00e1vio Brand\u00e3o, Caio Prado Jr., Alberto Passos Guimar\u00e3es, Nelson Werneck Sodr\u00e9, Heleieth Saffioti, Jacob Gorender, Frank Svensson, Jos\u00e9 Paulo Netto, Zuleide Faria de Mello e tantos outros, buscou construir seu caminho revolucion\u00e1rio. Ao longo de sua hist\u00f3ria o PCB viveu longos per\u00edodos de ilegalidade, sobreviveu \u00e0 clandestinidade e a persegui\u00e7\u00f5es. Entre 1973 e 1975, um ter\u00e7o do Comit\u00ea Central foi assassinado pela repress\u00e3o, e centenas de militantes foram submetidos \u00e0 tortura, alguns at\u00e9 a morte, dentre os quais o jornalista Vladimir Herzog e o oper\u00e1rio Manuel Fiel Filho.<\/p>\n<p>Nem a mais brutal repress\u00e3o, tampouco o colapso do socialismo nos pa\u00edses do Leste Europeu foi capaz de impedir a continuidade da nossa organiza\u00e7\u00e3o, que se reconstruiu revolucionariamente. Hoje o PCB vive a consolida\u00e7\u00e3o do processo de sua reconstru\u00e7\u00e3o. Estamos presentes em todo o pa\u00eds, atuamos nos movimentos sindicais, populares e de juventude e, mesmo sendo o mais antigo partido do pa\u00eds, somos a mais jovem e atual organiza\u00e7\u00e3o pol\u00edtica brasileira, pois nosso programa apresenta o que h\u00e1 de mais avan\u00e7ado no Brasil e no mundo. Somos um partido de trabalhadores do campo e da cidade, somos homens, mulheres, negros e negras, ind\u00edgenas, lgbts e jovens, construindo o futuro a partir das lutas presentes e inspirados nas a\u00e7\u00f5es de milhares de militantes ao longo da hist\u00f3ria.<\/p>\n<p>Somos um Partido que tem como princ\u00edpio o internacionalismo prolet\u00e1rio e pratica a solidariedade internacionalista atuando nas principais entidades de solidariedade internacional. O PCB, a Uni\u00e3o da Juventude Comunista, a Unidade Classista e o Coletivo Feminista Classista Ana Montenegro participam do Movimento Continental Bolivariano, das atividades da Federa\u00e7\u00e3o Mundial das Juventudes Democr\u00e1ticas (FMJD), da Federa\u00e7\u00e3o Democr\u00e1tica Internacional das Mulheres (FDIM), da Federa\u00e7\u00e3o Sindical Mundial (FSM) e, juntamente com os principais partidos comunistas dos cinco continentes, constr\u00f3i anualmente o Encontro Internacional de Partidos Comunistas e Oper\u00e1rios (EIPCO).<\/p>\n<p>No cen\u00e1rio atual de avan\u00e7o dos ataques da ultradireita, \u00e9 hora de fortalecer o PCB, vanguarda hist\u00f3rica do proletariado brasileiro. Devemos combater firmemente o anticomunismo e assumir cada vez mais nosso protagonismo nas lutas pol\u00edticas, socioecon\u00f4micas e culturais da classe trabalhadora, dos movimentos populares e da juventude. Neste novo per\u00edodo de lutas o PCB, sua corrente sindical (Unidade Classista), sua juventude (Uni\u00e3o da Juventude Comunista) e seus coletivos partid\u00e1rios (Coletivo Feminista Classista Ana Montenegro, Coletivo Minervino de Oliveira e Coletivo LGBT Comunista) devem estar preparados, nos dom\u00ednios te\u00f3rico, pol\u00edtico, organizativo e estrutural, para combater a ofensiva do capital contra a classe trabalhadora, barrar o crescimento do fascismo e buscar promover a mais ampla unidade de a\u00e7\u00e3o com as diversas for\u00e7as pol\u00edticas e sociais democr\u00e1ticas, anti-imperialistas e anticapitalistas para derrotar o governo ultraliberal de Bolsonaro\/Mour\u00e3o e seus aliados. Desta forma pavimentaremos o caminho necess\u00e1rio para a constru\u00e7\u00e3o do Bloco Revolucion\u00e1rio do Proletariado na perspectiva do Poder Popular e da Revolu\u00e7\u00e3o Socialista Brasileira.<\/p>\n<p>Exaltando a mem\u00f3ria de bravas e bravos lutadores como Minervino de Oliveira, Luiz Carlos Prestes, Olga Ben\u00e1rio, Le\u00f4ncio Basbaum, Elisa Branco, Greg\u00f3rio Bezerra, Carlos Marighella, Ana Montenegro, Dinarco Reis, Giocondo Dias, Claudino Jos\u00e9 da Silva, Graciliano Ramos, Apar\u00edcio Torelli, Mario Schemberg, Nise da Silveira, Antonieta Campos da Paz, Laura Brand\u00e3o, Oscar Niemeyer, Vianinha, Osvaldo Pacheco, Roberto Morena, Adalgisa Cavalcanti, Zuleika Alambert, Davi Capistrano, Elson Costa, Nestor Veras, Itaci Veloso, Jos\u00e9 Montenegro de Lima, Raymundo Alves, Lucio Bellentani, Raphael Martinelli, dentre muitos que dedicaram suas vidas \u00e0 emancipa\u00e7\u00e3o do proletariado, \u00e0 cultura revolucion\u00e1ria e \u00e0 luta pelo Socialismo, gritamos em alto e bom som: Fomos, Somos e Seremos Comunistas!<\/p>\n<p>VIVA O PARTIDO COMUNISTA BRASILEIRO (PCB)!<\/p>\n<p>VIVA O INTERNACIONALISMO PROLET\u00c1RIO!<\/p>\n<p>PELO PODER POPULAR E PELO SOCIALISMO!<\/p>\n<p>Comiss\u00e3o Pol\u00edtica Nacional do PCB \u2013 25 de mar\u00e7o de 2020<\/p>\n","protected":false},"excerpt":{"rendered":"<p>\u201cHeroica e j\u00e1 gloriosa hist\u00f3ria! A hist\u00f3ria deste Partido est\u00e1 escrita nas costas lanhadas dos seus militantes, nos muros das cidades, nos c\u00e1rceres imundos, no sangue dos sacrificados, nas rugas, nos cabelos brancos de todos os que o constru\u00edram atrav\u00e9s da ilegalidade, as persegui\u00e7\u00f5es, a luta mais \u00e1spera, a rea\u00e7\u00e3o mais violenta. Eis que o Partido surge das catacumbas para a luz do dia! Novas e maiores responsabilidades. A crian\u00e7a<\/p>\n","protected":false},"author":1,"featured_media":860,"comment_status":"open","ping_status":"open","sticky":false,"template":"","format":"standard","meta":[],"categories":[18],"tags":[],"yoast_head":"<!-- This site is optimized with the Yoast SEO plugin v16.3 - https:\/\/yoast.com\/wordpress\/plugins\/seo\/ -->\n<title>PCB: 98 anos de lutas!l - Um Partido forjado e temperado nas lutas do nosso povo e da classe trabalhadora - TRIBUNA DA PRAIA<\/title>\n<meta name=\"robots\" content=\"index, follow, max-snippet:-1, max-image-preview:large, max-video-preview:-1\" \/>\n<link rel=\"canonical\" href=\"https:\/\/tribunadapraia.com.br\/?p=859\" \/>\n<meta property=\"og:locale\" content=\"pt_BR\" \/>\n<meta property=\"og:type\" content=\"article\" \/>\n<meta property=\"og:title\" content=\"PCB: 98 anos de lutas!l - Um Partido forjado e temperado nas lutas do nosso povo e da classe trabalhadora - TRIBUNA DA PRAIA\" \/>\n<meta property=\"og:description\" content=\"\u201cHeroica e j\u00e1 gloriosa hist\u00f3ria! A hist\u00f3ria deste Partido est\u00e1 escrita nas costas lanhadas dos seus militantes, nos muros das cidades, nos c\u00e1rceres imundos, no sangue dos sacrificados, nas rugas, nos cabelos brancos de todos os que o constru\u00edram atrav\u00e9s da ilegalidade, as persegui\u00e7\u00f5es, a luta mais \u00e1spera, a rea\u00e7\u00e3o mais violenta. Eis que o Partido surge das catacumbas para a luz do dia! Novas e maiores responsabilidades. A crian\u00e7a\" \/>\n<meta property=\"og:url\" content=\"https:\/\/tribunadapraia.com.br\/?p=859\" \/>\n<meta property=\"og:site_name\" content=\"TRIBUNA DA PRAIA\" \/>\n<meta property=\"article:publisher\" content=\"https:\/\/www.facebook.com\/tribunadapraiaonline\/\" \/>\n<meta property=\"article:published_time\" content=\"2020-03-25T13:09:34+00:00\" \/>\n<meta property=\"article:modified_time\" content=\"2020-03-25T13:10:24+00:00\" \/>\n<meta property=\"og:image\" content=\"https:\/\/tribunadapraia.com.br\/wp-content\/uploads\/2020\/03\/IMG-20200325-WA0046.jpg\" \/>\n\t<meta property=\"og:image:width\" content=\"391\" \/>\n\t<meta property=\"og:image:height\" content=\"391\" \/>\n<meta name=\"twitter:card\" content=\"summary_large_image\" \/>\n<meta name=\"twitter:creator\" content=\"@Claudomir21\" \/>\n<meta name=\"twitter:site\" content=\"@Claudomir21\" \/>\n<meta name=\"twitter:label1\" content=\"Est. tempo de leitura\">\n\t<meta name=\"twitter:data1\" content=\"7 minutos\">\n<script type=\"application\/ld+json\" class=\"yoast-schema-graph\">{\"@context\":\"https:\/\/schema.org\",\"@graph\":[{\"@type\":\"Organization\",\"@id\":\"https:\/\/tribunadapraia.com.br\/#organization\",\"name\":\"Tribuna da Praia\",\"url\":\"https:\/\/tribunadapraia.com.br\/\",\"sameAs\":[\"https:\/\/www.facebook.com\/tribunadapraiaonline\/\",\"https:\/\/www.instagram.com\/claudomirtavares\/\",\"https:\/\/www.youtube.com\/channel\/UCwQf80nxiMzCefAyjbp53Rw\",\"https:\/\/twitter.com\/Claudomir21\"],\"logo\":{\"@type\":\"ImageObject\",\"@id\":\"https:\/\/tribunadapraia.com.br\/#logo\",\"inLanguage\":\"pt-BR\",\"url\":\"https:\/\/tribunadapraia.com.br\/wp-content\/uploads\/2020\/02\/logo.png\",\"contentUrl\":\"https:\/\/tribunadapraia.com.br\/wp-content\/uploads\/2020\/02\/logo.png\",\"width\":501,\"height\":121,\"caption\":\"Tribuna da Praia\"},\"image\":{\"@id\":\"https:\/\/tribunadapraia.com.br\/#logo\"}},{\"@type\":\"WebSite\",\"@id\":\"https:\/\/tribunadapraia.com.br\/#website\",\"url\":\"https:\/\/tribunadapraia.com.br\/\",\"name\":\"TRIBUNA DA PRAIA\",\"description\":\"O 1\\u00ba jornal do interior de Sergipe na internet\",\"publisher\":{\"@id\":\"https:\/\/tribunadapraia.com.br\/#organization\"},\"potentialAction\":[{\"@type\":\"SearchAction\",\"target\":\"https:\/\/tribunadapraia.com.br\/?s={search_term_string}\",\"query-input\":\"required name=search_term_string\"}],\"inLanguage\":\"pt-BR\"},{\"@type\":\"ImageObject\",\"@id\":\"https:\/\/tribunadapraia.com.br\/?p=859#primaryimage\",\"inLanguage\":\"pt-BR\",\"url\":\"https:\/\/tribunadapraia.com.br\/wp-content\/uploads\/2020\/03\/IMG-20200325-WA0046.jpg\",\"contentUrl\":\"https:\/\/tribunadapraia.com.br\/wp-content\/uploads\/2020\/03\/IMG-20200325-WA0046.jpg\",\"width\":391,\"height\":391},{\"@type\":\"WebPage\",\"@id\":\"https:\/\/tribunadapraia.com.br\/?p=859#webpage\",\"url\":\"https:\/\/tribunadapraia.com.br\/?p=859\",\"name\":\"PCB: 98 anos de lutas!l - Um Partido forjado e temperado nas lutas do nosso povo e da classe trabalhadora - TRIBUNA DA PRAIA\",\"isPartOf\":{\"@id\":\"https:\/\/tribunadapraia.com.br\/#website\"},\"primaryImageOfPage\":{\"@id\":\"https:\/\/tribunadapraia.com.br\/?p=859#primaryimage\"},\"datePublished\":\"2020-03-25T13:09:34+00:00\",\"dateModified\":\"2020-03-25T13:10:24+00:00\",\"breadcrumb\":{\"@id\":\"https:\/\/tribunadapraia.com.br\/?p=859#breadcrumb\"},\"inLanguage\":\"pt-BR\",\"potentialAction\":[{\"@type\":\"ReadAction\",\"target\":[\"https:\/\/tribunadapraia.com.br\/?p=859\"]}]},{\"@type\":\"BreadcrumbList\",\"@id\":\"https:\/\/tribunadapraia.com.br\/?p=859#breadcrumb\",\"itemListElement\":[{\"@type\":\"ListItem\",\"position\":1,\"item\":{\"@type\":\"WebPage\",\"@id\":\"https:\/\/tribunadapraia.com.br\/\",\"url\":\"https:\/\/tribunadapraia.com.br\/\",\"name\":\"In\\u00edcio\"}},{\"@type\":\"ListItem\",\"position\":2,\"item\":{\"@id\":\"https:\/\/tribunadapraia.com.br\/?p=859#webpage\"}}]},{\"@type\":\"Article\",\"@id\":\"https:\/\/tribunadapraia.com.br\/?p=859#article\",\"isPartOf\":{\"@id\":\"https:\/\/tribunadapraia.com.br\/?p=859#webpage\"},\"author\":{\"@id\":\"https:\/\/tribunadapraia.com.br\/#\/schema\/person\/326b0a9f3163b479142c64eba4928de0\"},\"headline\":\"PCB: 98 anos de lutas!l &#8211; Um Partido forjado e temperado nas lutas do nosso povo e da classe trabalhadora\",\"datePublished\":\"2020-03-25T13:09:34+00:00\",\"dateModified\":\"2020-03-25T13:10:24+00:00\",\"mainEntityOfPage\":{\"@id\":\"https:\/\/tribunadapraia.com.br\/?p=859#webpage\"},\"wordCount\":1486,\"commentCount\":0,\"publisher\":{\"@id\":\"https:\/\/tribunadapraia.com.br\/#organization\"},\"image\":{\"@id\":\"https:\/\/tribunadapraia.com.br\/?p=859#primaryimage\"},\"thumbnailUrl\":\"https:\/\/tribunadapraia.com.br\/wp-content\/uploads\/2020\/03\/IMG-20200325-WA0046.jpg\",\"articleSection\":[\"Not\\u00edcias\"],\"inLanguage\":\"pt-BR\",\"potentialAction\":[{\"@type\":\"CommentAction\",\"name\":\"Comment\",\"target\":[\"https:\/\/tribunadapraia.com.br\/?p=859#respond\"]}]},{\"@type\":\"Person\",\"@id\":\"https:\/\/tribunadapraia.com.br\/#\/schema\/person\/326b0a9f3163b479142c64eba4928de0\",\"name\":\"tribunadapraia\",\"image\":{\"@type\":\"ImageObject\",\"@id\":\"https:\/\/tribunadapraia.com.br\/#personlogo\",\"inLanguage\":\"pt-BR\",\"url\":\"https:\/\/secure.gravatar.com\/avatar\/38b019c74762496076b7355024a0dad9?s=96&d=identicon&r=g\",\"contentUrl\":\"https:\/\/secure.gravatar.com\/avatar\/38b019c74762496076b7355024a0dad9?s=96&d=identicon&r=g\",\"caption\":\"tribunadapraia\"}}]}<\/script>\n<!-- \/ Yoast SEO plugin. -->","wps_subtitle":"","_links":{"self":[{"href":"https:\/\/tribunadapraia.com.br\/index.php?rest_route=\/wp\/v2\/posts\/859"}],"collection":[{"href":"https:\/\/tribunadapraia.com.br\/index.php?rest_route=\/wp\/v2\/posts"}],"about":[{"href":"https:\/\/tribunadapraia.com.br\/index.php?rest_route=\/wp\/v2\/types\/post"}],"author":[{"embeddable":true,"href":"https:\/\/tribunadapraia.com.br\/index.php?rest_route=\/wp\/v2\/users\/1"}],"replies":[{"embeddable":true,"href":"https:\/\/tribunadapraia.com.br\/index.php?rest_route=%2Fwp%2Fv2%2Fcomments&post=859"}],"version-history":[{"count":1,"href":"https:\/\/tribunadapraia.com.br\/index.php?rest_route=\/wp\/v2\/posts\/859\/revisions"}],"predecessor-version":[{"id":861,"href":"https:\/\/tribunadapraia.com.br\/index.php?rest_route=\/wp\/v2\/posts\/859\/revisions\/861"}],"wp:featuredmedia":[{"embeddable":true,"href":"https:\/\/tribunadapraia.com.br\/index.php?rest_route=\/wp\/v2\/media\/860"}],"wp:attachment":[{"href":"https:\/\/tribunadapraia.com.br\/index.php?rest_route=%2Fwp%2Fv2%2Fmedia&parent=859"}],"wp:term":[{"taxonomy":"category","embeddable":true,"href":"https:\/\/tribunadapraia.com.br\/index.php?rest_route=%2Fwp%2Fv2%2Fcategories&post=859"},{"taxonomy":"post_tag","embeddable":true,"href":"https:\/\/tribunadapraia.com.br\/index.php?rest_route=%2Fwp%2Fv2%2Ftags&post=859"}],"curies":[{"name":"wp","href":"https:\/\/api.w.org\/{rel}","templated":true}]}}