{"id":849,"date":"2020-03-24T16:51:24","date_gmt":"2020-03-24T19:51:24","guid":{"rendered":"https:\/\/tribunadapraia.com.br\/?p=849"},"modified":"2020-03-24T16:51:24","modified_gmt":"2020-03-24T19:51:24","slug":"memoria-30-anos-de-promulgacao-da-lei-organica-do-municipio-de-pirambu","status":"publish","type":"post","link":"https:\/\/tribunadapraia.com.br\/?p=849","title":{"rendered":"MEM\u00d3RIA: 30 anos de promulga\u00e7\u00e3o da Lei Org\u00e2nica do Munic\u00edpio de Pirambu"},"content":{"rendered":"<p>Ato foi realizado em Sess\u00e3o Solene realizada na Escola Estadual Jos\u00e9 Amaral Lemos<\/p>\n<p>Seguindo um cronograma decorrente desde a promulga\u00e7\u00e3o da Constitui\u00e7\u00e3o da Rep\u00fablica Federativa do Brasil em 05 de outubro de 1988 e da Constitui\u00e7\u00e3o do Estado de Sergipe, em 05 de outubro de 1989, era promulgada em 05 de abril de 1990, durante Sess\u00e3o Solene realizada na Escola Estadual Jos\u00e9 Amaral Lemos, a atual Lei Org\u00e2nica do Munic\u00edpio de Pirambu.<\/p>\n<p>Presente \u00e0 sess\u00e3o presidida pelo vereador Jairton Santos (PFL), o prefeito C\u00e9sar Vladimir de Bomfim Rocha (PFL), o ex-vereador Carlos Britto Amaral (PPB), l\u00edder pol\u00edtico da oposi\u00e7\u00e3o, al\u00e9m de secret\u00e1rios municipais, lideran\u00e7as populares, professores e estudantes daquela institui\u00e7\u00e3o.<\/p>\n<p>Primeira composi\u00e7\u00e3o de 9 parlamentares, o texto constituinte municipal foi elaborado pelos vereadores Jairton Santos, Evaldo de Carvalho, Jos\u00e9 Raimundo Almeida, Jo\u00e3o Carmelo Almeida Cruz e Geniro dos Santos (PFL), Jos\u00e9 Cardoso da Silva e Ant\u00f4nio Fernandes de Santana (PL), Jos\u00e9 Sebasti\u00e3o dos Santos (PPB) e Iv\u00e2nia Pereira da Silva (PCdoB), primeira mulher a ocupar um cargo eletivo em nosso munic\u00edpio e autora de 90% das emendas constitucionais aprovadas.<br \/>\n__________<br \/>\npor Claudomir Herzig<\/p>\n","protected":false},"excerpt":{"rendered":"<p>Ato foi realizado em Sess\u00e3o Solene realizada na Escola Estadual Jos\u00e9 Amaral Lemos Seguindo um cronograma decorrente desde a promulga\u00e7\u00e3o da Constitui\u00e7\u00e3o da Rep\u00fablica Federativa do Brasil em 05 de outubro de 1988 e da Constitui\u00e7\u00e3o do Estado de Sergipe, em 05 de outubro de 1989, era promulgada em 05 de abril de 1990, durante Sess\u00e3o Solene realizada na Escola Estadual Jos\u00e9 Amaral Lemos, a atual Lei Org\u00e2nica do Munic\u00edpio<\/p>\n","protected":false},"author":3,"featured_media":850,"comment_status":"open","ping_status":"open","sticky":false,"template":"","format":"standard","meta":[],"categories":[18],"tags":[],"yoast_head":"<!-- This site is optimized with the Yoast SEO plugin v16.3 - https:\/\/yoast.com\/wordpress\/plugins\/seo\/ -->\n<title>MEM\u00d3RIA: 30 anos de promulga\u00e7\u00e3o da Lei Org\u00e2nica do Munic\u00edpio de Pirambu - TRIBUNA DA PRAIA<\/title>\n<meta name=\"robots\" content=\"index, follow, max-snippet:-1, max-image-preview:large, max-video-preview:-1\" \/>\n<link rel=\"canonical\" href=\"https:\/\/tribunadapraia.com.br\/?p=849\" \/>\n<meta property=\"og:locale\" content=\"pt_BR\" \/>\n<meta property=\"og:type\" content=\"article\" \/>\n<meta property=\"og:title\" content=\"MEM\u00d3RIA: 30 anos de promulga\u00e7\u00e3o da Lei Org\u00e2nica do Munic\u00edpio de Pirambu - TRIBUNA DA PRAIA\" \/>\n<meta property=\"og:description\" content=\"Ato foi realizado em Sess\u00e3o Solene realizada na Escola Estadual Jos\u00e9 Amaral Lemos Seguindo um cronograma decorrente desde a promulga\u00e7\u00e3o da Constitui\u00e7\u00e3o da Rep\u00fablica Federativa do Brasil em 05 de outubro de 1988 e da Constitui\u00e7\u00e3o do Estado de Sergipe, em 05 de outubro de 1989, era promulgada em 05 de abril de 1990, durante Sess\u00e3o Solene realizada na Escola Estadual Jos\u00e9 Amaral Lemos, a atual Lei Org\u00e2nica do Munic\u00edpio\" \/>\n<meta property=\"og:url\" content=\"https:\/\/tribunadapraia.com.br\/?p=849\" \/>\n<meta property=\"og:site_name\" content=\"TRIBUNA DA PRAIA\" \/>\n<meta property=\"article:publisher\" content=\"https:\/\/www.facebook.com\/tribunadapraiaonline\/\" \/>\n<meta property=\"article:published_time\" content=\"2020-03-24T19:51:24+00:00\" \/>\n<meta property=\"og:image\" content=\"https:\/\/tribunadapraia.com.br\/wp-content\/uploads\/2020\/03\/IMG-20200324-WA0092.jpg\" \/>\n\t<meta property=\"og:image:width\" content=\"200\" \/>\n\t<meta property=\"og:image:height\" content=\"144\" \/>\n<meta name=\"twitter:card\" content=\"summary_large_image\" \/>\n<meta name=\"twitter:creator\" content=\"@Claudomir21\" \/>\n<meta name=\"twitter:site\" content=\"@Claudomir21\" \/>\n<meta name=\"twitter:label1\" content=\"Est. tempo de leitura\">\n\t<meta name=\"twitter:data1\" content=\"1 minuto\">\n<script type=\"application\/ld+json\" class=\"yoast-schema-graph\">{\"@context\":\"https:\/\/schema.org\",\"@graph\":[{\"@type\":\"Organization\",\"@id\":\"https:\/\/tribunadapraia.com.br\/#organization\",\"name\":\"Tribuna da Praia\",\"url\":\"https:\/\/tribunadapraia.com.br\/\",\"sameAs\":[\"https:\/\/www.facebook.com\/tribunadapraiaonline\/\",\"https:\/\/www.instagram.com\/claudomirtavares\/\",\"https:\/\/www.youtube.com\/channel\/UCwQf80nxiMzCefAyjbp53Rw\",\"https:\/\/twitter.com\/Claudomir21\"],\"logo\":{\"@type\":\"ImageObject\",\"@id\":\"https:\/\/tribunadapraia.com.br\/#logo\",\"inLanguage\":\"pt-BR\",\"url\":\"https:\/\/tribunadapraia.com.br\/wp-content\/uploads\/2020\/02\/logo.png\",\"contentUrl\":\"https:\/\/tribunadapraia.com.br\/wp-content\/uploads\/2020\/02\/logo.png\",\"width\":501,\"height\":121,\"caption\":\"Tribuna da Praia\"},\"image\":{\"@id\":\"https:\/\/tribunadapraia.com.br\/#logo\"}},{\"@type\":\"WebSite\",\"@id\":\"https:\/\/tribunadapraia.com.br\/#website\",\"url\":\"https:\/\/tribunadapraia.com.br\/\",\"name\":\"TRIBUNA DA PRAIA\",\"description\":\"O 1\\u00ba jornal do interior de Sergipe na internet\",\"publisher\":{\"@id\":\"https:\/\/tribunadapraia.com.br\/#organization\"},\"potentialAction\":[{\"@type\":\"SearchAction\",\"target\":\"https:\/\/tribunadapraia.com.br\/?s={search_term_string}\",\"query-input\":\"required name=search_term_string\"}],\"inLanguage\":\"pt-BR\"},{\"@type\":\"ImageObject\",\"@id\":\"https:\/\/tribunadapraia.com.br\/?p=849#primaryimage\",\"inLanguage\":\"pt-BR\",\"url\":\"https:\/\/tribunadapraia.com.br\/wp-content\/uploads\/2020\/03\/IMG-20200324-WA0092.jpg\",\"contentUrl\":\"https:\/\/tribunadapraia.com.br\/wp-content\/uploads\/2020\/03\/IMG-20200324-WA0092.jpg\",\"width\":200,\"height\":144},{\"@type\":\"WebPage\",\"@id\":\"https:\/\/tribunadapraia.com.br\/?p=849#webpage\",\"url\":\"https:\/\/tribunadapraia.com.br\/?p=849\",\"name\":\"MEM\\u00d3RIA: 30 anos de promulga\\u00e7\\u00e3o da Lei Org\\u00e2nica do Munic\\u00edpio de Pirambu - TRIBUNA DA PRAIA\",\"isPartOf\":{\"@id\":\"https:\/\/tribunadapraia.com.br\/#website\"},\"primaryImageOfPage\":{\"@id\":\"https:\/\/tribunadapraia.com.br\/?p=849#primaryimage\"},\"datePublished\":\"2020-03-24T19:51:24+00:00\",\"dateModified\":\"2020-03-24T19:51:24+00:00\",\"breadcrumb\":{\"@id\":\"https:\/\/tribunadapraia.com.br\/?p=849#breadcrumb\"},\"inLanguage\":\"pt-BR\",\"potentialAction\":[{\"@type\":\"ReadAction\",\"target\":[\"https:\/\/tribunadapraia.com.br\/?p=849\"]}]},{\"@type\":\"BreadcrumbList\",\"@id\":\"https:\/\/tribunadapraia.com.br\/?p=849#breadcrumb\",\"itemListElement\":[{\"@type\":\"ListItem\",\"position\":1,\"item\":{\"@type\":\"WebPage\",\"@id\":\"https:\/\/tribunadapraia.com.br\/\",\"url\":\"https:\/\/tribunadapraia.com.br\/\",\"name\":\"In\\u00edcio\"}},{\"@type\":\"ListItem\",\"position\":2,\"item\":{\"@id\":\"https:\/\/tribunadapraia.com.br\/?p=849#webpage\"}}]},{\"@type\":\"Article\",\"@id\":\"https:\/\/tribunadapraia.com.br\/?p=849#article\",\"isPartOf\":{\"@id\":\"https:\/\/tribunadapraia.com.br\/?p=849#webpage\"},\"author\":{\"@id\":\"https:\/\/tribunadapraia.com.br\/#\/schema\/person\/099fbbf59acc5895c0d7d52b4fc46c97\"},\"headline\":\"MEM\\u00d3RIA: 30 anos de promulga\\u00e7\\u00e3o da Lei Org\\u00e2nica do Munic\\u00edpio de Pirambu\",\"datePublished\":\"2020-03-24T19:51:24+00:00\",\"dateModified\":\"2020-03-24T19:51:24+00:00\",\"mainEntityOfPage\":{\"@id\":\"https:\/\/tribunadapraia.com.br\/?p=849#webpage\"},\"wordCount\":211,\"commentCount\":0,\"publisher\":{\"@id\":\"https:\/\/tribunadapraia.com.br\/#organization\"},\"image\":{\"@id\":\"https:\/\/tribunadapraia.com.br\/?p=849#primaryimage\"},\"thumbnailUrl\":\"https:\/\/tribunadapraia.com.br\/wp-content\/uploads\/2020\/03\/IMG-20200324-WA0092.jpg\",\"articleSection\":[\"Not\\u00edcias\"],\"inLanguage\":\"pt-BR\",\"potentialAction\":[{\"@type\":\"CommentAction\",\"name\":\"Comment\",\"target\":[\"https:\/\/tribunadapraia.com.br\/?p=849#respond\"]}]},{\"@type\":\"Person\",\"@id\":\"https:\/\/tribunadapraia.com.br\/#\/schema\/person\/099fbbf59acc5895c0d7d52b4fc46c97\",\"name\":\"Reda\\u00e7\\u00e3o\",\"image\":{\"@type\":\"ImageObject\",\"@id\":\"https:\/\/tribunadapraia.com.br\/#personlogo\",\"inLanguage\":\"pt-BR\",\"url\":\"https:\/\/secure.gravatar.com\/avatar\/91c8b91d2bfd7784eac5c3e055361f64?s=96&d=identicon&r=g\",\"contentUrl\":\"https:\/\/secure.gravatar.com\/avatar\/91c8b91d2bfd7784eac5c3e055361f64?s=96&d=identicon&r=g\",\"caption\":\"Reda\\u00e7\\u00e3o\"}}]}<\/script>\n<!-- \/ Yoast SEO plugin. -->","wps_subtitle":"","_links":{"self":[{"href":"https:\/\/tribunadapraia.com.br\/index.php?rest_route=\/wp\/v2\/posts\/849"}],"collection":[{"href":"https:\/\/tribunadapraia.com.br\/index.php?rest_route=\/wp\/v2\/posts"}],"about":[{"href":"https:\/\/tribunadapraia.com.br\/index.php?rest_route=\/wp\/v2\/types\/post"}],"author":[{"embeddable":true,"href":"https:\/\/tribunadapraia.com.br\/index.php?rest_route=\/wp\/v2\/users\/3"}],"replies":[{"embeddable":true,"href":"https:\/\/tribunadapraia.com.br\/index.php?rest_route=%2Fwp%2Fv2%2Fcomments&post=849"}],"version-history":[{"count":1,"href":"https:\/\/tribunadapraia.com.br\/index.php?rest_route=\/wp\/v2\/posts\/849\/revisions"}],"predecessor-version":[{"id":851,"href":"https:\/\/tribunadapraia.com.br\/index.php?rest_route=\/wp\/v2\/posts\/849\/revisions\/851"}],"wp:featuredmedia":[{"embeddable":true,"href":"https:\/\/tribunadapraia.com.br\/index.php?rest_route=\/wp\/v2\/media\/850"}],"wp:attachment":[{"href":"https:\/\/tribunadapraia.com.br\/index.php?rest_route=%2Fwp%2Fv2%2Fmedia&parent=849"}],"wp:term":[{"taxonomy":"category","embeddable":true,"href":"https:\/\/tribunadapraia.com.br\/index.php?rest_route=%2Fwp%2Fv2%2Fcategories&post=849"},{"taxonomy":"post_tag","embeddable":true,"href":"https:\/\/tribunadapraia.com.br\/index.php?rest_route=%2Fwp%2Fv2%2Ftags&post=849"}],"curies":[{"name":"wp","href":"https:\/\/api.w.org\/{rel}","templated":true}]}}