{"id":839,"date":"2020-03-24T09:09:58","date_gmt":"2020-03-24T12:09:58","guid":{"rendered":"https:\/\/tribunadapraia.com.br\/?p=839"},"modified":"2020-03-24T09:16:55","modified_gmt":"2020-03-24T12:16:55","slug":"panoptico-eu-palhaco-de-mim-jose-ailton-santos","status":"publish","type":"post","link":"https:\/\/tribunadapraia.com.br\/?p=839","title":{"rendered":"Pan\u00f3ptico: EU, PALHA\u00c7O DE MIM (Jos\u00e9 Ailton Santos)"},"content":{"rendered":"<p>Gosto do palha\u00e7o.<br \/>\nSabe o porqu\u00ea?<\/p>\n<p>n\u00e3o pelo riso<br \/>\nn\u00e3o pelo choro<br \/>\nn\u00e3o pela gra\u00e7a<br \/>\nn\u00e3o pelas cores<br \/>\nn\u00e3o pela leveza<br \/>\nn\u00e3o pela vestimenta<br \/>\nn\u00e3o pelo jeito trapalh\u00e3o<br \/>\nn\u00e3o por ser o doutor da alegria<br \/>\nn\u00e3o por ser o amor das crian\u00e7as<br \/>\n&#8230;<\/p>\n<p>E sim,<br \/>\npor conjugar<br \/>\n[em harmonia]<br \/>\ntantos personagens<\/p>\n<p>Somos todos palha\u00e7os,<br \/>\npor\u00e9m, nem todos s\u00e3o engra\u00e7ados.<br \/>\nQuanto a mim,<br \/>\nsou apenas mais um<br \/>\nde rosto alegre e alma triste.<\/p>\n<p>por Jos\u00e9 Ailton Santos &#8211; Transcrito de (https:\/\/olharpanoptico.blogspot.com\/2020\/03\/eu-palhaco-de-mim.html?m=1)<\/p>\n","protected":false},"excerpt":{"rendered":"<p>Gosto do palha\u00e7o. Sabe o porqu\u00ea? n\u00e3o pelo riso n\u00e3o pelo choro n\u00e3o pela gra\u00e7a n\u00e3o pelas cores n\u00e3o pela leveza n\u00e3o pela vestimenta n\u00e3o pelo jeito trapalh\u00e3o n\u00e3o por ser o doutor da alegria n\u00e3o por ser o amor das crian\u00e7as &#8230; E sim, por conjugar [em harmonia] tantos personagens Somos todos palha\u00e7os, por\u00e9m, nem todos s\u00e3o engra\u00e7ados. Quanto a mim, sou apenas mais um de rosto alegre e<\/p>\n","protected":false},"author":1,"featured_media":840,"comment_status":"open","ping_status":"open","sticky":false,"template":"","format":"standard","meta":[],"categories":[18],"tags":[],"yoast_head":"<!-- This site is optimized with the Yoast SEO plugin v16.3 - https:\/\/yoast.com\/wordpress\/plugins\/seo\/ -->\n<title>Pan\u00f3ptico: EU, PALHA\u00c7O DE MIM (Jos\u00e9 Ailton Santos) - TRIBUNA DA PRAIA<\/title>\n<meta name=\"robots\" content=\"index, follow, max-snippet:-1, max-image-preview:large, max-video-preview:-1\" \/>\n<link rel=\"canonical\" href=\"https:\/\/tribunadapraia.com.br\/?p=839\" \/>\n<meta property=\"og:locale\" content=\"pt_BR\" \/>\n<meta property=\"og:type\" content=\"article\" \/>\n<meta property=\"og:title\" content=\"Pan\u00f3ptico: EU, PALHA\u00c7O DE MIM (Jos\u00e9 Ailton Santos) - TRIBUNA DA PRAIA\" \/>\n<meta property=\"og:description\" content=\"Gosto do palha\u00e7o. Sabe o porqu\u00ea? n\u00e3o pelo riso n\u00e3o pelo choro n\u00e3o pela gra\u00e7a n\u00e3o pelas cores n\u00e3o pela leveza n\u00e3o pela vestimenta n\u00e3o pelo jeito trapalh\u00e3o n\u00e3o por ser o doutor da alegria n\u00e3o por ser o amor das crian\u00e7as &#8230; E sim, por conjugar [em harmonia] tantos personagens Somos todos palha\u00e7os, por\u00e9m, nem todos s\u00e3o engra\u00e7ados. Quanto a mim, sou apenas mais um de rosto alegre e\" \/>\n<meta property=\"og:url\" content=\"https:\/\/tribunadapraia.com.br\/?p=839\" \/>\n<meta property=\"og:site_name\" content=\"TRIBUNA DA PRAIA\" \/>\n<meta property=\"article:publisher\" content=\"https:\/\/www.facebook.com\/tribunadapraiaonline\/\" \/>\n<meta property=\"article:published_time\" content=\"2020-03-24T12:09:58+00:00\" \/>\n<meta property=\"article:modified_time\" content=\"2020-03-24T12:16:55+00:00\" \/>\n<meta property=\"og:image\" content=\"https:\/\/tribunadapraia.com.br\/wp-content\/uploads\/2020\/03\/IMG-20200324-WA0052.jpg\" \/>\n\t<meta property=\"og:image:width\" content=\"280\" \/>\n\t<meta property=\"og:image:height\" content=\"186\" \/>\n<meta name=\"twitter:card\" content=\"summary_large_image\" \/>\n<meta name=\"twitter:creator\" content=\"@Claudomir21\" \/>\n<meta name=\"twitter:site\" content=\"@Claudomir21\" \/>\n<meta name=\"twitter:label1\" content=\"Est. tempo de leitura\">\n\t<meta name=\"twitter:data1\" content=\"1 minuto\">\n<script type=\"application\/ld+json\" class=\"yoast-schema-graph\">{\"@context\":\"https:\/\/schema.org\",\"@graph\":[{\"@type\":\"Organization\",\"@id\":\"https:\/\/tribunadapraia.com.br\/#organization\",\"name\":\"Tribuna da Praia\",\"url\":\"https:\/\/tribunadapraia.com.br\/\",\"sameAs\":[\"https:\/\/www.facebook.com\/tribunadapraiaonline\/\",\"https:\/\/www.instagram.com\/claudomirtavares\/\",\"https:\/\/www.youtube.com\/channel\/UCwQf80nxiMzCefAyjbp53Rw\",\"https:\/\/twitter.com\/Claudomir21\"],\"logo\":{\"@type\":\"ImageObject\",\"@id\":\"https:\/\/tribunadapraia.com.br\/#logo\",\"inLanguage\":\"pt-BR\",\"url\":\"https:\/\/tribunadapraia.com.br\/wp-content\/uploads\/2020\/02\/logo.png\",\"contentUrl\":\"https:\/\/tribunadapraia.com.br\/wp-content\/uploads\/2020\/02\/logo.png\",\"width\":501,\"height\":121,\"caption\":\"Tribuna da Praia\"},\"image\":{\"@id\":\"https:\/\/tribunadapraia.com.br\/#logo\"}},{\"@type\":\"WebSite\",\"@id\":\"https:\/\/tribunadapraia.com.br\/#website\",\"url\":\"https:\/\/tribunadapraia.com.br\/\",\"name\":\"TRIBUNA DA PRAIA\",\"description\":\"O 1\\u00ba jornal do interior de Sergipe na internet\",\"publisher\":{\"@id\":\"https:\/\/tribunadapraia.com.br\/#organization\"},\"potentialAction\":[{\"@type\":\"SearchAction\",\"target\":\"https:\/\/tribunadapraia.com.br\/?s={search_term_string}\",\"query-input\":\"required name=search_term_string\"}],\"inLanguage\":\"pt-BR\"},{\"@type\":\"ImageObject\",\"@id\":\"https:\/\/tribunadapraia.com.br\/?p=839#primaryimage\",\"inLanguage\":\"pt-BR\",\"url\":\"https:\/\/tribunadapraia.com.br\/wp-content\/uploads\/2020\/03\/IMG-20200324-WA0052.jpg\",\"contentUrl\":\"https:\/\/tribunadapraia.com.br\/wp-content\/uploads\/2020\/03\/IMG-20200324-WA0052.jpg\",\"width\":280,\"height\":186},{\"@type\":\"WebPage\",\"@id\":\"https:\/\/tribunadapraia.com.br\/?p=839#webpage\",\"url\":\"https:\/\/tribunadapraia.com.br\/?p=839\",\"name\":\"Pan\\u00f3ptico: EU, PALHA\\u00c7O DE MIM (Jos\\u00e9 Ailton Santos) - TRIBUNA DA PRAIA\",\"isPartOf\":{\"@id\":\"https:\/\/tribunadapraia.com.br\/#website\"},\"primaryImageOfPage\":{\"@id\":\"https:\/\/tribunadapraia.com.br\/?p=839#primaryimage\"},\"datePublished\":\"2020-03-24T12:09:58+00:00\",\"dateModified\":\"2020-03-24T12:16:55+00:00\",\"breadcrumb\":{\"@id\":\"https:\/\/tribunadapraia.com.br\/?p=839#breadcrumb\"},\"inLanguage\":\"pt-BR\",\"potentialAction\":[{\"@type\":\"ReadAction\",\"target\":[\"https:\/\/tribunadapraia.com.br\/?p=839\"]}]},{\"@type\":\"BreadcrumbList\",\"@id\":\"https:\/\/tribunadapraia.com.br\/?p=839#breadcrumb\",\"itemListElement\":[{\"@type\":\"ListItem\",\"position\":1,\"item\":{\"@type\":\"WebPage\",\"@id\":\"https:\/\/tribunadapraia.com.br\/\",\"url\":\"https:\/\/tribunadapraia.com.br\/\",\"name\":\"In\\u00edcio\"}},{\"@type\":\"ListItem\",\"position\":2,\"item\":{\"@id\":\"https:\/\/tribunadapraia.com.br\/?p=839#webpage\"}}]},{\"@type\":\"Article\",\"@id\":\"https:\/\/tribunadapraia.com.br\/?p=839#article\",\"isPartOf\":{\"@id\":\"https:\/\/tribunadapraia.com.br\/?p=839#webpage\"},\"author\":{\"@id\":\"https:\/\/tribunadapraia.com.br\/#\/schema\/person\/326b0a9f3163b479142c64eba4928de0\"},\"headline\":\"Pan\\u00f3ptico: EU, PALHA\\u00c7O DE MIM (Jos\\u00e9 Ailton Santos)\",\"datePublished\":\"2020-03-24T12:09:58+00:00\",\"dateModified\":\"2020-03-24T12:16:55+00:00\",\"mainEntityOfPage\":{\"@id\":\"https:\/\/tribunadapraia.com.br\/?p=839#webpage\"},\"wordCount\":112,\"commentCount\":0,\"publisher\":{\"@id\":\"https:\/\/tribunadapraia.com.br\/#organization\"},\"image\":{\"@id\":\"https:\/\/tribunadapraia.com.br\/?p=839#primaryimage\"},\"thumbnailUrl\":\"https:\/\/tribunadapraia.com.br\/wp-content\/uploads\/2020\/03\/IMG-20200324-WA0052.jpg\",\"articleSection\":[\"Not\\u00edcias\"],\"inLanguage\":\"pt-BR\",\"potentialAction\":[{\"@type\":\"CommentAction\",\"name\":\"Comment\",\"target\":[\"https:\/\/tribunadapraia.com.br\/?p=839#respond\"]}]},{\"@type\":\"Person\",\"@id\":\"https:\/\/tribunadapraia.com.br\/#\/schema\/person\/326b0a9f3163b479142c64eba4928de0\",\"name\":\"tribunadapraia\",\"image\":{\"@type\":\"ImageObject\",\"@id\":\"https:\/\/tribunadapraia.com.br\/#personlogo\",\"inLanguage\":\"pt-BR\",\"url\":\"https:\/\/secure.gravatar.com\/avatar\/38b019c74762496076b7355024a0dad9?s=96&d=identicon&r=g\",\"contentUrl\":\"https:\/\/secure.gravatar.com\/avatar\/38b019c74762496076b7355024a0dad9?s=96&d=identicon&r=g\",\"caption\":\"tribunadapraia\"}}]}<\/script>\n<!-- \/ Yoast SEO plugin. -->","wps_subtitle":"","_links":{"self":[{"href":"https:\/\/tribunadapraia.com.br\/index.php?rest_route=\/wp\/v2\/posts\/839"}],"collection":[{"href":"https:\/\/tribunadapraia.com.br\/index.php?rest_route=\/wp\/v2\/posts"}],"about":[{"href":"https:\/\/tribunadapraia.com.br\/index.php?rest_route=\/wp\/v2\/types\/post"}],"author":[{"embeddable":true,"href":"https:\/\/tribunadapraia.com.br\/index.php?rest_route=\/wp\/v2\/users\/1"}],"replies":[{"embeddable":true,"href":"https:\/\/tribunadapraia.com.br\/index.php?rest_route=%2Fwp%2Fv2%2Fcomments&post=839"}],"version-history":[{"count":3,"href":"https:\/\/tribunadapraia.com.br\/index.php?rest_route=\/wp\/v2\/posts\/839\/revisions"}],"predecessor-version":[{"id":843,"href":"https:\/\/tribunadapraia.com.br\/index.php?rest_route=\/wp\/v2\/posts\/839\/revisions\/843"}],"wp:featuredmedia":[{"embeddable":true,"href":"https:\/\/tribunadapraia.com.br\/index.php?rest_route=\/wp\/v2\/media\/840"}],"wp:attachment":[{"href":"https:\/\/tribunadapraia.com.br\/index.php?rest_route=%2Fwp%2Fv2%2Fmedia&parent=839"}],"wp:term":[{"taxonomy":"category","embeddable":true,"href":"https:\/\/tribunadapraia.com.br\/index.php?rest_route=%2Fwp%2Fv2%2Fcategories&post=839"},{"taxonomy":"post_tag","embeddable":true,"href":"https:\/\/tribunadapraia.com.br\/index.php?rest_route=%2Fwp%2Fv2%2Ftags&post=839"}],"curies":[{"name":"wp","href":"https:\/\/api.w.org\/{rel}","templated":true}]}}