{"id":824,"date":"2020-03-24T00:19:05","date_gmt":"2020-03-24T03:19:05","guid":{"rendered":"https:\/\/tribunadapraia.com.br\/?p=824"},"modified":"2020-03-24T00:19:05","modified_gmt":"2020-03-24T03:19:05","slug":"governo-esta-perdido-e-medidas-vao-causar-pandemia-social-avalia-economista","status":"publish","type":"post","link":"https:\/\/tribunadapraia.com.br\/?p=824","title":{"rendered":"Governo est\u00e1 perdido e medidas v\u00e3o causar pandemia social, avalia economista"},"content":{"rendered":"<p>Especialista ouvida pelo Brasil de Fato afirma que as a\u00e7\u00f5es da equipe econ\u00f4mica v\u00e3o agravar a crise do coronav\u00edrus<\/p>\n<p>\u201cA equipe econ\u00f4mica est\u00e1 completamente perdida\u201d. A frase da economista Ana Luiza Matos de Oliveira, da Funda\u00e7\u00e3o Perseu Abramo, resume a percep\u00e7\u00e3o n\u00e3o s\u00f3 de especialistas, mas certamente de parte da popula\u00e7\u00e3o brasileira. Diante da crise global causada pela pandemia do coronav\u00edrus, as expectativas apontam para uma desacelera\u00e7\u00e3o consistente da economia mundial e o governo brasileiro n\u00e3o tem conseguido dar respostas \u00e0 altura do desafio.<\/p>\n<p>::Leia mais: Sob press\u00e3o, Bolsonaro recua e muda MP que permitia suspens\u00e3o de sal\u00e1rio por 4 meses::<\/p>\n<p>A insist\u00eancia em optar por medidas que continuam a seguir no caminho da austeridade preocupa. Em todo o mundo, at\u00e9 mesmo representantes mais tradicionais do mercado defendem a\u00e7\u00f5es econ\u00f4micas de amparo social. O Fundo Monet\u00e1rio Internacional (FMI) informou nesta segunda-feira (23) que vai ampliar fortemente os financiamentos emergenciais e que est\u00e1 pronto para usar toda a sua capacidade de empr\u00e9stimos, que chega a US$ 1 trilh\u00e3o. Mais de 80 pa\u00edses j\u00e1 pediram ajuda ao Fundo.<\/p>\n<p>Na semana passada, a diretora gerente do FMI, Kristalina Georgieva, ressaltou a necessidade de a\u00e7\u00f5es coordenadas. \u201c\u00c0 medida que o v\u00edrus se propaga, a necessidade de um est\u00edmulo fiscal global coordenado e sincronizado \u00e9 cada vez mais forte\u201d, disse ela.<\/p>\n<p>Anteriormente, a diretora de pesquisa do Fundo, Gita Gopinath, j\u00e1 havia dito que era necess\u00e1rio adotar medidas para garantir prote\u00e7\u00e3o \u00e0 rede de rela\u00e7\u00f5es econ\u00f4micas e financeiras entre trabalhadores, empresas, financiadores, tomadores de empr\u00e9stimos, fornecedores e consumidores. Gopinath foi al\u00e9m, afirmou que pa\u00edses ricos devem ajudar os que est\u00e3o mais economicamente fragilizados.<\/p>\n<p>No Brasil, em transmiss\u00e3o online que reuniu representantes de grandes empresas, o fundador da XP Investimentos, Guilherme Benchimol, foi ainda mais radical e chegou a citar as medidas tomadas pelos Estados Unidos ap\u00f3s a Segunda Guerra Mundial para reconstru\u00e7\u00e3o dos pa\u00edses europeus. \u201cPrecisamos de um plano Marshall, uma bomba at\u00f4mica, para que o Brasil n\u00e3o entre em caos social\u201d, sentenciou.<\/p>\n<p>Se at\u00e9 mesmo o mercado parece perceber a import\u00e2ncia de a\u00e7\u00f5es consistentes, coordenadas e que levem em considera\u00e7\u00e3o a necessidade de investimentos p\u00fablicos, a equipe econ\u00f4mica de Jair Bolsonaro (sem partido) patina. Para a economista Ana Luiza Matos de Oliveira, as respostas n\u00e3o s\u00e3o apenas insuficientes, mas tamb\u00e9m perigosas.<\/p>\n<p>\u201cAs medidas que o governo vem tomando v\u00e3o no sentido de agravar essa crise sanit\u00e1ria e aprofundar o abismo social e econ\u00f4mico que pode ser gerado. A gente tem uma pandemia causada pelo v\u00edrus e a forma com que o governo faz a gest\u00e3o dessa quest\u00e3o internamente, vai nos levar a uma pandemia social e econ\u00f4mica tamb\u00e9m\u201d, afirma.<\/p>\n<p>Contram\u00e3o do mundo<\/p>\n<p>O Minist\u00e9rio da Economia brasileiro anunciou um plano emergencial de R$ 147,3 bilh\u00f5es. No entanto, a maior parte das medidas antecipa receitas que j\u00e1 seriam gastas ao longo do ano e posterga despesas para os empres\u00e1rios. N\u00e3o h\u00e1 inje\u00e7\u00e3o significativa de novos valores na sa\u00fade, e o ministro Paulo Guedes j\u00e1 informou que o governo n\u00e3o cogita rever o teto de gastos. Isso significa que os investimentos em sa\u00fade e em outras \u00e1reas sociais continuar\u00e3o congelados por vinte anos, como determina a emenda do teto de gastos (EC 95), aprovada no governo de Michel Temer e defendida por Bolsonaro e sua equipe<\/p>\n<p>Enquanto isso, pa\u00edses da Uni\u00e3o Europeia aprovaram a suspens\u00e3o de regras da disciplina or\u00e7ament\u00e1ria, o que vai permitir que os governos aumentem gastos p\u00fablicos em sa\u00fade. Ana Luiza Matos de Oliveira afirma que a resposta do Brasil vem sendo a pior poss\u00edvel.<\/p>\n<p>\u201cQuando isso tudo passar, o Brasil liderado por Jair Bolsonaro vai ficar conhecido como o pa\u00eds que ofereceu a pior resposta poss\u00edvel \u00e0 crise, em termos sanit\u00e1rios, econ\u00f4micos e sociais. O Brasil est\u00e1 tomando medidas na contram\u00e3o de todos os outros pa\u00edses, na contram\u00e3o do que o FMI est\u00e1 pregando, na contram\u00e3o do que o Banco Mundial est\u00e1 falando. S\u00e3o \u00f3rg\u00e3os comprometid\u00edssimos com a quest\u00e3o da austeridade fiscal e est\u00e3o dizendo que agora que \u00e9 preciso gastar com sa\u00fade, gastar em prote\u00e7\u00e3o social e que a gente precisa proteger os vulner\u00e1veis\u201d, analisa.<\/p>\n<p>Confian\u00e7a do mercado<\/p>\n<p>O discurso recorrente do ministro Paulo Guedes para justificar medidas de austeridade sempre foi a necessidade de cria\u00e7\u00e3o de uma suposta confian\u00e7a no mercado. Se antes da crise do coronav\u00edrus o crescimento p\u00edfio do PIB j\u00e1 demonstrava que a t\u00e1tica n\u00e3o estava surtindo efeito, agora as coisas pioram. Ana Luiza avalia que a falta de comprometimento com a prote\u00e7\u00e3o social em um momento de crise global passa o pior dos recados para investidores.<\/p>\n<p>\u201cH\u00e1 algumas semanas algu\u00e9m perguntou ao Paulo Guedes sobre os impactos do coronav\u00edrus na economia do Brasil. Ele respondeu que as pessoas n\u00e3o precisavam se preocupar porque n\u00f3s temos um sistema financeiro muito consolidado. Eu achei curioso, porque a pergunta n\u00e3o estava falando de sistema financeiro. A economia \u00e9 muito mais do que o sistema financeiro. Economia diz respeito a conseguir colocar comida na mesa da sua fam\u00edlia, conseguir pagar as contas e ter perspectivas de melhora na situa\u00e7\u00e3o econ\u00f4mica. Se para essa economia real, as coisas j\u00e1 n\u00e3o andavam bem, agora, com todo esse caos que est\u00e1 se formando, a gente percebe que esse outro lado financeiro tamb\u00e9m est\u00e1 se desfazendo\u201d, aponta.<\/p>\n<p>Na opini\u00e3o da economista da Funda\u00e7\u00e3o Perseu Abramo, Paulo Guedes n\u00e3o tem conhecimento e experi\u00eancia em gest\u00e3o p\u00fablica. \u201cPor tr\u00e1s dessa tentativa de criar otimismo nos mercados, que em parte \u00e9 sim o papel de um ministro da economia, est\u00e1 uma leitura descolada da realidade\u201d.<\/p>\n<p>Futuro incerto<\/p>\n<p>Frente aos impactos econ\u00f4micos do coronav\u00edrus, o governo revisou a previs\u00e3o de crescimento do PIB brasileiro. As expectativas, que j\u00e1 foram de 2,1%, foram praticamente zeradas, e agora est\u00e3o em 0,02%. A economista avalia que o pa\u00eds chega enfraquecido ao enfrentamento das consequ\u00eancias que a crise global vai gerar.<\/p>\n<p>\u201cTodas essas reformas que o Brasil fez desde 2016, a partir do arcabou\u00e7o da austeridade, fizeram com que a gente chegasse a essa crise de uma forma muito mais vulner\u00e1vel. Temos menos instrumentos para combater a vulnerabilidade social, para combater debilidades que temos no Sistema \u00danico de Sa\u00fade. Esse cen\u00e1rio de desmontes com a reforma trabalhista, a reforma da Previd\u00eancia e a Emenda Constitucional do teto de gastos contribuem para que a gente esteja mais fragilizado perante \u00e0 crise\u201d, afirma.<\/p>\n<p>A economista destaca ainda que, com a crise atual, fica cada vez mais n\u00edtido para a popula\u00e7\u00e3o que as medidas de austeridade prejudicam os interesses sociais. \u201cEsse momento que a gente est\u00e1 mostra que v\u00e1rias for\u00e7as est\u00e3o se unindo e est\u00e3o vendo que muitas dessas regras que foram colocadas s\u00e3o medidas que nos impedem de tomar decis\u00f5es necess\u00e1rias em momento de crise\u201d.<\/p>\n<p>Durante a conversa de Ana Luiza Matos com o Brasil de Fato, o governo enfrentava as repercuss\u00f5es de uma decis\u00e3o que permitiria a suspens\u00e3o de sal\u00e1rios por quatro meses e deixava a cargo do trabalhador a negocia\u00e7\u00e3o com os patr\u00f5es sobre essa possibilidade. Ao longo da manh\u00e3, o termo Bolsonaro Genocida, chegou a figurar entre os assuntos mais comentados do Twitter. No meio da entrevista, a economista foi informada de que Bolsonaro havia voltado atr\u00e1s na decis\u00e3o. Novamente um recado de que o governo est\u00e1 desorientado.<\/p>\n<p>\u201cUma MP que n\u00e3o durou nem 12 horas. O governo est\u00e1 perdido! Tentando ajudar o governo a pensar, tem v\u00e1rios grupos de economistas que est\u00e3o se juntando e apresentando propostas. Houve um manifesto dos professores da Universidade Federal do Rio Grande do Sul, um manifesto da Universidade Federal do Rio de Janeiro e um estudo do Instituto de Economia da Unicamp. A gente elenca algumas medidas que a gente entende que deveriam ser tomadas no longo prazo e no curto prazo para passar por essa crise de uma forma mais suave. A gente est\u00e1 tentando falar e pressionar sobre isso, porque parte desse &#8216;volta atr\u00e1s&#8217; do Bolsonaro, \u00e9 tamb\u00e9m por press\u00e3o e n\u00f3s temos que continuar\u201d, defende.<\/p>\n<p>por Nara Lacerda<br \/>\n(Brasil de Fato) &#8211; Sergio Lima\/AFP<\/p>\n","protected":false},"excerpt":{"rendered":"<p>Especialista ouvida pelo Brasil de Fato afirma que as a\u00e7\u00f5es da equipe econ\u00f4mica v\u00e3o agravar a crise do coronav\u00edrus \u201cA equipe econ\u00f4mica est\u00e1 completamente perdida\u201d. A frase da economista Ana Luiza Matos de Oliveira, da Funda\u00e7\u00e3o Perseu Abramo, resume a percep\u00e7\u00e3o n\u00e3o s\u00f3 de especialistas, mas certamente de parte da popula\u00e7\u00e3o brasileira. Diante da crise global causada pela pandemia do coronav\u00edrus, as expectativas apontam para uma desacelera\u00e7\u00e3o consistente da economia<\/p>\n","protected":false},"author":3,"featured_media":825,"comment_status":"open","ping_status":"open","sticky":false,"template":"","format":"standard","meta":[],"categories":[18],"tags":[],"yoast_head":"<!-- This site is optimized with the Yoast SEO plugin v16.3 - https:\/\/yoast.com\/wordpress\/plugins\/seo\/ -->\n<title>Governo est\u00e1 perdido e medidas v\u00e3o causar pandemia social, avalia economista - TRIBUNA DA PRAIA<\/title>\n<meta name=\"robots\" content=\"index, follow, max-snippet:-1, max-image-preview:large, max-video-preview:-1\" \/>\n<link rel=\"canonical\" href=\"https:\/\/tribunadapraia.com.br\/?p=824\" \/>\n<meta property=\"og:locale\" content=\"pt_BR\" \/>\n<meta property=\"og:type\" content=\"article\" \/>\n<meta property=\"og:title\" content=\"Governo est\u00e1 perdido e medidas v\u00e3o causar pandemia social, avalia economista - TRIBUNA DA PRAIA\" \/>\n<meta property=\"og:description\" content=\"Especialista ouvida pelo Brasil de Fato afirma que as a\u00e7\u00f5es da equipe econ\u00f4mica v\u00e3o agravar a crise do coronav\u00edrus \u201cA equipe econ\u00f4mica est\u00e1 completamente perdida\u201d. A frase da economista Ana Luiza Matos de Oliveira, da Funda\u00e7\u00e3o Perseu Abramo, resume a percep\u00e7\u00e3o n\u00e3o s\u00f3 de especialistas, mas certamente de parte da popula\u00e7\u00e3o brasileira. Diante da crise global causada pela pandemia do coronav\u00edrus, as expectativas apontam para uma desacelera\u00e7\u00e3o consistente da economia\" \/>\n<meta property=\"og:url\" content=\"https:\/\/tribunadapraia.com.br\/?p=824\" \/>\n<meta property=\"og:site_name\" content=\"TRIBUNA DA PRAIA\" \/>\n<meta property=\"article:publisher\" content=\"https:\/\/www.facebook.com\/tribunadapraiaonline\/\" \/>\n<meta property=\"article:published_time\" content=\"2020-03-24T03:19:05+00:00\" \/>\n<meta property=\"og:image\" content=\"https:\/\/tribunadapraia.com.br\/wp-content\/uploads\/2020\/03\/IMG-20200324-WA0002.jpg\" \/>\n\t<meta property=\"og:image:width\" content=\"800\" \/>\n\t<meta property=\"og:image:height\" content=\"503\" \/>\n<meta name=\"twitter:card\" content=\"summary_large_image\" \/>\n<meta name=\"twitter:creator\" content=\"@Claudomir21\" \/>\n<meta name=\"twitter:site\" content=\"@Claudomir21\" \/>\n<meta name=\"twitter:label1\" content=\"Est. tempo de leitura\">\n\t<meta name=\"twitter:data1\" content=\"7 minutos\">\n<script type=\"application\/ld+json\" class=\"yoast-schema-graph\">{\"@context\":\"https:\/\/schema.org\",\"@graph\":[{\"@type\":\"Organization\",\"@id\":\"https:\/\/tribunadapraia.com.br\/#organization\",\"name\":\"Tribuna da Praia\",\"url\":\"https:\/\/tribunadapraia.com.br\/\",\"sameAs\":[\"https:\/\/www.facebook.com\/tribunadapraiaonline\/\",\"https:\/\/www.instagram.com\/claudomirtavares\/\",\"https:\/\/www.youtube.com\/channel\/UCwQf80nxiMzCefAyjbp53Rw\",\"https:\/\/twitter.com\/Claudomir21\"],\"logo\":{\"@type\":\"ImageObject\",\"@id\":\"https:\/\/tribunadapraia.com.br\/#logo\",\"inLanguage\":\"pt-BR\",\"url\":\"https:\/\/tribunadapraia.com.br\/wp-content\/uploads\/2020\/02\/logo.png\",\"contentUrl\":\"https:\/\/tribunadapraia.com.br\/wp-content\/uploads\/2020\/02\/logo.png\",\"width\":501,\"height\":121,\"caption\":\"Tribuna da Praia\"},\"image\":{\"@id\":\"https:\/\/tribunadapraia.com.br\/#logo\"}},{\"@type\":\"WebSite\",\"@id\":\"https:\/\/tribunadapraia.com.br\/#website\",\"url\":\"https:\/\/tribunadapraia.com.br\/\",\"name\":\"TRIBUNA DA PRAIA\",\"description\":\"O 1\\u00ba jornal do interior de Sergipe na internet\",\"publisher\":{\"@id\":\"https:\/\/tribunadapraia.com.br\/#organization\"},\"potentialAction\":[{\"@type\":\"SearchAction\",\"target\":\"https:\/\/tribunadapraia.com.br\/?s={search_term_string}\",\"query-input\":\"required name=search_term_string\"}],\"inLanguage\":\"pt-BR\"},{\"@type\":\"ImageObject\",\"@id\":\"https:\/\/tribunadapraia.com.br\/?p=824#primaryimage\",\"inLanguage\":\"pt-BR\",\"url\":\"https:\/\/tribunadapraia.com.br\/wp-content\/uploads\/2020\/03\/IMG-20200324-WA0002.jpg\",\"contentUrl\":\"https:\/\/tribunadapraia.com.br\/wp-content\/uploads\/2020\/03\/IMG-20200324-WA0002.jpg\",\"width\":800,\"height\":503},{\"@type\":\"WebPage\",\"@id\":\"https:\/\/tribunadapraia.com.br\/?p=824#webpage\",\"url\":\"https:\/\/tribunadapraia.com.br\/?p=824\",\"name\":\"Governo est\\u00e1 perdido e medidas v\\u00e3o causar pandemia social, avalia economista - TRIBUNA DA PRAIA\",\"isPartOf\":{\"@id\":\"https:\/\/tribunadapraia.com.br\/#website\"},\"primaryImageOfPage\":{\"@id\":\"https:\/\/tribunadapraia.com.br\/?p=824#primaryimage\"},\"datePublished\":\"2020-03-24T03:19:05+00:00\",\"dateModified\":\"2020-03-24T03:19:05+00:00\",\"breadcrumb\":{\"@id\":\"https:\/\/tribunadapraia.com.br\/?p=824#breadcrumb\"},\"inLanguage\":\"pt-BR\",\"potentialAction\":[{\"@type\":\"ReadAction\",\"target\":[\"https:\/\/tribunadapraia.com.br\/?p=824\"]}]},{\"@type\":\"BreadcrumbList\",\"@id\":\"https:\/\/tribunadapraia.com.br\/?p=824#breadcrumb\",\"itemListElement\":[{\"@type\":\"ListItem\",\"position\":1,\"item\":{\"@type\":\"WebPage\",\"@id\":\"https:\/\/tribunadapraia.com.br\/\",\"url\":\"https:\/\/tribunadapraia.com.br\/\",\"name\":\"In\\u00edcio\"}},{\"@type\":\"ListItem\",\"position\":2,\"item\":{\"@id\":\"https:\/\/tribunadapraia.com.br\/?p=824#webpage\"}}]},{\"@type\":\"Article\",\"@id\":\"https:\/\/tribunadapraia.com.br\/?p=824#article\",\"isPartOf\":{\"@id\":\"https:\/\/tribunadapraia.com.br\/?p=824#webpage\"},\"author\":{\"@id\":\"https:\/\/tribunadapraia.com.br\/#\/schema\/person\/099fbbf59acc5895c0d7d52b4fc46c97\"},\"headline\":\"Governo est\\u00e1 perdido e medidas v\\u00e3o causar pandemia social, avalia economista\",\"datePublished\":\"2020-03-24T03:19:05+00:00\",\"dateModified\":\"2020-03-24T03:19:05+00:00\",\"mainEntityOfPage\":{\"@id\":\"https:\/\/tribunadapraia.com.br\/?p=824#webpage\"},\"wordCount\":1455,\"commentCount\":0,\"publisher\":{\"@id\":\"https:\/\/tribunadapraia.com.br\/#organization\"},\"image\":{\"@id\":\"https:\/\/tribunadapraia.com.br\/?p=824#primaryimage\"},\"thumbnailUrl\":\"https:\/\/tribunadapraia.com.br\/wp-content\/uploads\/2020\/03\/IMG-20200324-WA0002.jpg\",\"articleSection\":[\"Not\\u00edcias\"],\"inLanguage\":\"pt-BR\",\"potentialAction\":[{\"@type\":\"CommentAction\",\"name\":\"Comment\",\"target\":[\"https:\/\/tribunadapraia.com.br\/?p=824#respond\"]}]},{\"@type\":\"Person\",\"@id\":\"https:\/\/tribunadapraia.com.br\/#\/schema\/person\/099fbbf59acc5895c0d7d52b4fc46c97\",\"name\":\"Reda\\u00e7\\u00e3o\",\"image\":{\"@type\":\"ImageObject\",\"@id\":\"https:\/\/tribunadapraia.com.br\/#personlogo\",\"inLanguage\":\"pt-BR\",\"url\":\"https:\/\/secure.gravatar.com\/avatar\/91c8b91d2bfd7784eac5c3e055361f64?s=96&d=identicon&r=g\",\"contentUrl\":\"https:\/\/secure.gravatar.com\/avatar\/91c8b91d2bfd7784eac5c3e055361f64?s=96&d=identicon&r=g\",\"caption\":\"Reda\\u00e7\\u00e3o\"}}]}<\/script>\n<!-- \/ Yoast SEO plugin. -->","wps_subtitle":"","_links":{"self":[{"href":"https:\/\/tribunadapraia.com.br\/index.php?rest_route=\/wp\/v2\/posts\/824"}],"collection":[{"href":"https:\/\/tribunadapraia.com.br\/index.php?rest_route=\/wp\/v2\/posts"}],"about":[{"href":"https:\/\/tribunadapraia.com.br\/index.php?rest_route=\/wp\/v2\/types\/post"}],"author":[{"embeddable":true,"href":"https:\/\/tribunadapraia.com.br\/index.php?rest_route=\/wp\/v2\/users\/3"}],"replies":[{"embeddable":true,"href":"https:\/\/tribunadapraia.com.br\/index.php?rest_route=%2Fwp%2Fv2%2Fcomments&post=824"}],"version-history":[{"count":1,"href":"https:\/\/tribunadapraia.com.br\/index.php?rest_route=\/wp\/v2\/posts\/824\/revisions"}],"predecessor-version":[{"id":826,"href":"https:\/\/tribunadapraia.com.br\/index.php?rest_route=\/wp\/v2\/posts\/824\/revisions\/826"}],"wp:featuredmedia":[{"embeddable":true,"href":"https:\/\/tribunadapraia.com.br\/index.php?rest_route=\/wp\/v2\/media\/825"}],"wp:attachment":[{"href":"https:\/\/tribunadapraia.com.br\/index.php?rest_route=%2Fwp%2Fv2%2Fmedia&parent=824"}],"wp:term":[{"taxonomy":"category","embeddable":true,"href":"https:\/\/tribunadapraia.com.br\/index.php?rest_route=%2Fwp%2Fv2%2Fcategories&post=824"},{"taxonomy":"post_tag","embeddable":true,"href":"https:\/\/tribunadapraia.com.br\/index.php?rest_route=%2Fwp%2Fv2%2Ftags&post=824"}],"curies":[{"name":"wp","href":"https:\/\/api.w.org\/{rel}","templated":true}]}}