{"id":819,"date":"2020-03-23T16:55:35","date_gmt":"2020-03-23T19:55:35","guid":{"rendered":"https:\/\/tribunadapraia.com.br\/?p=819"},"modified":"2020-03-23T17:01:05","modified_gmt":"2020-03-23T20:01:05","slug":"nordeste-recebe-apenas-3-dos-novos-beneficios-do-bolsa-familia-em-janeiro","status":"publish","type":"post","link":"https:\/\/tribunadapraia.com.br\/?p=819","title":{"rendered":"Nordeste recebe apenas 3% dos novos benef\u00edcios do Bolsa Fam\u00edlia em janeiro"},"content":{"rendered":"<p>Regi\u00e3o, cujos governadores s\u00e3o de oposi\u00e7\u00e3o, foi a \u00fanica do pa\u00eds que deu derrota a Bolsonaro nas urnas em 2018<\/p>\n<p>Nordeste recebeu apenas 3% dos novos benef\u00edcios em janeiro, enquanto Sul e Sudeste foram o destino de 75% das novas concess\u00f5es &#8211; Arquivo\/Ag\u00eancia Brasil<br \/>\nA regi\u00e3o Nordeste, que responde por 36,8% das fam\u00edlias em situa\u00e7\u00e3o de pobreza ou extrema pobreza na fila de espera do Bolsa Fam\u00edlia, foi preterida pelo governo Bolsonaro na lista dos novos benef\u00edcios concedidos em janeiro deste ano.<\/p>\n<p>Segundo reportagem publicada nesta quinta-feira (5) pelo jornal O Estado de S\u00e3o Paulo, o Nordeste recebeu apenas 3% do total liberado pelo Executivo federal no per\u00edodo, enquanto Sul e Sudeste foram o destino de 75% das novas concess\u00f5es.<\/p>\n<p>Em n\u00fameros absolutos, a distribui\u00e7\u00e3o do total de 100 mil novas concess\u00f5es ficou da seguinte forma: 45,7 mil para o Sudeste; 29,3 mil para o Sul; 15 mil destinadas ao Centro-Oeste; 6,6 mil para o Norte; e 3.035 direcionadas ao Nordeste. Os n\u00fameros se baseiam em dados oficiais fornecidos pelo Minist\u00e9rio da Cidadania ao Congresso Nacional.<\/p>\n<p>O Nordeste, cujos atuais governadores s\u00e3o de oposi\u00e7\u00e3o, foi a \u00fanica regi\u00e3o do pa\u00eds que, nas elei\u00e7\u00f5es presidenciais de 2018, deu maioria de votos a Fernando Haddad (PT) na disputa contra Bolsonaro. O petista recebeu 69,7% dos votos v\u00e1lidos do pleito contra 30,3% de Jair Bolsonaro, ent\u00e3o candidato pelo PSL. O pesselista teve hegemonia de votos nas outras regi\u00f5es, ficando com 68,3% dos votos no Sul, por exemplo.<\/p>\n<p>Santa Catarina, estado atualmente governado pelo PSL, recebeu, em janeiro, um n\u00famero de novos benef\u00edcios correspondente ao dobro do que foi liberado para todo o Nordeste, apesar de ter uma popula\u00e7\u00e3o oito vezes menos que a da regi\u00e3o.<\/p>\n<p>Entre outras coisas, o Nordeste tem sido alvo de ataques do presidente da Rep\u00fablica em diferentes contextos. Em julho do ano passado, por exemplo, ele se referiu aos habitantes da regi\u00e3o como \u201cpara\u00edbas\u201d, termo de car\u00e1ter pejorativo e historicamente utilizado para destilar preconceito contra o Nordeste.<\/p>\n<p>Paralelamente, outras a\u00e7\u00f5es diretas ou indiretas do Executivo direcionaram o alvo para a regi\u00e3o. Em agosto de 2019, por exemplo, o Estad\u00e3o mostrou que a Caixa Econ\u00f4mica Federal (CEF) reduziu as concess\u00f5es de cr\u00e9dito para governadores e prefeitos nordestinos, que receberam apenas 2,2% do total liberado pelo banco no per\u00edodo. A medida teria sido uma orienta\u00e7\u00e3o do presidente da CEF.<\/p>\n<p>O governo Bolsonaro tem dito que trabalha atualmente numa nova formata\u00e7\u00e3o para o Bolsa Fam\u00edlia, cujo alcance est\u00e1 caindo no pa\u00eds. A reportagem do Estad\u00e3o desta quinta-feira mostra que a libera\u00e7\u00e3o de novos benef\u00edcios caiu cerca de 5,6 mil ao m\u00eas entre junho e dezembro de 2019, primeiro ano da gest\u00e3o Bolsonaro.<\/p>\n<p>Em nota enviada ao Estad\u00e3o, o Minist\u00e9rio da Cidadania n\u00e3o explicou o porqu\u00ea da disparidade das concess\u00f5es entre as regi\u00f5es e afirmou que o processo de concess\u00e3o de benef\u00edcios \u00e9 \u201cimpessoal e realizado por meio de sistema automatizado que obedece ao teto das verbas or\u00e7ament\u00e1rias destinadas ao programa\u201d.<\/p>\n<p>por Brasil de Fato<\/p>\n","protected":false},"excerpt":{"rendered":"<p>Regi\u00e3o, cujos governadores s\u00e3o de oposi\u00e7\u00e3o, foi a \u00fanica do pa\u00eds que deu derrota a Bolsonaro nas urnas em 2018 Nordeste recebeu apenas 3% dos novos benef\u00edcios em janeiro, enquanto Sul e Sudeste foram o destino de 75% das novas concess\u00f5es &#8211; Arquivo\/Ag\u00eancia Brasil A regi\u00e3o Nordeste, que responde por 36,8% das fam\u00edlias em situa\u00e7\u00e3o de pobreza ou extrema pobreza na fila de espera do Bolsa Fam\u00edlia, foi preterida pelo<\/p>\n","protected":false},"author":3,"featured_media":820,"comment_status":"open","ping_status":"open","sticky":false,"template":"","format":"standard","meta":[],"categories":[18],"tags":[],"yoast_head":"<!-- This site is optimized with the Yoast SEO plugin v16.3 - https:\/\/yoast.com\/wordpress\/plugins\/seo\/ -->\n<title>Nordeste recebe apenas 3% dos novos benef\u00edcios do Bolsa Fam\u00edlia em janeiro - TRIBUNA DA PRAIA<\/title>\n<meta name=\"robots\" content=\"index, follow, max-snippet:-1, max-image-preview:large, max-video-preview:-1\" \/>\n<link rel=\"canonical\" href=\"https:\/\/tribunadapraia.com.br\/?p=819\" \/>\n<meta property=\"og:locale\" content=\"pt_BR\" \/>\n<meta property=\"og:type\" content=\"article\" \/>\n<meta property=\"og:title\" content=\"Nordeste recebe apenas 3% dos novos benef\u00edcios do Bolsa Fam\u00edlia em janeiro - TRIBUNA DA PRAIA\" \/>\n<meta property=\"og:description\" content=\"Regi\u00e3o, cujos governadores s\u00e3o de oposi\u00e7\u00e3o, foi a \u00fanica do pa\u00eds que deu derrota a Bolsonaro nas urnas em 2018 Nordeste recebeu apenas 3% dos novos benef\u00edcios em janeiro, enquanto Sul e Sudeste foram o destino de 75% das novas concess\u00f5es &#8211; Arquivo\/Ag\u00eancia Brasil A regi\u00e3o Nordeste, que responde por 36,8% das fam\u00edlias em situa\u00e7\u00e3o de pobreza ou extrema pobreza na fila de espera do Bolsa Fam\u00edlia, foi preterida pelo\" \/>\n<meta property=\"og:url\" content=\"https:\/\/tribunadapraia.com.br\/?p=819\" \/>\n<meta property=\"og:site_name\" content=\"TRIBUNA DA PRAIA\" \/>\n<meta property=\"article:publisher\" content=\"https:\/\/www.facebook.com\/tribunadapraiaonline\/\" \/>\n<meta property=\"article:published_time\" content=\"2020-03-23T19:55:35+00:00\" \/>\n<meta property=\"article:modified_time\" content=\"2020-03-23T20:01:05+00:00\" \/>\n<meta property=\"og:image\" content=\"https:\/\/tribunadapraia.com.br\/wp-content\/uploads\/2020\/03\/IMG-20200323-WA0090.jpg\" \/>\n\t<meta property=\"og:image:width\" content=\"1170\" \/>\n\t<meta property=\"og:image:height\" content=\"700\" \/>\n<meta name=\"twitter:card\" content=\"summary_large_image\" \/>\n<meta name=\"twitter:creator\" content=\"@Claudomir21\" \/>\n<meta name=\"twitter:site\" content=\"@Claudomir21\" \/>\n<meta name=\"twitter:label1\" content=\"Est. tempo de leitura\">\n\t<meta name=\"twitter:data1\" content=\"3 minutos\">\n<script type=\"application\/ld+json\" class=\"yoast-schema-graph\">{\"@context\":\"https:\/\/schema.org\",\"@graph\":[{\"@type\":\"Organization\",\"@id\":\"https:\/\/tribunadapraia.com.br\/#organization\",\"name\":\"Tribuna da Praia\",\"url\":\"https:\/\/tribunadapraia.com.br\/\",\"sameAs\":[\"https:\/\/www.facebook.com\/tribunadapraiaonline\/\",\"https:\/\/www.instagram.com\/claudomirtavares\/\",\"https:\/\/www.youtube.com\/channel\/UCwQf80nxiMzCefAyjbp53Rw\",\"https:\/\/twitter.com\/Claudomir21\"],\"logo\":{\"@type\":\"ImageObject\",\"@id\":\"https:\/\/tribunadapraia.com.br\/#logo\",\"inLanguage\":\"pt-BR\",\"url\":\"https:\/\/tribunadapraia.com.br\/wp-content\/uploads\/2020\/02\/logo.png\",\"contentUrl\":\"https:\/\/tribunadapraia.com.br\/wp-content\/uploads\/2020\/02\/logo.png\",\"width\":501,\"height\":121,\"caption\":\"Tribuna da Praia\"},\"image\":{\"@id\":\"https:\/\/tribunadapraia.com.br\/#logo\"}},{\"@type\":\"WebSite\",\"@id\":\"https:\/\/tribunadapraia.com.br\/#website\",\"url\":\"https:\/\/tribunadapraia.com.br\/\",\"name\":\"TRIBUNA DA PRAIA\",\"description\":\"O 1\\u00ba jornal do interior de Sergipe na internet\",\"publisher\":{\"@id\":\"https:\/\/tribunadapraia.com.br\/#organization\"},\"potentialAction\":[{\"@type\":\"SearchAction\",\"target\":\"https:\/\/tribunadapraia.com.br\/?s={search_term_string}\",\"query-input\":\"required name=search_term_string\"}],\"inLanguage\":\"pt-BR\"},{\"@type\":\"ImageObject\",\"@id\":\"https:\/\/tribunadapraia.com.br\/?p=819#primaryimage\",\"inLanguage\":\"pt-BR\",\"url\":\"https:\/\/tribunadapraia.com.br\/wp-content\/uploads\/2020\/03\/IMG-20200323-WA0090.jpg\",\"contentUrl\":\"https:\/\/tribunadapraia.com.br\/wp-content\/uploads\/2020\/03\/IMG-20200323-WA0090.jpg\",\"width\":1170,\"height\":700},{\"@type\":\"WebPage\",\"@id\":\"https:\/\/tribunadapraia.com.br\/?p=819#webpage\",\"url\":\"https:\/\/tribunadapraia.com.br\/?p=819\",\"name\":\"Nordeste recebe apenas 3% dos novos benef\\u00edcios do Bolsa Fam\\u00edlia em janeiro - TRIBUNA DA PRAIA\",\"isPartOf\":{\"@id\":\"https:\/\/tribunadapraia.com.br\/#website\"},\"primaryImageOfPage\":{\"@id\":\"https:\/\/tribunadapraia.com.br\/?p=819#primaryimage\"},\"datePublished\":\"2020-03-23T19:55:35+00:00\",\"dateModified\":\"2020-03-23T20:01:05+00:00\",\"breadcrumb\":{\"@id\":\"https:\/\/tribunadapraia.com.br\/?p=819#breadcrumb\"},\"inLanguage\":\"pt-BR\",\"potentialAction\":[{\"@type\":\"ReadAction\",\"target\":[\"https:\/\/tribunadapraia.com.br\/?p=819\"]}]},{\"@type\":\"BreadcrumbList\",\"@id\":\"https:\/\/tribunadapraia.com.br\/?p=819#breadcrumb\",\"itemListElement\":[{\"@type\":\"ListItem\",\"position\":1,\"item\":{\"@type\":\"WebPage\",\"@id\":\"https:\/\/tribunadapraia.com.br\/\",\"url\":\"https:\/\/tribunadapraia.com.br\/\",\"name\":\"In\\u00edcio\"}},{\"@type\":\"ListItem\",\"position\":2,\"item\":{\"@id\":\"https:\/\/tribunadapraia.com.br\/?p=819#webpage\"}}]},{\"@type\":\"Article\",\"@id\":\"https:\/\/tribunadapraia.com.br\/?p=819#article\",\"isPartOf\":{\"@id\":\"https:\/\/tribunadapraia.com.br\/?p=819#webpage\"},\"author\":{\"@id\":\"https:\/\/tribunadapraia.com.br\/#\/schema\/person\/099fbbf59acc5895c0d7d52b4fc46c97\"},\"headline\":\"Nordeste recebe apenas 3% dos novos benef\\u00edcios do Bolsa Fam\\u00edlia em janeiro\",\"datePublished\":\"2020-03-23T19:55:35+00:00\",\"dateModified\":\"2020-03-23T20:01:05+00:00\",\"mainEntityOfPage\":{\"@id\":\"https:\/\/tribunadapraia.com.br\/?p=819#webpage\"},\"wordCount\":545,\"commentCount\":0,\"publisher\":{\"@id\":\"https:\/\/tribunadapraia.com.br\/#organization\"},\"image\":{\"@id\":\"https:\/\/tribunadapraia.com.br\/?p=819#primaryimage\"},\"thumbnailUrl\":\"https:\/\/tribunadapraia.com.br\/wp-content\/uploads\/2020\/03\/IMG-20200323-WA0090.jpg\",\"articleSection\":[\"Not\\u00edcias\"],\"inLanguage\":\"pt-BR\",\"potentialAction\":[{\"@type\":\"CommentAction\",\"name\":\"Comment\",\"target\":[\"https:\/\/tribunadapraia.com.br\/?p=819#respond\"]}]},{\"@type\":\"Person\",\"@id\":\"https:\/\/tribunadapraia.com.br\/#\/schema\/person\/099fbbf59acc5895c0d7d52b4fc46c97\",\"name\":\"Reda\\u00e7\\u00e3o\",\"image\":{\"@type\":\"ImageObject\",\"@id\":\"https:\/\/tribunadapraia.com.br\/#personlogo\",\"inLanguage\":\"pt-BR\",\"url\":\"https:\/\/secure.gravatar.com\/avatar\/91c8b91d2bfd7784eac5c3e055361f64?s=96&d=identicon&r=g\",\"contentUrl\":\"https:\/\/secure.gravatar.com\/avatar\/91c8b91d2bfd7784eac5c3e055361f64?s=96&d=identicon&r=g\",\"caption\":\"Reda\\u00e7\\u00e3o\"}}]}<\/script>\n<!-- \/ Yoast SEO plugin. -->","wps_subtitle":"","_links":{"self":[{"href":"https:\/\/tribunadapraia.com.br\/index.php?rest_route=\/wp\/v2\/posts\/819"}],"collection":[{"href":"https:\/\/tribunadapraia.com.br\/index.php?rest_route=\/wp\/v2\/posts"}],"about":[{"href":"https:\/\/tribunadapraia.com.br\/index.php?rest_route=\/wp\/v2\/types\/post"}],"author":[{"embeddable":true,"href":"https:\/\/tribunadapraia.com.br\/index.php?rest_route=\/wp\/v2\/users\/3"}],"replies":[{"embeddable":true,"href":"https:\/\/tribunadapraia.com.br\/index.php?rest_route=%2Fwp%2Fv2%2Fcomments&post=819"}],"version-history":[{"count":1,"href":"https:\/\/tribunadapraia.com.br\/index.php?rest_route=\/wp\/v2\/posts\/819\/revisions"}],"predecessor-version":[{"id":821,"href":"https:\/\/tribunadapraia.com.br\/index.php?rest_route=\/wp\/v2\/posts\/819\/revisions\/821"}],"wp:featuredmedia":[{"embeddable":true,"href":"https:\/\/tribunadapraia.com.br\/index.php?rest_route=\/wp\/v2\/media\/820"}],"wp:attachment":[{"href":"https:\/\/tribunadapraia.com.br\/index.php?rest_route=%2Fwp%2Fv2%2Fmedia&parent=819"}],"wp:term":[{"taxonomy":"category","embeddable":true,"href":"https:\/\/tribunadapraia.com.br\/index.php?rest_route=%2Fwp%2Fv2%2Fcategories&post=819"},{"taxonomy":"post_tag","embeddable":true,"href":"https:\/\/tribunadapraia.com.br\/index.php?rest_route=%2Fwp%2Fv2%2Ftags&post=819"}],"curies":[{"name":"wp","href":"https:\/\/api.w.org\/{rel}","templated":true}]}}