{"id":811,"date":"2020-03-23T12:26:10","date_gmt":"2020-03-23T15:26:10","guid":{"rendered":"https:\/\/tribunadapraia.com.br\/?p=811"},"modified":"2020-03-23T12:26:10","modified_gmt":"2020-03-23T15:26:10","slug":"bolsonaro-autoriza-suspensao-de-trabalho-e-salario-por-quatro-meses","status":"publish","type":"post","link":"https:\/\/tribunadapraia.com.br\/?p=811","title":{"rendered":"Bolsonaro autoriza suspens\u00e3o de trabalho e sal\u00e1rio por quatro meses"},"content":{"rendered":"<p>Medida passa a valer a partir desta segunda-feira (23), mas precisa ser votada pelo Congresso em at\u00e9 60 dias<\/p>\n<p>A atua\u00e7\u00e3o do presidente Jair Bolsonaro na gest\u00e3o da pandemia \u00e9 aprovada por 35% da popula\u00e7\u00e3o, enquanto a dos governadores por 54% &#8211; Miguel Schincariol\/AFP<br \/>\nO presidente Jair Bolsonaro (sem partido) autorizou a suspens\u00e3o do contrato de trabalho por at\u00e9 quatro meses, por meio de uma medida provis\u00f3ria (MP) publicada no Di\u00e1rio Oficial da Uni\u00e3o desta segunda-feira (23).<\/p>\n<p>A MP, que valer\u00e1 durante o per\u00edodo de calamidade p\u00fablica em decorr\u00eancia da pandemia do novo coronav\u00edrus, tem validade de 60 dias e deve ser aprovada pelo Congresso Nacional dentro desse prazo. Caso isso n\u00e3o ocorra, a MP caduca.<\/p>\n<p>Nesse per\u00edodo, de acordo com a MP, o funcion\u00e1rio deixa de trabalhar, e o empregador de pagar o sal\u00e1rio. A empresa, no entanto, \u00e9 obrigada a manter o pagamento de benef\u00edcios, como plano de sa\u00fade, e a oferecer cursos de qualifica\u00e7\u00e3o online.<\/p>\n<p>Ainda pode, em car\u00e1ter n\u00e3o obrigat\u00f3rio, conceder uma \u201cajuda compensat\u00f3ria mensal\u201d, &#8220;sem natureza salarial&#8221; e &#8220;com valor definido livremente entre empregado e empregador, via negocia\u00e7\u00e3o individual&#8221;.<\/p>\n<p>A negocia\u00e7\u00e3o entre trabalhador e empregador para a suspens\u00e3o do contrato e das condi\u00e7\u00f5es deste deve ser individual e n\u00e3o precisa levar em conta acordos coletivos e leis trabalhistas, que est\u00e3o previstos na Constitui\u00e7\u00e3o Federal.<\/p>\n<p>&#8220;O empregado e o empregador poder\u00e3o celebrar acordo individual escrito, a fim de garantir a perman\u00eancia do v\u00ednculo empregat\u00edcio, que ter\u00e1 preponder\u00e2ncia sobre os demais instrumentos normativos, legais e negociais, respeitados os limites estabelecidos na Constitui\u00e7\u00e3o&#8221;, diz o texto da MP.<\/p>\n<p>De acordo com o artigo 503 da Consolida\u00e7\u00e3o das Leis do Trabalho (CLT), sal\u00e1rio e jornada podem ser reduzidos em at\u00e9 25% por quest\u00e3o de \u201cfor\u00e7a maior\u201d.<\/p>\n<p>&#8220;\u00c9 l\u00edcita, em caso de for\u00e7a maior ou preju\u00edzos devidamente comprovados, a redu\u00e7\u00e3o geral dos sal\u00e1rios dos empregados da empresa, proporcionalmente aos sal\u00e1rios de cada um, n\u00e3o podendo, entretanto, ser superior a 25% (vinte e cinco por cento), respeitado, em qualquer caso, o sal\u00e1rio m\u00ednimo da regi\u00e3o&#8221;, diz o texto.<\/p>\n<p>O ministro da Economia, Paulo Guedes, divulgou na \u00faltima quarta-feira (18) um pacote de medidas para frear os impactos econ\u00f4micos causados pela pandemia. Na ocasi\u00e3o, a equipe da pasta tinha previsto a redu\u00e7\u00e3o da jornada de trabalho, assim como do sal\u00e1rio, em 50%.<\/p>\n<p>Ainda nesta segunda-feira, o Instituto Datafolha mostrou que a atua\u00e7\u00e3o do presidente Jair Bolsonaro na gest\u00e3o da pandemia \u00e9 aprovada por 35% da popula\u00e7\u00e3o, enquanto a dos governadores por 54%.<\/p>\n<p>Outras regras<\/p>\n<p>A medida assinada por Bolsonaro tamb\u00e9m prev\u00ea regras para teletrabalho, antecipa\u00e7\u00e3o de f\u00e9rias individuais, concess\u00e3o de f\u00e9rias coletivas, antecipa\u00e7\u00e3o de feriados, banco de horas, suspens\u00e3o de exig\u00eancias administrativas em seguran\u00e7a e sa\u00fade no trabalho, direcionamento do trabalhador para qualifica\u00e7\u00e3o, e adiamento do recolhimento do Fundo de Garantia do Tempo de Servi\u00e7o (FGTS).<\/p>\n<p>Quanto a este \u00faltimo t\u00f3pico, o presidente liberou a suspens\u00e3o do recolhimento do FGTS por parte dos empregadores referente a mar\u00e7o, abril e maio de 2020. A MP ainda estabelece que, em caso de trabalho online, o empregador deve &#8220;a seu crit\u00e9rio, alterar o regime de trabalho presencial para o teletrabalho, o trabalho remoto ou outro tipo de trabalho a dist\u00e2ncia e determinar o retorno ao regime de trabalho presencial&#8221;.<\/p>\n<p>O governo de Jair Bolsonaro tamb\u00e9m alterou as regras de sa\u00fade no trabalho. Enquanto a MP vigorar, fica suspensa a obriga\u00e7\u00e3o de realizar exames m\u00e9dicos ocupacionais, cl\u00ednicos e complementares, com exce\u00e7\u00e3o dos demissionais.<\/p>\n<p>por Caroline Oliveira (Brasil de Fato)<\/p>\n","protected":false},"excerpt":{"rendered":"<p>Medida passa a valer a partir desta segunda-feira (23), mas precisa ser votada pelo Congresso em at\u00e9 60 dias A atua\u00e7\u00e3o do presidente Jair Bolsonaro na gest\u00e3o da pandemia \u00e9 aprovada por 35% da popula\u00e7\u00e3o, enquanto a dos governadores por 54% &#8211; Miguel Schincariol\/AFP O presidente Jair Bolsonaro (sem partido) autorizou a suspens\u00e3o do contrato de trabalho por at\u00e9 quatro meses, por meio de uma medida provis\u00f3ria (MP) publicada no<\/p>\n","protected":false},"author":3,"featured_media":812,"comment_status":"open","ping_status":"open","sticky":false,"template":"","format":"standard","meta":[],"categories":[18],"tags":[],"yoast_head":"<!-- This site is optimized with the Yoast SEO plugin v16.3 - https:\/\/yoast.com\/wordpress\/plugins\/seo\/ -->\n<title>Bolsonaro autoriza suspens\u00e3o de trabalho e sal\u00e1rio por quatro meses - TRIBUNA DA PRAIA<\/title>\n<meta name=\"robots\" content=\"index, follow, max-snippet:-1, max-image-preview:large, max-video-preview:-1\" \/>\n<link rel=\"canonical\" href=\"https:\/\/tribunadapraia.com.br\/?p=811\" \/>\n<meta property=\"og:locale\" content=\"pt_BR\" \/>\n<meta property=\"og:type\" content=\"article\" \/>\n<meta property=\"og:title\" content=\"Bolsonaro autoriza suspens\u00e3o de trabalho e sal\u00e1rio por quatro meses - TRIBUNA DA PRAIA\" \/>\n<meta property=\"og:description\" content=\"Medida passa a valer a partir desta segunda-feira (23), mas precisa ser votada pelo Congresso em at\u00e9 60 dias A atua\u00e7\u00e3o do presidente Jair Bolsonaro na gest\u00e3o da pandemia \u00e9 aprovada por 35% da popula\u00e7\u00e3o, enquanto a dos governadores por 54% &#8211; Miguel Schincariol\/AFP O presidente Jair Bolsonaro (sem partido) autorizou a suspens\u00e3o do contrato de trabalho por at\u00e9 quatro meses, por meio de uma medida provis\u00f3ria (MP) publicada no\" \/>\n<meta property=\"og:url\" content=\"https:\/\/tribunadapraia.com.br\/?p=811\" \/>\n<meta property=\"og:site_name\" content=\"TRIBUNA DA PRAIA\" \/>\n<meta property=\"article:publisher\" content=\"https:\/\/www.facebook.com\/tribunadapraiaonline\/\" \/>\n<meta property=\"article:published_time\" content=\"2020-03-23T15:26:10+00:00\" \/>\n<meta property=\"og:image\" content=\"https:\/\/tribunadapraia.com.br\/wp-content\/uploads\/2020\/03\/IMG-20200323-WA0055.jpg\" \/>\n\t<meta property=\"og:image:width\" content=\"800\" \/>\n\t<meta property=\"og:image:height\" content=\"600\" \/>\n<meta name=\"twitter:card\" content=\"summary_large_image\" \/>\n<meta name=\"twitter:creator\" content=\"@Claudomir21\" \/>\n<meta name=\"twitter:site\" content=\"@Claudomir21\" \/>\n<meta name=\"twitter:label1\" content=\"Est. tempo de leitura\">\n\t<meta name=\"twitter:data1\" content=\"3 minutos\">\n<script type=\"application\/ld+json\" class=\"yoast-schema-graph\">{\"@context\":\"https:\/\/schema.org\",\"@graph\":[{\"@type\":\"Organization\",\"@id\":\"https:\/\/tribunadapraia.com.br\/#organization\",\"name\":\"Tribuna da Praia\",\"url\":\"https:\/\/tribunadapraia.com.br\/\",\"sameAs\":[\"https:\/\/www.facebook.com\/tribunadapraiaonline\/\",\"https:\/\/www.instagram.com\/claudomirtavares\/\",\"https:\/\/www.youtube.com\/channel\/UCwQf80nxiMzCefAyjbp53Rw\",\"https:\/\/twitter.com\/Claudomir21\"],\"logo\":{\"@type\":\"ImageObject\",\"@id\":\"https:\/\/tribunadapraia.com.br\/#logo\",\"inLanguage\":\"pt-BR\",\"url\":\"https:\/\/tribunadapraia.com.br\/wp-content\/uploads\/2020\/02\/logo.png\",\"contentUrl\":\"https:\/\/tribunadapraia.com.br\/wp-content\/uploads\/2020\/02\/logo.png\",\"width\":501,\"height\":121,\"caption\":\"Tribuna da Praia\"},\"image\":{\"@id\":\"https:\/\/tribunadapraia.com.br\/#logo\"}},{\"@type\":\"WebSite\",\"@id\":\"https:\/\/tribunadapraia.com.br\/#website\",\"url\":\"https:\/\/tribunadapraia.com.br\/\",\"name\":\"TRIBUNA DA PRAIA\",\"description\":\"O 1\\u00ba jornal do interior de Sergipe na internet\",\"publisher\":{\"@id\":\"https:\/\/tribunadapraia.com.br\/#organization\"},\"potentialAction\":[{\"@type\":\"SearchAction\",\"target\":\"https:\/\/tribunadapraia.com.br\/?s={search_term_string}\",\"query-input\":\"required name=search_term_string\"}],\"inLanguage\":\"pt-BR\"},{\"@type\":\"ImageObject\",\"@id\":\"https:\/\/tribunadapraia.com.br\/?p=811#primaryimage\",\"inLanguage\":\"pt-BR\",\"url\":\"https:\/\/tribunadapraia.com.br\/wp-content\/uploads\/2020\/03\/IMG-20200323-WA0055.jpg\",\"contentUrl\":\"https:\/\/tribunadapraia.com.br\/wp-content\/uploads\/2020\/03\/IMG-20200323-WA0055.jpg\",\"width\":800,\"height\":600},{\"@type\":\"WebPage\",\"@id\":\"https:\/\/tribunadapraia.com.br\/?p=811#webpage\",\"url\":\"https:\/\/tribunadapraia.com.br\/?p=811\",\"name\":\"Bolsonaro autoriza suspens\\u00e3o de trabalho e sal\\u00e1rio por quatro meses - TRIBUNA DA PRAIA\",\"isPartOf\":{\"@id\":\"https:\/\/tribunadapraia.com.br\/#website\"},\"primaryImageOfPage\":{\"@id\":\"https:\/\/tribunadapraia.com.br\/?p=811#primaryimage\"},\"datePublished\":\"2020-03-23T15:26:10+00:00\",\"dateModified\":\"2020-03-23T15:26:10+00:00\",\"breadcrumb\":{\"@id\":\"https:\/\/tribunadapraia.com.br\/?p=811#breadcrumb\"},\"inLanguage\":\"pt-BR\",\"potentialAction\":[{\"@type\":\"ReadAction\",\"target\":[\"https:\/\/tribunadapraia.com.br\/?p=811\"]}]},{\"@type\":\"BreadcrumbList\",\"@id\":\"https:\/\/tribunadapraia.com.br\/?p=811#breadcrumb\",\"itemListElement\":[{\"@type\":\"ListItem\",\"position\":1,\"item\":{\"@type\":\"WebPage\",\"@id\":\"https:\/\/tribunadapraia.com.br\/\",\"url\":\"https:\/\/tribunadapraia.com.br\/\",\"name\":\"In\\u00edcio\"}},{\"@type\":\"ListItem\",\"position\":2,\"item\":{\"@id\":\"https:\/\/tribunadapraia.com.br\/?p=811#webpage\"}}]},{\"@type\":\"Article\",\"@id\":\"https:\/\/tribunadapraia.com.br\/?p=811#article\",\"isPartOf\":{\"@id\":\"https:\/\/tribunadapraia.com.br\/?p=811#webpage\"},\"author\":{\"@id\":\"https:\/\/tribunadapraia.com.br\/#\/schema\/person\/099fbbf59acc5895c0d7d52b4fc46c97\"},\"headline\":\"Bolsonaro autoriza suspens\\u00e3o de trabalho e sal\\u00e1rio por quatro meses\",\"datePublished\":\"2020-03-23T15:26:10+00:00\",\"dateModified\":\"2020-03-23T15:26:10+00:00\",\"mainEntityOfPage\":{\"@id\":\"https:\/\/tribunadapraia.com.br\/?p=811#webpage\"},\"wordCount\":647,\"commentCount\":0,\"publisher\":{\"@id\":\"https:\/\/tribunadapraia.com.br\/#organization\"},\"image\":{\"@id\":\"https:\/\/tribunadapraia.com.br\/?p=811#primaryimage\"},\"thumbnailUrl\":\"https:\/\/tribunadapraia.com.br\/wp-content\/uploads\/2020\/03\/IMG-20200323-WA0055.jpg\",\"articleSection\":[\"Not\\u00edcias\"],\"inLanguage\":\"pt-BR\",\"potentialAction\":[{\"@type\":\"CommentAction\",\"name\":\"Comment\",\"target\":[\"https:\/\/tribunadapraia.com.br\/?p=811#respond\"]}]},{\"@type\":\"Person\",\"@id\":\"https:\/\/tribunadapraia.com.br\/#\/schema\/person\/099fbbf59acc5895c0d7d52b4fc46c97\",\"name\":\"Reda\\u00e7\\u00e3o\",\"image\":{\"@type\":\"ImageObject\",\"@id\":\"https:\/\/tribunadapraia.com.br\/#personlogo\",\"inLanguage\":\"pt-BR\",\"url\":\"https:\/\/secure.gravatar.com\/avatar\/91c8b91d2bfd7784eac5c3e055361f64?s=96&d=identicon&r=g\",\"contentUrl\":\"https:\/\/secure.gravatar.com\/avatar\/91c8b91d2bfd7784eac5c3e055361f64?s=96&d=identicon&r=g\",\"caption\":\"Reda\\u00e7\\u00e3o\"}}]}<\/script>\n<!-- \/ Yoast SEO plugin. -->","wps_subtitle":"","_links":{"self":[{"href":"https:\/\/tribunadapraia.com.br\/index.php?rest_route=\/wp\/v2\/posts\/811"}],"collection":[{"href":"https:\/\/tribunadapraia.com.br\/index.php?rest_route=\/wp\/v2\/posts"}],"about":[{"href":"https:\/\/tribunadapraia.com.br\/index.php?rest_route=\/wp\/v2\/types\/post"}],"author":[{"embeddable":true,"href":"https:\/\/tribunadapraia.com.br\/index.php?rest_route=\/wp\/v2\/users\/3"}],"replies":[{"embeddable":true,"href":"https:\/\/tribunadapraia.com.br\/index.php?rest_route=%2Fwp%2Fv2%2Fcomments&post=811"}],"version-history":[{"count":1,"href":"https:\/\/tribunadapraia.com.br\/index.php?rest_route=\/wp\/v2\/posts\/811\/revisions"}],"predecessor-version":[{"id":813,"href":"https:\/\/tribunadapraia.com.br\/index.php?rest_route=\/wp\/v2\/posts\/811\/revisions\/813"}],"wp:featuredmedia":[{"embeddable":true,"href":"https:\/\/tribunadapraia.com.br\/index.php?rest_route=\/wp\/v2\/media\/812"}],"wp:attachment":[{"href":"https:\/\/tribunadapraia.com.br\/index.php?rest_route=%2Fwp%2Fv2%2Fmedia&parent=811"}],"wp:term":[{"taxonomy":"category","embeddable":true,"href":"https:\/\/tribunadapraia.com.br\/index.php?rest_route=%2Fwp%2Fv2%2Fcategories&post=811"},{"taxonomy":"post_tag","embeddable":true,"href":"https:\/\/tribunadapraia.com.br\/index.php?rest_route=%2Fwp%2Fv2%2Ftags&post=811"}],"curies":[{"name":"wp","href":"https:\/\/api.w.org\/{rel}","templated":true}]}}