{"id":808,"date":"2020-03-23T10:14:14","date_gmt":"2020-03-23T13:14:14","guid":{"rendered":"https:\/\/tribunadapraia.com.br\/?p=808"},"modified":"2020-03-23T10:14:14","modified_gmt":"2020-03-23T13:14:14","slug":"artigo-historia-da-saude-publica-no-brasil-um-seculo-de-luta-pelo-direito-a-saude-claudomir-herzog","status":"publish","type":"post","link":"https:\/\/tribunadapraia.com.br\/?p=808","title":{"rendered":"ARTIGO: Hist\u00f3ria da sa\u00fade p\u00fablica no Brasil &#8211; Um s\u00e9culo de luta pelo direito a sa\u00fade (ClaudOmir Herzog)"},"content":{"rendered":"<p>A Hist\u00f3ria da sa\u00fade p\u00fablica no Brasil se confunde com a pr\u00f3pria luta dos brasileiros por direitos p\u00e9treos &#8211; uma constante luta pela cidadania plena.<br \/>\nAo longo dos \u00faltimos 100 anos, nos reportamos a Revolta da Vacina, quando se acreditava que a imuniza\u00e7\u00e3o de brasileiros se trataria de um exterm\u00ednio de pessoas, fruto do senso comum e ou da ignor\u00e2ncia diante do alcance das pol\u00edticas p\u00fablicas de sa\u00fade.<\/p>\n<p>De l\u00e1 para c\u00e1, h\u00e1 muitos divisores de \u00e1gua, passando pelos servi\u00e7os prestados pelas santas casas de miseric\u00f3rdias, aos hospitais regionais, que come\u00e7aram a ser constru\u00eddos nos v\u00e1rios rinc\u00f5es do Brasil, todos eles funcionando como esp\u00e9cie de extens\u00e3o ou complementa\u00e7\u00e3o do servi\u00e7o p\u00fablico, cujos postos de sa\u00fade n\u00e3o atendiam a demanda, sejam pela insufici\u00eancia ou pela incapacidade dos sistemas que n\u00e3o eram interligados.<\/p>\n<p>As pol\u00edticas p\u00fablicas de sa\u00fade come\u00e7am a se encorpar entre as d\u00e9cadas de 50 a 60 do s\u00e9culo XX, com o bra\u00e7o do estado alcan\u00e7ando as regi\u00f5es mais long\u00ednquas do pa\u00eds, e a\u00ed entra a antiga SUCAM e depois a Funda\u00e7\u00e3o SESP, atual Funda\u00e7\u00e3o Nacional de Sa\u00fade.<\/p>\n<p>Aqui em Sergipe, s\u00f3 para ilustrar, foi a constru\u00e7\u00e3o do Hospital Jo\u00e3o Alves Filho, na d\u00e9cada de 80 que soergue a sa\u00fade p\u00fablica em Sergipe &#8211; antes era o Hospital das Cl\u00ednicas Dr. Augusto Leite (Hospital de Cirurgia &#8211; foto) quem servia de b\u00e1lsamo dos sergipanos. No interior, hospitais como o Amparo de Maria (Est\u00e2ncia), S\u00e3o Jos\u00e9 (Japaratuba) e S\u00e3o Vicente de Paula (Propri\u00e1), complementavam a oferta, atendendo pacientes dos munic\u00edpios adjacentes. Estes hospitais chegaram as ru\u00ednas, sendo um deles (Propri\u00e1) adquirido pelo Governo de Sergipe.<\/p>\n<p>O grande salto de qualidade das pol\u00edticas p\u00fablicas de sa\u00fade no Brasil foi a institui\u00e7\u00e3o do Sistema \u00danico de Sa\u00fade (SUS) na d\u00e9cada de 90. Esse modelo, no que pese as cr\u00edticas pontais e quase todas todas elas fundamentadas, tem servido de inspira\u00e7\u00e3o para outros sistemas como de Assist\u00eancia Social (SUAS) e de Cultura (SNC).<\/p>\n<p>Nos \u00faltimos 60 anos, contrastando com o aumento de investimentos, a oferta de servi\u00e7os cresce literalmente como &#8220;rabo-de-cavalo&#8221;, resultando em pacientes aguardando leitos e, pasmem, macas em panos espalhados nos pisos de hospitais.<\/p>\n<p>Medidas eleitoreiras tem sido recorrentes e, n\u00e3o obstante atenderem temporariamente as demandas, mostram a fragilidade de nossos sistemas. O programa &#8220;Mais M\u00e9dicos&#8221; \u00e9 a mais sintom\u00e1tica prova, em que temos importados profissionais para preencher a lacuna em cidades que os &#8220;nossos&#8221; m\u00e9dicos se recusam a atender, reclamando de baixos sal\u00e1rios, de falta de condi\u00e7\u00f5es de trabalho e de infraestrutura.<\/p>\n<p>Ainda que as informa\u00e7\u00f5es aqui sejam emp\u00edricas, mas sustentadas por epis\u00f3dios de dom\u00ednio p\u00fablico, encontram bases na farta literatura e em Sergipe temos exemplos como &#8220;As febres do Aracaju: dos miasmas aos micr\u00f3bios&#8221;, lan\u00e7ado em 2006 na Academia Sergipana de Medicina pelo m\u00e9dico Ant\u00f4nio Samarone de Santana.<\/p>\n<p>O tema aqui sugerido e levantado nestas breves linhas de forma superficial nos estimulam ao estudo sobre o assunto, cuja relev\u00e2ncia e alcance \u00e9 incalcul\u00e1vel.<\/p>\n<p>por Claudomir Tavares \u00a92015 (1). \u00c9 permitida a reprodu\u00e7\u00e3o, desde que citada \u00e0 fonte.<\/p>\n<p>(1) Publicado pela primeira vez em 20 de abril de 2015.<\/p>\n","protected":false},"excerpt":{"rendered":"<p>A Hist\u00f3ria da sa\u00fade p\u00fablica no Brasil se confunde com a pr\u00f3pria luta dos brasileiros por direitos p\u00e9treos &#8211; uma constante luta pela cidadania plena. Ao longo dos \u00faltimos 100 anos, nos reportamos a Revolta da Vacina, quando se acreditava que a imuniza\u00e7\u00e3o de brasileiros se trataria de um exterm\u00ednio de pessoas, fruto do senso comum e ou da ignor\u00e2ncia diante do alcance das pol\u00edticas p\u00fablicas de sa\u00fade. De l\u00e1<\/p>\n","protected":false},"author":3,"featured_media":809,"comment_status":"open","ping_status":"open","sticky":false,"template":"","format":"standard","meta":[],"categories":[18],"tags":[],"yoast_head":"<!-- This site is optimized with the Yoast SEO plugin v16.3 - https:\/\/yoast.com\/wordpress\/plugins\/seo\/ -->\n<title>ARTIGO: Hist\u00f3ria da sa\u00fade p\u00fablica no Brasil - Um s\u00e9culo de luta pelo direito a sa\u00fade (ClaudOmir Herzog) - TRIBUNA DA PRAIA<\/title>\n<meta name=\"robots\" content=\"index, follow, max-snippet:-1, max-image-preview:large, max-video-preview:-1\" \/>\n<link rel=\"canonical\" href=\"https:\/\/tribunadapraia.com.br\/?p=808\" \/>\n<meta property=\"og:locale\" content=\"pt_BR\" \/>\n<meta property=\"og:type\" content=\"article\" \/>\n<meta property=\"og:title\" content=\"ARTIGO: Hist\u00f3ria da sa\u00fade p\u00fablica no Brasil - Um s\u00e9culo de luta pelo direito a sa\u00fade (ClaudOmir Herzog) - TRIBUNA DA PRAIA\" \/>\n<meta property=\"og:description\" content=\"A Hist\u00f3ria da sa\u00fade p\u00fablica no Brasil se confunde com a pr\u00f3pria luta dos brasileiros por direitos p\u00e9treos &#8211; uma constante luta pela cidadania plena. Ao longo dos \u00faltimos 100 anos, nos reportamos a Revolta da Vacina, quando se acreditava que a imuniza\u00e7\u00e3o de brasileiros se trataria de um exterm\u00ednio de pessoas, fruto do senso comum e ou da ignor\u00e2ncia diante do alcance das pol\u00edticas p\u00fablicas de sa\u00fade. De l\u00e1\" \/>\n<meta property=\"og:url\" content=\"https:\/\/tribunadapraia.com.br\/?p=808\" \/>\n<meta property=\"og:site_name\" content=\"TRIBUNA DA PRAIA\" \/>\n<meta property=\"article:publisher\" content=\"https:\/\/www.facebook.com\/tribunadapraiaonline\/\" \/>\n<meta property=\"article:published_time\" content=\"2020-03-23T13:14:14+00:00\" \/>\n<meta property=\"og:image\" content=\"https:\/\/tribunadapraia.com.br\/wp-content\/uploads\/2020\/03\/IMG-20200323-WA0020.jpg\" \/>\n\t<meta property=\"og:image:width\" content=\"300\" \/>\n\t<meta property=\"og:image:height\" content=\"200\" \/>\n<meta name=\"twitter:card\" content=\"summary_large_image\" \/>\n<meta name=\"twitter:creator\" content=\"@Claudomir21\" \/>\n<meta name=\"twitter:site\" content=\"@Claudomir21\" \/>\n<meta name=\"twitter:label1\" content=\"Est. tempo de leitura\">\n\t<meta name=\"twitter:data1\" content=\"3 minutos\">\n<script type=\"application\/ld+json\" class=\"yoast-schema-graph\">{\"@context\":\"https:\/\/schema.org\",\"@graph\":[{\"@type\":\"Organization\",\"@id\":\"https:\/\/tribunadapraia.com.br\/#organization\",\"name\":\"Tribuna da Praia\",\"url\":\"https:\/\/tribunadapraia.com.br\/\",\"sameAs\":[\"https:\/\/www.facebook.com\/tribunadapraiaonline\/\",\"https:\/\/www.instagram.com\/claudomirtavares\/\",\"https:\/\/www.youtube.com\/channel\/UCwQf80nxiMzCefAyjbp53Rw\",\"https:\/\/twitter.com\/Claudomir21\"],\"logo\":{\"@type\":\"ImageObject\",\"@id\":\"https:\/\/tribunadapraia.com.br\/#logo\",\"inLanguage\":\"pt-BR\",\"url\":\"https:\/\/tribunadapraia.com.br\/wp-content\/uploads\/2020\/02\/logo.png\",\"contentUrl\":\"https:\/\/tribunadapraia.com.br\/wp-content\/uploads\/2020\/02\/logo.png\",\"width\":501,\"height\":121,\"caption\":\"Tribuna da Praia\"},\"image\":{\"@id\":\"https:\/\/tribunadapraia.com.br\/#logo\"}},{\"@type\":\"WebSite\",\"@id\":\"https:\/\/tribunadapraia.com.br\/#website\",\"url\":\"https:\/\/tribunadapraia.com.br\/\",\"name\":\"TRIBUNA DA PRAIA\",\"description\":\"O 1\\u00ba jornal do interior de Sergipe na internet\",\"publisher\":{\"@id\":\"https:\/\/tribunadapraia.com.br\/#organization\"},\"potentialAction\":[{\"@type\":\"SearchAction\",\"target\":\"https:\/\/tribunadapraia.com.br\/?s={search_term_string}\",\"query-input\":\"required name=search_term_string\"}],\"inLanguage\":\"pt-BR\"},{\"@type\":\"ImageObject\",\"@id\":\"https:\/\/tribunadapraia.com.br\/?p=808#primaryimage\",\"inLanguage\":\"pt-BR\",\"url\":\"https:\/\/tribunadapraia.com.br\/wp-content\/uploads\/2020\/03\/IMG-20200323-WA0020.jpg\",\"contentUrl\":\"https:\/\/tribunadapraia.com.br\/wp-content\/uploads\/2020\/03\/IMG-20200323-WA0020.jpg\",\"width\":300,\"height\":200},{\"@type\":\"WebPage\",\"@id\":\"https:\/\/tribunadapraia.com.br\/?p=808#webpage\",\"url\":\"https:\/\/tribunadapraia.com.br\/?p=808\",\"name\":\"ARTIGO: Hist\\u00f3ria da sa\\u00fade p\\u00fablica no Brasil - Um s\\u00e9culo de luta pelo direito a sa\\u00fade (ClaudOmir Herzog) - TRIBUNA DA PRAIA\",\"isPartOf\":{\"@id\":\"https:\/\/tribunadapraia.com.br\/#website\"},\"primaryImageOfPage\":{\"@id\":\"https:\/\/tribunadapraia.com.br\/?p=808#primaryimage\"},\"datePublished\":\"2020-03-23T13:14:14+00:00\",\"dateModified\":\"2020-03-23T13:14:14+00:00\",\"breadcrumb\":{\"@id\":\"https:\/\/tribunadapraia.com.br\/?p=808#breadcrumb\"},\"inLanguage\":\"pt-BR\",\"potentialAction\":[{\"@type\":\"ReadAction\",\"target\":[\"https:\/\/tribunadapraia.com.br\/?p=808\"]}]},{\"@type\":\"BreadcrumbList\",\"@id\":\"https:\/\/tribunadapraia.com.br\/?p=808#breadcrumb\",\"itemListElement\":[{\"@type\":\"ListItem\",\"position\":1,\"item\":{\"@type\":\"WebPage\",\"@id\":\"https:\/\/tribunadapraia.com.br\/\",\"url\":\"https:\/\/tribunadapraia.com.br\/\",\"name\":\"In\\u00edcio\"}},{\"@type\":\"ListItem\",\"position\":2,\"item\":{\"@id\":\"https:\/\/tribunadapraia.com.br\/?p=808#webpage\"}}]},{\"@type\":\"Article\",\"@id\":\"https:\/\/tribunadapraia.com.br\/?p=808#article\",\"isPartOf\":{\"@id\":\"https:\/\/tribunadapraia.com.br\/?p=808#webpage\"},\"author\":{\"@id\":\"https:\/\/tribunadapraia.com.br\/#\/schema\/person\/099fbbf59acc5895c0d7d52b4fc46c97\"},\"headline\":\"ARTIGO: Hist\\u00f3ria da sa\\u00fade p\\u00fablica no Brasil &#8211; Um s\\u00e9culo de luta pelo direito a sa\\u00fade (ClaudOmir Herzog)\",\"datePublished\":\"2020-03-23T13:14:14+00:00\",\"dateModified\":\"2020-03-23T13:14:14+00:00\",\"mainEntityOfPage\":{\"@id\":\"https:\/\/tribunadapraia.com.br\/?p=808#webpage\"},\"wordCount\":595,\"commentCount\":0,\"publisher\":{\"@id\":\"https:\/\/tribunadapraia.com.br\/#organization\"},\"image\":{\"@id\":\"https:\/\/tribunadapraia.com.br\/?p=808#primaryimage\"},\"thumbnailUrl\":\"https:\/\/tribunadapraia.com.br\/wp-content\/uploads\/2020\/03\/IMG-20200323-WA0020.jpg\",\"articleSection\":[\"Not\\u00edcias\"],\"inLanguage\":\"pt-BR\",\"potentialAction\":[{\"@type\":\"CommentAction\",\"name\":\"Comment\",\"target\":[\"https:\/\/tribunadapraia.com.br\/?p=808#respond\"]}]},{\"@type\":\"Person\",\"@id\":\"https:\/\/tribunadapraia.com.br\/#\/schema\/person\/099fbbf59acc5895c0d7d52b4fc46c97\",\"name\":\"Reda\\u00e7\\u00e3o\",\"image\":{\"@type\":\"ImageObject\",\"@id\":\"https:\/\/tribunadapraia.com.br\/#personlogo\",\"inLanguage\":\"pt-BR\",\"url\":\"https:\/\/secure.gravatar.com\/avatar\/91c8b91d2bfd7784eac5c3e055361f64?s=96&d=identicon&r=g\",\"contentUrl\":\"https:\/\/secure.gravatar.com\/avatar\/91c8b91d2bfd7784eac5c3e055361f64?s=96&d=identicon&r=g\",\"caption\":\"Reda\\u00e7\\u00e3o\"}}]}<\/script>\n<!-- \/ Yoast SEO plugin. -->","wps_subtitle":"","_links":{"self":[{"href":"https:\/\/tribunadapraia.com.br\/index.php?rest_route=\/wp\/v2\/posts\/808"}],"collection":[{"href":"https:\/\/tribunadapraia.com.br\/index.php?rest_route=\/wp\/v2\/posts"}],"about":[{"href":"https:\/\/tribunadapraia.com.br\/index.php?rest_route=\/wp\/v2\/types\/post"}],"author":[{"embeddable":true,"href":"https:\/\/tribunadapraia.com.br\/index.php?rest_route=\/wp\/v2\/users\/3"}],"replies":[{"embeddable":true,"href":"https:\/\/tribunadapraia.com.br\/index.php?rest_route=%2Fwp%2Fv2%2Fcomments&post=808"}],"version-history":[{"count":1,"href":"https:\/\/tribunadapraia.com.br\/index.php?rest_route=\/wp\/v2\/posts\/808\/revisions"}],"predecessor-version":[{"id":810,"href":"https:\/\/tribunadapraia.com.br\/index.php?rest_route=\/wp\/v2\/posts\/808\/revisions\/810"}],"wp:featuredmedia":[{"embeddable":true,"href":"https:\/\/tribunadapraia.com.br\/index.php?rest_route=\/wp\/v2\/media\/809"}],"wp:attachment":[{"href":"https:\/\/tribunadapraia.com.br\/index.php?rest_route=%2Fwp%2Fv2%2Fmedia&parent=808"}],"wp:term":[{"taxonomy":"category","embeddable":true,"href":"https:\/\/tribunadapraia.com.br\/index.php?rest_route=%2Fwp%2Fv2%2Fcategories&post=808"},{"taxonomy":"post_tag","embeddable":true,"href":"https:\/\/tribunadapraia.com.br\/index.php?rest_route=%2Fwp%2Fv2%2Ftags&post=808"}],"curies":[{"name":"wp","href":"https:\/\/api.w.org\/{rel}","templated":true}]}}