{"id":803,"date":"2020-03-23T09:03:09","date_gmt":"2020-03-23T12:03:09","guid":{"rendered":"https:\/\/tribunadapraia.com.br\/?p=803"},"modified":"2020-03-23T09:10:41","modified_gmt":"2020-03-23T12:10:41","slug":"o-que-os-filosofos-diriam-sobre-estes-tempos-de-coronavirus","status":"publish","type":"post","link":"https:\/\/tribunadapraia.com.br\/?p=803","title":{"rendered":"O que os fil\u00f3sofos diriam sobre estes tempos de Coronav\u00edrus?"},"content":{"rendered":"<p>PLAT\u00c3O<br \/>\nFiquem na caverna, porra!<\/p>\n<p>FRIEDRICH NIETZCHE<br \/>\nFique em casa, por mais dif\u00edcil que seja suportar sua pr\u00f3pria presen\u00e7a.<\/p>\n<p>REN\u00c9 DESCARTES<br \/>\nHabito, ergo sum.<\/p>\n<p>HEGEL<br \/>\nTese: fique em casa;<br \/>\nAnt\u00edtese: fique em casa;<br \/>\nS\u00edntese: fique em casa.<\/p>\n<p>HER\u00c1CLITO<br \/>\nN\u00e3o se pega duas vezes o mesmo v\u00edrus, na segunda vez o v\u00edrus e voc\u00ea j\u00e1 s\u00e3o outros.<\/p>\n<p>JEAN JACQUES ROUSSEAU<br \/>\nO homem \u00e9 bom por natureza, mas o v\u00edrus o corrompe.<\/p>\n<p>ARIST\u00d3TELES<br \/>\nO v\u00edrus est\u00e1 apenas cumprindo seu papel no Cosmos ao infectar corpos.<\/p>\n<p>SANTO AGOSTINHO<br \/>\nA medida de amar \u00e9 amar longe.<\/p>\n<p>S\u00c3O FRANCISCO DE ASSIS<br \/>\nOnde houver v\u00edrus, que eu leve \u00e1lcool em gel.<\/p>\n<p>PROT\u00c1GORAS<br \/>\nO v\u00edrus \u00e9 a medida de todas as coisas.<\/p>\n<p>HANNAH ARENDT<br \/>\nPara o v\u00edrus, matar \u00e9 uma tarefa banal e cotidiana.<\/p>\n<p>IMMANUEL KANT<br \/>\nDuas coisas me enchem a alma de crescente admira\u00e7\u00e3o e respeito, quanto mais intensa e frequentemente o pensamento delas se ocupa: o c\u00e9u estrelado l\u00e1 fora e eu aqui dentro.<\/p>\n<p>VOLTAIRE<br \/>\nPosso n\u00e3o concordar com uma s\u00f3 palavra do que dizes, mas ficarei em casa.<\/p>\n<p>SIGMUND FREUD<br \/>\nO v\u00edrus d\u00e1 plena vaz\u00e3o a suas puls\u00f5es reprodutivas porque n\u00e3o \u00e9 reprimido sexualmente, na inf\u00e2ncia, pela civiliza\u00e7\u00e3o.<\/p>\n<p>LUDWIG WITTGENSTEIN<br \/>\nAquilo que n\u00e3o se pode contrair, n\u00e3o se pode transmitir.<\/p>\n<p>JACQUES DERRIDA<br \/>\nO objetivo de todo v\u00edrus deve ser a desconstru\u00e7\u00e3o do corpo infectado.<\/p>\n<p>ZYGMUNT BAUMAN<br \/>\nA maior evid\u00eancia da sociedade l\u00edquida \u00e9 sua depend\u00eancia do \u00e1lcool.<\/p>\n<p>VIL\u00c9M FLUSSER<br \/>\nO DNA do v\u00edrus n\u00e3o pode ser decodificado porque a escrita acabou.<\/p>\n<p>MICHEL FOUCAULT<br \/>\nEsses m\u00e9todos que permitem o controle minucioso das opera\u00e7\u00f5es do corpo s\u00e3o o que podemos chamar v\u00edrus.<\/p>\n<p>WALTER BENJAMIN<br \/>\nA reprodutibilidade excessiva e sem freios do v\u00edrus traz como consequ\u00eancia a perda de sua aura de sacralidade.<\/p>\n<p>SIMONE DE BEAUVOIR<br \/>\nN\u00e3o se nasce infectado, se torna infectado.<\/p>\n<p>JEAN PAUL SARTRE<br \/>\nNada a retificar, o inferno s\u00e3o os outros.<\/p>\n<p>KARL MARX<br \/>\nTrabalhadores do mundo, separai-vos.<\/p>\n<p>CRISTO<br \/>\nAmai-vos uns aos outros ficando longe uns dos outros.<\/p>\n<p>OLAVO DE CARVALHO<br \/>\nO v\u00edrus \u00e9 um idiota, eu sou um idiota. Na verdade nem sei o que estou fazendo aqui nesta lista, nunca fui fil\u00f3sofo.<\/p>\n<p>JUDITH BUTLER<br \/>\nO fato de esta lista ser composta por 95% de homens revela como a hist\u00f3ria da humanidade \u00e9 a hist\u00f3ria da domina\u00e7\u00e3o patriarcal. Homens s\u00e3o o verdadeiro v\u00edrus.<\/p>\n<p>Dom\u00ednio P\u00fablico | Imagem: Arquivo<\/p>\n","protected":false},"excerpt":{"rendered":"<p>PLAT\u00c3O Fiquem na caverna, porra! FRIEDRICH NIETZCHE Fique em casa, por mais dif\u00edcil que seja suportar sua pr\u00f3pria presen\u00e7a. REN\u00c9 DESCARTES Habito, ergo sum. HEGEL Tese: fique em casa; Ant\u00edtese: fique em casa; S\u00edntese: fique em casa. HER\u00c1CLITO N\u00e3o se pega duas vezes o mesmo v\u00edrus, na segunda vez o v\u00edrus e voc\u00ea j\u00e1 s\u00e3o outros. JEAN JACQUES ROUSSEAU O homem \u00e9 bom por natureza, mas o v\u00edrus o corrompe.<\/p>\n","protected":false},"author":3,"featured_media":804,"comment_status":"open","ping_status":"open","sticky":false,"template":"","format":"standard","meta":[],"categories":[18],"tags":[],"yoast_head":"<!-- This site is optimized with the Yoast SEO plugin v16.3 - https:\/\/yoast.com\/wordpress\/plugins\/seo\/ -->\n<title>O que os fil\u00f3sofos diriam sobre estes tempos de Coronav\u00edrus? - TRIBUNA DA PRAIA<\/title>\n<meta name=\"robots\" content=\"index, follow, max-snippet:-1, max-image-preview:large, max-video-preview:-1\" \/>\n<link rel=\"canonical\" href=\"https:\/\/tribunadapraia.com.br\/?p=803\" \/>\n<meta property=\"og:locale\" content=\"pt_BR\" \/>\n<meta property=\"og:type\" content=\"article\" \/>\n<meta property=\"og:title\" content=\"O que os fil\u00f3sofos diriam sobre estes tempos de Coronav\u00edrus? - TRIBUNA DA PRAIA\" \/>\n<meta property=\"og:description\" content=\"PLAT\u00c3O Fiquem na caverna, porra! FRIEDRICH NIETZCHE Fique em casa, por mais dif\u00edcil que seja suportar sua pr\u00f3pria presen\u00e7a. REN\u00c9 DESCARTES Habito, ergo sum. HEGEL Tese: fique em casa; Ant\u00edtese: fique em casa; S\u00edntese: fique em casa. HER\u00c1CLITO N\u00e3o se pega duas vezes o mesmo v\u00edrus, na segunda vez o v\u00edrus e voc\u00ea j\u00e1 s\u00e3o outros. JEAN JACQUES ROUSSEAU O homem \u00e9 bom por natureza, mas o v\u00edrus o corrompe.\" \/>\n<meta property=\"og:url\" content=\"https:\/\/tribunadapraia.com.br\/?p=803\" \/>\n<meta property=\"og:site_name\" content=\"TRIBUNA DA PRAIA\" \/>\n<meta property=\"article:publisher\" content=\"https:\/\/www.facebook.com\/tribunadapraiaonline\/\" \/>\n<meta property=\"article:published_time\" content=\"2020-03-23T12:03:09+00:00\" \/>\n<meta property=\"article:modified_time\" content=\"2020-03-23T12:10:41+00:00\" \/>\n<meta property=\"og:image\" content=\"https:\/\/tribunadapraia.com.br\/wp-content\/uploads\/2020\/03\/IMG-20200323-WA0017.jpg\" \/>\n\t<meta property=\"og:image:width\" content=\"500\" \/>\n\t<meta property=\"og:image:height\" content=\"290\" \/>\n<meta name=\"twitter:card\" content=\"summary_large_image\" \/>\n<meta name=\"twitter:creator\" content=\"@Claudomir21\" \/>\n<meta name=\"twitter:site\" content=\"@Claudomir21\" \/>\n<meta name=\"twitter:label1\" content=\"Est. tempo de leitura\">\n\t<meta name=\"twitter:data1\" content=\"2 minutos\">\n<script type=\"application\/ld+json\" class=\"yoast-schema-graph\">{\"@context\":\"https:\/\/schema.org\",\"@graph\":[{\"@type\":\"Organization\",\"@id\":\"https:\/\/tribunadapraia.com.br\/#organization\",\"name\":\"Tribuna da Praia\",\"url\":\"https:\/\/tribunadapraia.com.br\/\",\"sameAs\":[\"https:\/\/www.facebook.com\/tribunadapraiaonline\/\",\"https:\/\/www.instagram.com\/claudomirtavares\/\",\"https:\/\/www.youtube.com\/channel\/UCwQf80nxiMzCefAyjbp53Rw\",\"https:\/\/twitter.com\/Claudomir21\"],\"logo\":{\"@type\":\"ImageObject\",\"@id\":\"https:\/\/tribunadapraia.com.br\/#logo\",\"inLanguage\":\"pt-BR\",\"url\":\"https:\/\/tribunadapraia.com.br\/wp-content\/uploads\/2020\/02\/logo.png\",\"contentUrl\":\"https:\/\/tribunadapraia.com.br\/wp-content\/uploads\/2020\/02\/logo.png\",\"width\":501,\"height\":121,\"caption\":\"Tribuna da Praia\"},\"image\":{\"@id\":\"https:\/\/tribunadapraia.com.br\/#logo\"}},{\"@type\":\"WebSite\",\"@id\":\"https:\/\/tribunadapraia.com.br\/#website\",\"url\":\"https:\/\/tribunadapraia.com.br\/\",\"name\":\"TRIBUNA DA PRAIA\",\"description\":\"O 1\\u00ba jornal do interior de Sergipe na internet\",\"publisher\":{\"@id\":\"https:\/\/tribunadapraia.com.br\/#organization\"},\"potentialAction\":[{\"@type\":\"SearchAction\",\"target\":\"https:\/\/tribunadapraia.com.br\/?s={search_term_string}\",\"query-input\":\"required name=search_term_string\"}],\"inLanguage\":\"pt-BR\"},{\"@type\":\"ImageObject\",\"@id\":\"https:\/\/tribunadapraia.com.br\/?p=803#primaryimage\",\"inLanguage\":\"pt-BR\",\"url\":\"https:\/\/tribunadapraia.com.br\/wp-content\/uploads\/2020\/03\/IMG-20200323-WA0017.jpg\",\"contentUrl\":\"https:\/\/tribunadapraia.com.br\/wp-content\/uploads\/2020\/03\/IMG-20200323-WA0017.jpg\",\"width\":500,\"height\":290},{\"@type\":\"WebPage\",\"@id\":\"https:\/\/tribunadapraia.com.br\/?p=803#webpage\",\"url\":\"https:\/\/tribunadapraia.com.br\/?p=803\",\"name\":\"O que os fil\\u00f3sofos diriam sobre estes tempos de Coronav\\u00edrus? - TRIBUNA DA PRAIA\",\"isPartOf\":{\"@id\":\"https:\/\/tribunadapraia.com.br\/#website\"},\"primaryImageOfPage\":{\"@id\":\"https:\/\/tribunadapraia.com.br\/?p=803#primaryimage\"},\"datePublished\":\"2020-03-23T12:03:09+00:00\",\"dateModified\":\"2020-03-23T12:10:41+00:00\",\"breadcrumb\":{\"@id\":\"https:\/\/tribunadapraia.com.br\/?p=803#breadcrumb\"},\"inLanguage\":\"pt-BR\",\"potentialAction\":[{\"@type\":\"ReadAction\",\"target\":[\"https:\/\/tribunadapraia.com.br\/?p=803\"]}]},{\"@type\":\"BreadcrumbList\",\"@id\":\"https:\/\/tribunadapraia.com.br\/?p=803#breadcrumb\",\"itemListElement\":[{\"@type\":\"ListItem\",\"position\":1,\"item\":{\"@type\":\"WebPage\",\"@id\":\"https:\/\/tribunadapraia.com.br\/\",\"url\":\"https:\/\/tribunadapraia.com.br\/\",\"name\":\"In\\u00edcio\"}},{\"@type\":\"ListItem\",\"position\":2,\"item\":{\"@id\":\"https:\/\/tribunadapraia.com.br\/?p=803#webpage\"}}]},{\"@type\":\"Article\",\"@id\":\"https:\/\/tribunadapraia.com.br\/?p=803#article\",\"isPartOf\":{\"@id\":\"https:\/\/tribunadapraia.com.br\/?p=803#webpage\"},\"author\":{\"@id\":\"https:\/\/tribunadapraia.com.br\/#\/schema\/person\/099fbbf59acc5895c0d7d52b4fc46c97\"},\"headline\":\"O que os fil\\u00f3sofos diriam sobre estes tempos de Coronav\\u00edrus?\",\"datePublished\":\"2020-03-23T12:03:09+00:00\",\"dateModified\":\"2020-03-23T12:10:41+00:00\",\"mainEntityOfPage\":{\"@id\":\"https:\/\/tribunadapraia.com.br\/?p=803#webpage\"},\"wordCount\":441,\"commentCount\":0,\"publisher\":{\"@id\":\"https:\/\/tribunadapraia.com.br\/#organization\"},\"image\":{\"@id\":\"https:\/\/tribunadapraia.com.br\/?p=803#primaryimage\"},\"thumbnailUrl\":\"https:\/\/tribunadapraia.com.br\/wp-content\/uploads\/2020\/03\/IMG-20200323-WA0017.jpg\",\"articleSection\":[\"Not\\u00edcias\"],\"inLanguage\":\"pt-BR\",\"potentialAction\":[{\"@type\":\"CommentAction\",\"name\":\"Comment\",\"target\":[\"https:\/\/tribunadapraia.com.br\/?p=803#respond\"]}]},{\"@type\":\"Person\",\"@id\":\"https:\/\/tribunadapraia.com.br\/#\/schema\/person\/099fbbf59acc5895c0d7d52b4fc46c97\",\"name\":\"Reda\\u00e7\\u00e3o\",\"image\":{\"@type\":\"ImageObject\",\"@id\":\"https:\/\/tribunadapraia.com.br\/#personlogo\",\"inLanguage\":\"pt-BR\",\"url\":\"https:\/\/secure.gravatar.com\/avatar\/91c8b91d2bfd7784eac5c3e055361f64?s=96&d=identicon&r=g\",\"contentUrl\":\"https:\/\/secure.gravatar.com\/avatar\/91c8b91d2bfd7784eac5c3e055361f64?s=96&d=identicon&r=g\",\"caption\":\"Reda\\u00e7\\u00e3o\"}}]}<\/script>\n<!-- \/ Yoast SEO plugin. -->","wps_subtitle":"","_links":{"self":[{"href":"https:\/\/tribunadapraia.com.br\/index.php?rest_route=\/wp\/v2\/posts\/803"}],"collection":[{"href":"https:\/\/tribunadapraia.com.br\/index.php?rest_route=\/wp\/v2\/posts"}],"about":[{"href":"https:\/\/tribunadapraia.com.br\/index.php?rest_route=\/wp\/v2\/types\/post"}],"author":[{"embeddable":true,"href":"https:\/\/tribunadapraia.com.br\/index.php?rest_route=\/wp\/v2\/users\/3"}],"replies":[{"embeddable":true,"href":"https:\/\/tribunadapraia.com.br\/index.php?rest_route=%2Fwp%2Fv2%2Fcomments&post=803"}],"version-history":[{"count":3,"href":"https:\/\/tribunadapraia.com.br\/index.php?rest_route=\/wp\/v2\/posts\/803\/revisions"}],"predecessor-version":[{"id":807,"href":"https:\/\/tribunadapraia.com.br\/index.php?rest_route=\/wp\/v2\/posts\/803\/revisions\/807"}],"wp:featuredmedia":[{"embeddable":true,"href":"https:\/\/tribunadapraia.com.br\/index.php?rest_route=\/wp\/v2\/media\/804"}],"wp:attachment":[{"href":"https:\/\/tribunadapraia.com.br\/index.php?rest_route=%2Fwp%2Fv2%2Fmedia&parent=803"}],"wp:term":[{"taxonomy":"category","embeddable":true,"href":"https:\/\/tribunadapraia.com.br\/index.php?rest_route=%2Fwp%2Fv2%2Fcategories&post=803"},{"taxonomy":"post_tag","embeddable":true,"href":"https:\/\/tribunadapraia.com.br\/index.php?rest_route=%2Fwp%2Fv2%2Ftags&post=803"}],"curies":[{"name":"wp","href":"https:\/\/api.w.org\/{rel}","templated":true}]}}