{"id":797,"date":"2020-03-23T04:22:30","date_gmt":"2020-03-23T07:22:30","guid":{"rendered":"https:\/\/tribunadapraia.com.br\/?p=797"},"modified":"2020-03-23T06:15:31","modified_gmt":"2020-03-23T09:15:31","slug":"missao-cumprida-professora-conceicao-vieira-escrevendo-algumas-das-mais-belas-paginas-na-educacao-de-propria-parte-1-3","status":"publish","type":"post","link":"https:\/\/tribunadapraia.com.br\/?p=797","title":{"rendered":"MISS\u00c3O CUMPRIDA: Professora Concei\u00e7\u00e3o Vieira escrevendo algumas das mais belas p\u00e1ginas na educa\u00e7\u00e3o de Propri\u00e1 (Parte 1\/3)"},"content":{"rendered":"<p>Querida por diferentes gera\u00e7\u00f5es de estudantes, reapeitada e admurada pelos seus colegas de trabalho e viajantes de sonhos, a professora\/educadora Concei\u00e7\u00e3o Vieira (foto) est\u00e1 conclu\u00edndo sua miss\u00e3o depois de quase tr\u00eas d\u00e9cadas de li\u00e7\u00f5es compartilhadas na rede p\u00fablica estadual de ensino, mais de perto no Col\u00e9gio Estadual (Centro de Excel\u00eancia) Joana de Freitas Barbosa &#8211; POLIVALENTE, institui\u00e7\u00e3o de ensino onde ministrou at\u00e9 2019 aulas dialogadas de Lingua Portuguesa, Reda\u00e7\u00e3o, Artes e Literatura, sendo uma refer\u00eancia em sapi\u00eabcia, efici\u00eabcua, compet\u00eancia que transcender\u00e1 a sua exist\u00eancia &#8211; vida longa para ela.<\/p>\n<p>Filha, irn\u00e3, esposa, m\u00e3e, tia, amiga, colega, &#8230; coerente, verdadeira, a cidade de Propri\u00e1 e adjasc\u00eancias nutrem por ela mais que respeito, uma devo\u00e7\u00e3o racional por esta guerreira que superando dificuldades, limita\u00e7\u00f5es e desafios, levou a luz do conhecimento a caverna da incipi\u00eancia (jamais, nesse caso ignorando), libertando mentes e findicando os caminhos para 1, 2, 3, &#8230; 20, . 100, 1000, &#8230; 3000, &#8230; um universo de alunos convertidos em estudantes, feitos nesse transcurso, cidad\u00e3os de Propri\u00e1 e do Baixo S\u00e3o Francisco sergipano e Alagoano.<\/p>\n<p>por ClaudOmir Herzog | foto: Arquivo<\/p>\n","protected":false},"excerpt":{"rendered":"<p>Querida por diferentes gera\u00e7\u00f5es de estudantes, reapeitada e admurada pelos seus colegas de trabalho e viajantes de sonhos, a professora\/educadora Concei\u00e7\u00e3o Vieira (foto) est\u00e1 conclu\u00edndo sua miss\u00e3o depois de quase tr\u00eas d\u00e9cadas de li\u00e7\u00f5es compartilhadas na rede p\u00fablica estadual de ensino, mais de perto no Col\u00e9gio Estadual (Centro de Excel\u00eancia) Joana de Freitas Barbosa &#8211; POLIVALENTE, institui\u00e7\u00e3o de ensino onde ministrou at\u00e9 2019 aulas dialogadas de Lingua Portuguesa, Reda\u00e7\u00e3o, Artes<\/p>\n","protected":false},"author":3,"featured_media":798,"comment_status":"open","ping_status":"open","sticky":false,"template":"","format":"standard","meta":[],"categories":[18],"tags":[],"yoast_head":"<!-- This site is optimized with the Yoast SEO plugin v16.3 - https:\/\/yoast.com\/wordpress\/plugins\/seo\/ -->\n<title>MISS\u00c3O CUMPRIDA: Professora Concei\u00e7\u00e3o Vieira escrevendo algumas das mais belas p\u00e1ginas na educa\u00e7\u00e3o de Propri\u00e1 (Parte 1\/3) - TRIBUNA DA PRAIA<\/title>\n<meta name=\"robots\" content=\"index, follow, max-snippet:-1, max-image-preview:large, max-video-preview:-1\" \/>\n<link rel=\"canonical\" href=\"https:\/\/tribunadapraia.com.br\/?p=797\" \/>\n<meta property=\"og:locale\" content=\"pt_BR\" \/>\n<meta property=\"og:type\" content=\"article\" \/>\n<meta property=\"og:title\" content=\"MISS\u00c3O CUMPRIDA: Professora Concei\u00e7\u00e3o Vieira escrevendo algumas das mais belas p\u00e1ginas na educa\u00e7\u00e3o de Propri\u00e1 (Parte 1\/3) - TRIBUNA DA PRAIA\" \/>\n<meta property=\"og:description\" content=\"Querida por diferentes gera\u00e7\u00f5es de estudantes, reapeitada e admurada pelos seus colegas de trabalho e viajantes de sonhos, a professora\/educadora Concei\u00e7\u00e3o Vieira (foto) est\u00e1 conclu\u00edndo sua miss\u00e3o depois de quase tr\u00eas d\u00e9cadas de li\u00e7\u00f5es compartilhadas na rede p\u00fablica estadual de ensino, mais de perto no Col\u00e9gio Estadual (Centro de Excel\u00eancia) Joana de Freitas Barbosa &#8211; POLIVALENTE, institui\u00e7\u00e3o de ensino onde ministrou at\u00e9 2019 aulas dialogadas de Lingua Portuguesa, Reda\u00e7\u00e3o, Artes\" \/>\n<meta property=\"og:url\" content=\"https:\/\/tribunadapraia.com.br\/?p=797\" \/>\n<meta property=\"og:site_name\" content=\"TRIBUNA DA PRAIA\" \/>\n<meta property=\"article:publisher\" content=\"https:\/\/www.facebook.com\/tribunadapraiaonline\/\" \/>\n<meta property=\"article:published_time\" content=\"2020-03-23T07:22:30+00:00\" \/>\n<meta property=\"article:modified_time\" content=\"2020-03-23T09:15:31+00:00\" \/>\n<meta property=\"og:image\" content=\"https:\/\/tribunadapraia.com.br\/wp-content\/uploads\/2020\/03\/IMG-20200323-WA0007.jpg\" \/>\n\t<meta property=\"og:image:width\" content=\"540\" \/>\n\t<meta property=\"og:image:height\" content=\"539\" \/>\n<meta name=\"twitter:card\" content=\"summary_large_image\" \/>\n<meta name=\"twitter:creator\" content=\"@Claudomir21\" \/>\n<meta name=\"twitter:site\" content=\"@Claudomir21\" \/>\n<meta name=\"twitter:label1\" content=\"Est. tempo de leitura\">\n\t<meta name=\"twitter:data1\" content=\"1 minuto\">\n<script type=\"application\/ld+json\" class=\"yoast-schema-graph\">{\"@context\":\"https:\/\/schema.org\",\"@graph\":[{\"@type\":\"Organization\",\"@id\":\"https:\/\/tribunadapraia.com.br\/#organization\",\"name\":\"Tribuna da Praia\",\"url\":\"https:\/\/tribunadapraia.com.br\/\",\"sameAs\":[\"https:\/\/www.facebook.com\/tribunadapraiaonline\/\",\"https:\/\/www.instagram.com\/claudomirtavares\/\",\"https:\/\/www.youtube.com\/channel\/UCwQf80nxiMzCefAyjbp53Rw\",\"https:\/\/twitter.com\/Claudomir21\"],\"logo\":{\"@type\":\"ImageObject\",\"@id\":\"https:\/\/tribunadapraia.com.br\/#logo\",\"inLanguage\":\"pt-BR\",\"url\":\"https:\/\/tribunadapraia.com.br\/wp-content\/uploads\/2020\/02\/logo.png\",\"contentUrl\":\"https:\/\/tribunadapraia.com.br\/wp-content\/uploads\/2020\/02\/logo.png\",\"width\":501,\"height\":121,\"caption\":\"Tribuna da Praia\"},\"image\":{\"@id\":\"https:\/\/tribunadapraia.com.br\/#logo\"}},{\"@type\":\"WebSite\",\"@id\":\"https:\/\/tribunadapraia.com.br\/#website\",\"url\":\"https:\/\/tribunadapraia.com.br\/\",\"name\":\"TRIBUNA DA PRAIA\",\"description\":\"O 1\\u00ba jornal do interior de Sergipe na internet\",\"publisher\":{\"@id\":\"https:\/\/tribunadapraia.com.br\/#organization\"},\"potentialAction\":[{\"@type\":\"SearchAction\",\"target\":\"https:\/\/tribunadapraia.com.br\/?s={search_term_string}\",\"query-input\":\"required name=search_term_string\"}],\"inLanguage\":\"pt-BR\"},{\"@type\":\"ImageObject\",\"@id\":\"https:\/\/tribunadapraia.com.br\/?p=797#primaryimage\",\"inLanguage\":\"pt-BR\",\"url\":\"https:\/\/tribunadapraia.com.br\/wp-content\/uploads\/2020\/03\/IMG-20200323-WA0007.jpg\",\"contentUrl\":\"https:\/\/tribunadapraia.com.br\/wp-content\/uploads\/2020\/03\/IMG-20200323-WA0007.jpg\",\"width\":540,\"height\":539},{\"@type\":\"WebPage\",\"@id\":\"https:\/\/tribunadapraia.com.br\/?p=797#webpage\",\"url\":\"https:\/\/tribunadapraia.com.br\/?p=797\",\"name\":\"MISS\\u00c3O CUMPRIDA: Professora Concei\\u00e7\\u00e3o Vieira escrevendo algumas das mais belas p\\u00e1ginas na educa\\u00e7\\u00e3o de Propri\\u00e1 (Parte 1\/3) - TRIBUNA DA PRAIA\",\"isPartOf\":{\"@id\":\"https:\/\/tribunadapraia.com.br\/#website\"},\"primaryImageOfPage\":{\"@id\":\"https:\/\/tribunadapraia.com.br\/?p=797#primaryimage\"},\"datePublished\":\"2020-03-23T07:22:30+00:00\",\"dateModified\":\"2020-03-23T09:15:31+00:00\",\"breadcrumb\":{\"@id\":\"https:\/\/tribunadapraia.com.br\/?p=797#breadcrumb\"},\"inLanguage\":\"pt-BR\",\"potentialAction\":[{\"@type\":\"ReadAction\",\"target\":[\"https:\/\/tribunadapraia.com.br\/?p=797\"]}]},{\"@type\":\"BreadcrumbList\",\"@id\":\"https:\/\/tribunadapraia.com.br\/?p=797#breadcrumb\",\"itemListElement\":[{\"@type\":\"ListItem\",\"position\":1,\"item\":{\"@type\":\"WebPage\",\"@id\":\"https:\/\/tribunadapraia.com.br\/\",\"url\":\"https:\/\/tribunadapraia.com.br\/\",\"name\":\"In\\u00edcio\"}},{\"@type\":\"ListItem\",\"position\":2,\"item\":{\"@id\":\"https:\/\/tribunadapraia.com.br\/?p=797#webpage\"}}]},{\"@type\":\"Article\",\"@id\":\"https:\/\/tribunadapraia.com.br\/?p=797#article\",\"isPartOf\":{\"@id\":\"https:\/\/tribunadapraia.com.br\/?p=797#webpage\"},\"author\":{\"@id\":\"https:\/\/tribunadapraia.com.br\/#\/schema\/person\/099fbbf59acc5895c0d7d52b4fc46c97\"},\"headline\":\"MISS\\u00c3O CUMPRIDA: Professora Concei\\u00e7\\u00e3o Vieira escrevendo algumas das mais belas p\\u00e1ginas na educa\\u00e7\\u00e3o de Propri\\u00e1 (Parte 1\/3)\",\"datePublished\":\"2020-03-23T07:22:30+00:00\",\"dateModified\":\"2020-03-23T09:15:31+00:00\",\"mainEntityOfPage\":{\"@id\":\"https:\/\/tribunadapraia.com.br\/?p=797#webpage\"},\"wordCount\":212,\"commentCount\":0,\"publisher\":{\"@id\":\"https:\/\/tribunadapraia.com.br\/#organization\"},\"image\":{\"@id\":\"https:\/\/tribunadapraia.com.br\/?p=797#primaryimage\"},\"thumbnailUrl\":\"https:\/\/tribunadapraia.com.br\/wp-content\/uploads\/2020\/03\/IMG-20200323-WA0007.jpg\",\"articleSection\":[\"Not\\u00edcias\"],\"inLanguage\":\"pt-BR\",\"potentialAction\":[{\"@type\":\"CommentAction\",\"name\":\"Comment\",\"target\":[\"https:\/\/tribunadapraia.com.br\/?p=797#respond\"]}]},{\"@type\":\"Person\",\"@id\":\"https:\/\/tribunadapraia.com.br\/#\/schema\/person\/099fbbf59acc5895c0d7d52b4fc46c97\",\"name\":\"Reda\\u00e7\\u00e3o\",\"image\":{\"@type\":\"ImageObject\",\"@id\":\"https:\/\/tribunadapraia.com.br\/#personlogo\",\"inLanguage\":\"pt-BR\",\"url\":\"https:\/\/secure.gravatar.com\/avatar\/91c8b91d2bfd7784eac5c3e055361f64?s=96&d=identicon&r=g\",\"contentUrl\":\"https:\/\/secure.gravatar.com\/avatar\/91c8b91d2bfd7784eac5c3e055361f64?s=96&d=identicon&r=g\",\"caption\":\"Reda\\u00e7\\u00e3o\"}}]}<\/script>\n<!-- \/ Yoast SEO plugin. -->","wps_subtitle":"","_links":{"self":[{"href":"https:\/\/tribunadapraia.com.br\/index.php?rest_route=\/wp\/v2\/posts\/797"}],"collection":[{"href":"https:\/\/tribunadapraia.com.br\/index.php?rest_route=\/wp\/v2\/posts"}],"about":[{"href":"https:\/\/tribunadapraia.com.br\/index.php?rest_route=\/wp\/v2\/types\/post"}],"author":[{"embeddable":true,"href":"https:\/\/tribunadapraia.com.br\/index.php?rest_route=\/wp\/v2\/users\/3"}],"replies":[{"embeddable":true,"href":"https:\/\/tribunadapraia.com.br\/index.php?rest_route=%2Fwp%2Fv2%2Fcomments&post=797"}],"version-history":[{"count":4,"href":"https:\/\/tribunadapraia.com.br\/index.php?rest_route=\/wp\/v2\/posts\/797\/revisions"}],"predecessor-version":[{"id":802,"href":"https:\/\/tribunadapraia.com.br\/index.php?rest_route=\/wp\/v2\/posts\/797\/revisions\/802"}],"wp:featuredmedia":[{"embeddable":true,"href":"https:\/\/tribunadapraia.com.br\/index.php?rest_route=\/wp\/v2\/media\/798"}],"wp:attachment":[{"href":"https:\/\/tribunadapraia.com.br\/index.php?rest_route=%2Fwp%2Fv2%2Fmedia&parent=797"}],"wp:term":[{"taxonomy":"category","embeddable":true,"href":"https:\/\/tribunadapraia.com.br\/index.php?rest_route=%2Fwp%2Fv2%2Fcategories&post=797"},{"taxonomy":"post_tag","embeddable":true,"href":"https:\/\/tribunadapraia.com.br\/index.php?rest_route=%2Fwp%2Fv2%2Ftags&post=797"}],"curies":[{"name":"wp","href":"https:\/\/api.w.org\/{rel}","templated":true}]}}