{"id":791,"date":"2020-03-23T02:50:47","date_gmt":"2020-03-23T05:50:47","guid":{"rendered":"https:\/\/tribunadapraia.com.br\/?p=791"},"modified":"2020-03-23T02:50:47","modified_gmt":"2020-03-23T05:50:47","slug":"economia-a-pesca-em-pirambu-agoniza-enquanto-isso-nao-ha-uma-politica-publica-para-o-setor","status":"publish","type":"post","link":"https:\/\/tribunadapraia.com.br\/?p=791","title":{"rendered":"ECONOMIA: A pesca em Pirambu agoniza &#8211; enquanto isso n\u00e3o h\u00e1 uma pol\u00edtica p\u00fablica para o setor"},"content":{"rendered":"<p>A atividade pesqueira em Pirambu j\u00e1 correspondeu ao equivalente a 75% da economia de nosso munic\u00edpio, picos verificados de 1984 a 1999. Neste per\u00edodo Pirambu foi uma das maiores bancas camaroneiras do Nordeste, competindo com centros de Pernambuco, Cear\u00e1 e Rio Grande do Norte.<br \/>\nJ\u00e1 faz mais de 15 anos que a atividade pesqueira cresce como _rabo-de-cavalo_ ao mesmo tempo que os atores sociais que a operam s\u00e3o pouco vision\u00e1rios ou pouco pragm\u00e1ticos em buscar novas alternativas.<\/p>\n<p>O poder p\u00fablico por sua vez n\u00e3o mostrou vontade pol\u00edtica em construir pol\u00edticas p\u00fablicas para o setor capaz de apontar respostas a m\u00e9dio e longo prazo. A pesca em Pirambu n\u00e3o \u00e9 levada a s\u00e9rio.<br \/>\nOrganiza\u00e7\u00f5es como Col\u00f4nia de Pescadores, Condepi, organismos como Ibama, Secretaria de Pesca, n\u00e3o podem se resumir a gerenciar seu eixo, mas o raio em sua \u00f3rbita<\/p>\n<p>Aproxima-se mais uma elei\u00e7\u00e3o municipal e nenhum candidato a prefeito e vereador esbo\u00e7ou qualquer compromisso na busca de caminhos\/sa\u00eddas para o setor, apesar dos discursos vazios de alguns pseudos defensores da atividade econ\u00f4mica.<\/p>\n<p>Respons\u00e1vel por elevar Pirambu no cen\u00e1rio da economia estadual, a atividade pesqueira declinou e hoje corresponde a menos de 45% da nossa for\u00e7a econ\u00f4mica, mas isso parece preocupar muito pouco aos &#8220;ca\u00e7adores de royalties&#8221; de ontem e de hoje.<\/p>\n<p>por ClaudOmir Herzog | foto: Arquivo<\/p>\n<p>(1) Texto publicado originalmente em 17 de setembro de 2016, mas pela atualidade do objeto, estamos disponibilizando para uma necess\u00e1ria reflex\u00e3o<\/p>\n","protected":false},"excerpt":{"rendered":"<p>A atividade pesqueira em Pirambu j\u00e1 correspondeu ao equivalente a 75% da economia de nosso munic\u00edpio, picos verificados de 1984 a 1999. Neste per\u00edodo Pirambu foi uma das maiores bancas camaroneiras do Nordeste, competindo com centros de Pernambuco, Cear\u00e1 e Rio Grande do Norte. J\u00e1 faz mais de 15 anos que a atividade pesqueira cresce como _rabo-de-cavalo_ ao mesmo tempo que os atores sociais que a operam s\u00e3o pouco vision\u00e1rios<\/p>\n","protected":false},"author":3,"featured_media":792,"comment_status":"open","ping_status":"open","sticky":false,"template":"","format":"standard","meta":[],"categories":[18],"tags":[],"yoast_head":"<!-- This site is optimized with the Yoast SEO plugin v16.3 - https:\/\/yoast.com\/wordpress\/plugins\/seo\/ -->\n<title>ECONOMIA: A pesca em Pirambu agoniza - enquanto isso n\u00e3o h\u00e1 uma pol\u00edtica p\u00fablica para o setor - TRIBUNA DA PRAIA<\/title>\n<meta name=\"robots\" content=\"index, follow, max-snippet:-1, max-image-preview:large, max-video-preview:-1\" \/>\n<link rel=\"canonical\" href=\"https:\/\/tribunadapraia.com.br\/?p=791\" \/>\n<meta property=\"og:locale\" content=\"pt_BR\" \/>\n<meta property=\"og:type\" content=\"article\" \/>\n<meta property=\"og:title\" content=\"ECONOMIA: A pesca em Pirambu agoniza - enquanto isso n\u00e3o h\u00e1 uma pol\u00edtica p\u00fablica para o setor - TRIBUNA DA PRAIA\" \/>\n<meta property=\"og:description\" content=\"A atividade pesqueira em Pirambu j\u00e1 correspondeu ao equivalente a 75% da economia de nosso munic\u00edpio, picos verificados de 1984 a 1999. Neste per\u00edodo Pirambu foi uma das maiores bancas camaroneiras do Nordeste, competindo com centros de Pernambuco, Cear\u00e1 e Rio Grande do Norte. J\u00e1 faz mais de 15 anos que a atividade pesqueira cresce como _rabo-de-cavalo_ ao mesmo tempo que os atores sociais que a operam s\u00e3o pouco vision\u00e1rios\" \/>\n<meta property=\"og:url\" content=\"https:\/\/tribunadapraia.com.br\/?p=791\" \/>\n<meta property=\"og:site_name\" content=\"TRIBUNA DA PRAIA\" \/>\n<meta property=\"article:publisher\" content=\"https:\/\/www.facebook.com\/tribunadapraiaonline\/\" \/>\n<meta property=\"article:published_time\" content=\"2020-03-23T05:50:47+00:00\" \/>\n<meta property=\"og:image\" content=\"https:\/\/tribunadapraia.com.br\/wp-content\/uploads\/2020\/03\/IMG-20200323-WA0004.jpg\" \/>\n\t<meta property=\"og:image:width\" content=\"200\" \/>\n\t<meta property=\"og:image:height\" content=\"151\" \/>\n<meta name=\"twitter:card\" content=\"summary_large_image\" \/>\n<meta name=\"twitter:creator\" content=\"@Claudomir21\" \/>\n<meta name=\"twitter:site\" content=\"@Claudomir21\" \/>\n<meta name=\"twitter:label1\" content=\"Est. tempo de leitura\">\n\t<meta name=\"twitter:data1\" content=\"1 minuto\">\n<script type=\"application\/ld+json\" class=\"yoast-schema-graph\">{\"@context\":\"https:\/\/schema.org\",\"@graph\":[{\"@type\":\"Organization\",\"@id\":\"https:\/\/tribunadapraia.com.br\/#organization\",\"name\":\"Tribuna da Praia\",\"url\":\"https:\/\/tribunadapraia.com.br\/\",\"sameAs\":[\"https:\/\/www.facebook.com\/tribunadapraiaonline\/\",\"https:\/\/www.instagram.com\/claudomirtavares\/\",\"https:\/\/www.youtube.com\/channel\/UCwQf80nxiMzCefAyjbp53Rw\",\"https:\/\/twitter.com\/Claudomir21\"],\"logo\":{\"@type\":\"ImageObject\",\"@id\":\"https:\/\/tribunadapraia.com.br\/#logo\",\"inLanguage\":\"pt-BR\",\"url\":\"https:\/\/tribunadapraia.com.br\/wp-content\/uploads\/2020\/02\/logo.png\",\"contentUrl\":\"https:\/\/tribunadapraia.com.br\/wp-content\/uploads\/2020\/02\/logo.png\",\"width\":501,\"height\":121,\"caption\":\"Tribuna da Praia\"},\"image\":{\"@id\":\"https:\/\/tribunadapraia.com.br\/#logo\"}},{\"@type\":\"WebSite\",\"@id\":\"https:\/\/tribunadapraia.com.br\/#website\",\"url\":\"https:\/\/tribunadapraia.com.br\/\",\"name\":\"TRIBUNA DA PRAIA\",\"description\":\"O 1\\u00ba jornal do interior de Sergipe na internet\",\"publisher\":{\"@id\":\"https:\/\/tribunadapraia.com.br\/#organization\"},\"potentialAction\":[{\"@type\":\"SearchAction\",\"target\":\"https:\/\/tribunadapraia.com.br\/?s={search_term_string}\",\"query-input\":\"required name=search_term_string\"}],\"inLanguage\":\"pt-BR\"},{\"@type\":\"ImageObject\",\"@id\":\"https:\/\/tribunadapraia.com.br\/?p=791#primaryimage\",\"inLanguage\":\"pt-BR\",\"url\":\"https:\/\/tribunadapraia.com.br\/wp-content\/uploads\/2020\/03\/IMG-20200323-WA0004.jpg\",\"contentUrl\":\"https:\/\/tribunadapraia.com.br\/wp-content\/uploads\/2020\/03\/IMG-20200323-WA0004.jpg\",\"width\":200,\"height\":151},{\"@type\":\"WebPage\",\"@id\":\"https:\/\/tribunadapraia.com.br\/?p=791#webpage\",\"url\":\"https:\/\/tribunadapraia.com.br\/?p=791\",\"name\":\"ECONOMIA: A pesca em Pirambu agoniza - enquanto isso n\\u00e3o h\\u00e1 uma pol\\u00edtica p\\u00fablica para o setor - TRIBUNA DA PRAIA\",\"isPartOf\":{\"@id\":\"https:\/\/tribunadapraia.com.br\/#website\"},\"primaryImageOfPage\":{\"@id\":\"https:\/\/tribunadapraia.com.br\/?p=791#primaryimage\"},\"datePublished\":\"2020-03-23T05:50:47+00:00\",\"dateModified\":\"2020-03-23T05:50:47+00:00\",\"breadcrumb\":{\"@id\":\"https:\/\/tribunadapraia.com.br\/?p=791#breadcrumb\"},\"inLanguage\":\"pt-BR\",\"potentialAction\":[{\"@type\":\"ReadAction\",\"target\":[\"https:\/\/tribunadapraia.com.br\/?p=791\"]}]},{\"@type\":\"BreadcrumbList\",\"@id\":\"https:\/\/tribunadapraia.com.br\/?p=791#breadcrumb\",\"itemListElement\":[{\"@type\":\"ListItem\",\"position\":1,\"item\":{\"@type\":\"WebPage\",\"@id\":\"https:\/\/tribunadapraia.com.br\/\",\"url\":\"https:\/\/tribunadapraia.com.br\/\",\"name\":\"In\\u00edcio\"}},{\"@type\":\"ListItem\",\"position\":2,\"item\":{\"@id\":\"https:\/\/tribunadapraia.com.br\/?p=791#webpage\"}}]},{\"@type\":\"Article\",\"@id\":\"https:\/\/tribunadapraia.com.br\/?p=791#article\",\"isPartOf\":{\"@id\":\"https:\/\/tribunadapraia.com.br\/?p=791#webpage\"},\"author\":{\"@id\":\"https:\/\/tribunadapraia.com.br\/#\/schema\/person\/099fbbf59acc5895c0d7d52b4fc46c97\"},\"headline\":\"ECONOMIA: A pesca em Pirambu agoniza &#8211; enquanto isso n\\u00e3o h\\u00e1 uma pol\\u00edtica p\\u00fablica para o setor\",\"datePublished\":\"2020-03-23T05:50:47+00:00\",\"dateModified\":\"2020-03-23T05:50:47+00:00\",\"mainEntityOfPage\":{\"@id\":\"https:\/\/tribunadapraia.com.br\/?p=791#webpage\"},\"wordCount\":275,\"commentCount\":0,\"publisher\":{\"@id\":\"https:\/\/tribunadapraia.com.br\/#organization\"},\"image\":{\"@id\":\"https:\/\/tribunadapraia.com.br\/?p=791#primaryimage\"},\"thumbnailUrl\":\"https:\/\/tribunadapraia.com.br\/wp-content\/uploads\/2020\/03\/IMG-20200323-WA0004.jpg\",\"articleSection\":[\"Not\\u00edcias\"],\"inLanguage\":\"pt-BR\",\"potentialAction\":[{\"@type\":\"CommentAction\",\"name\":\"Comment\",\"target\":[\"https:\/\/tribunadapraia.com.br\/?p=791#respond\"]}]},{\"@type\":\"Person\",\"@id\":\"https:\/\/tribunadapraia.com.br\/#\/schema\/person\/099fbbf59acc5895c0d7d52b4fc46c97\",\"name\":\"Reda\\u00e7\\u00e3o\",\"image\":{\"@type\":\"ImageObject\",\"@id\":\"https:\/\/tribunadapraia.com.br\/#personlogo\",\"inLanguage\":\"pt-BR\",\"url\":\"https:\/\/secure.gravatar.com\/avatar\/91c8b91d2bfd7784eac5c3e055361f64?s=96&d=identicon&r=g\",\"contentUrl\":\"https:\/\/secure.gravatar.com\/avatar\/91c8b91d2bfd7784eac5c3e055361f64?s=96&d=identicon&r=g\",\"caption\":\"Reda\\u00e7\\u00e3o\"}}]}<\/script>\n<!-- \/ Yoast SEO plugin. -->","wps_subtitle":"","_links":{"self":[{"href":"https:\/\/tribunadapraia.com.br\/index.php?rest_route=\/wp\/v2\/posts\/791"}],"collection":[{"href":"https:\/\/tribunadapraia.com.br\/index.php?rest_route=\/wp\/v2\/posts"}],"about":[{"href":"https:\/\/tribunadapraia.com.br\/index.php?rest_route=\/wp\/v2\/types\/post"}],"author":[{"embeddable":true,"href":"https:\/\/tribunadapraia.com.br\/index.php?rest_route=\/wp\/v2\/users\/3"}],"replies":[{"embeddable":true,"href":"https:\/\/tribunadapraia.com.br\/index.php?rest_route=%2Fwp%2Fv2%2Fcomments&post=791"}],"version-history":[{"count":1,"href":"https:\/\/tribunadapraia.com.br\/index.php?rest_route=\/wp\/v2\/posts\/791\/revisions"}],"predecessor-version":[{"id":793,"href":"https:\/\/tribunadapraia.com.br\/index.php?rest_route=\/wp\/v2\/posts\/791\/revisions\/793"}],"wp:featuredmedia":[{"embeddable":true,"href":"https:\/\/tribunadapraia.com.br\/index.php?rest_route=\/wp\/v2\/media\/792"}],"wp:attachment":[{"href":"https:\/\/tribunadapraia.com.br\/index.php?rest_route=%2Fwp%2Fv2%2Fmedia&parent=791"}],"wp:term":[{"taxonomy":"category","embeddable":true,"href":"https:\/\/tribunadapraia.com.br\/index.php?rest_route=%2Fwp%2Fv2%2Fcategories&post=791"},{"taxonomy":"post_tag","embeddable":true,"href":"https:\/\/tribunadapraia.com.br\/index.php?rest_route=%2Fwp%2Fv2%2Ftags&post=791"}],"curies":[{"name":"wp","href":"https:\/\/api.w.org\/{rel}","templated":true}]}}