{"id":787,"date":"2020-03-23T02:24:14","date_gmt":"2020-03-23T05:24:14","guid":{"rendered":"https:\/\/tribunadapraia.com.br\/?p=787"},"modified":"2020-03-23T02:26:21","modified_gmt":"2020-03-23T05:26:21","slug":"preocupante-salarios-de-servidores-poderao-ser-pagos-com-atraso-parcelados-e-com-reducao","status":"publish","type":"post","link":"https:\/\/tribunadapraia.com.br\/?p=787","title":{"rendered":"PREOCUPANTE: Sal\u00e1rios de servidores poder\u00e3o ser pagos com atraso, parcelados e com redu\u00e7\u00e3o"},"content":{"rendered":"<p>As perspecticas n\u00e3o s\u00e3o boas para os trabalhadores de todo o mundo e poder\u00e1 atingir em cheio os servidores p\u00fablicos brasileiros; em todas \u00e0s esferas (federais, estaduais e municipais). \u00c9 que a economia do Planeta parou de girar e os governos ter\u00e3o diminu\u00eddas suas receitas correntes, em fun\u00e7\u00e3o da pandemia do corona v\u00edrus.<\/p>\n<p>J\u00e1 se prev\u00ea atrasos de sal\u00e1rios, parcelamentos e redu\u00e7\u00e3o dos mesmos, at\u00e9 para munic\u00edpios e estados com razo\u00e1vel sa\u00fade financeira, que diminuir\u00e3o investimentos em servi\u00e7os p\u00fablicos e n\u00e3o ter\u00e3o como honrar os compromissos com fornecedores de insumos.<\/p>\n<p>Esse quadro se acentuar\u00e1 a partir de abril e maio, mas \u00e0s consequ\u00eancias e seq\u00fcelas avancar\u00e3o pelos pr\u00f3ximos seis a oito neses, provocando uma situa\u00e7\u00e3o de caos estendido para a sociedade em geral.<\/p>\n<p>por Reda\u00e7\u00e3o | imagens: Arquivo<\/p>\n","protected":false},"excerpt":{"rendered":"<p>As perspecticas n\u00e3o s\u00e3o boas para os trabalhadores de todo o mundo e poder\u00e1 atingir em cheio os servidores p\u00fablicos brasileiros; em todas \u00e0s esferas (federais, estaduais e municipais). \u00c9 que a economia do Planeta parou de girar e os governos ter\u00e3o diminu\u00eddas suas receitas correntes, em fun\u00e7\u00e3o da pandemia do corona v\u00edrus. J\u00e1 se prev\u00ea atrasos de sal\u00e1rios, parcelamentos e redu\u00e7\u00e3o dos mesmos, at\u00e9 para munic\u00edpios e estados com<\/p>\n","protected":false},"author":3,"featured_media":788,"comment_status":"open","ping_status":"open","sticky":false,"template":"","format":"standard","meta":[],"categories":[18],"tags":[],"yoast_head":"<!-- This site is optimized with the Yoast SEO plugin v16.3 - https:\/\/yoast.com\/wordpress\/plugins\/seo\/ -->\n<title>PREOCUPANTE: Sal\u00e1rios de servidores poder\u00e3o ser pagos com atraso, parcelados e com redu\u00e7\u00e3o - TRIBUNA DA PRAIA<\/title>\n<meta name=\"robots\" content=\"index, follow, max-snippet:-1, max-image-preview:large, max-video-preview:-1\" \/>\n<link rel=\"canonical\" href=\"https:\/\/tribunadapraia.com.br\/?p=787\" \/>\n<meta property=\"og:locale\" content=\"pt_BR\" \/>\n<meta property=\"og:type\" content=\"article\" \/>\n<meta property=\"og:title\" content=\"PREOCUPANTE: Sal\u00e1rios de servidores poder\u00e3o ser pagos com atraso, parcelados e com redu\u00e7\u00e3o - TRIBUNA DA PRAIA\" \/>\n<meta property=\"og:description\" content=\"As perspecticas n\u00e3o s\u00e3o boas para os trabalhadores de todo o mundo e poder\u00e1 atingir em cheio os servidores p\u00fablicos brasileiros; em todas \u00e0s esferas (federais, estaduais e municipais). \u00c9 que a economia do Planeta parou de girar e os governos ter\u00e3o diminu\u00eddas suas receitas correntes, em fun\u00e7\u00e3o da pandemia do corona v\u00edrus. J\u00e1 se prev\u00ea atrasos de sal\u00e1rios, parcelamentos e redu\u00e7\u00e3o dos mesmos, at\u00e9 para munic\u00edpios e estados com\" \/>\n<meta property=\"og:url\" content=\"https:\/\/tribunadapraia.com.br\/?p=787\" \/>\n<meta property=\"og:site_name\" content=\"TRIBUNA DA PRAIA\" \/>\n<meta property=\"article:publisher\" content=\"https:\/\/www.facebook.com\/tribunadapraiaonline\/\" \/>\n<meta property=\"article:published_time\" content=\"2020-03-23T05:24:14+00:00\" \/>\n<meta property=\"article:modified_time\" content=\"2020-03-23T05:26:21+00:00\" \/>\n<meta property=\"og:image\" content=\"https:\/\/tribunadapraia.com.br\/wp-content\/uploads\/2020\/03\/IMG-20200323-WA0002.jpg\" \/>\n\t<meta property=\"og:image:width\" content=\"610\" \/>\n\t<meta property=\"og:image:height\" content=\"345\" \/>\n<meta name=\"twitter:card\" content=\"summary_large_image\" \/>\n<meta name=\"twitter:creator\" content=\"@Claudomir21\" \/>\n<meta name=\"twitter:site\" content=\"@Claudomir21\" \/>\n<meta name=\"twitter:label1\" content=\"Est. tempo de leitura\">\n\t<meta name=\"twitter:data1\" content=\"1 minuto\">\n<script type=\"application\/ld+json\" class=\"yoast-schema-graph\">{\"@context\":\"https:\/\/schema.org\",\"@graph\":[{\"@type\":\"Organization\",\"@id\":\"https:\/\/tribunadapraia.com.br\/#organization\",\"name\":\"Tribuna da Praia\",\"url\":\"https:\/\/tribunadapraia.com.br\/\",\"sameAs\":[\"https:\/\/www.facebook.com\/tribunadapraiaonline\/\",\"https:\/\/www.instagram.com\/claudomirtavares\/\",\"https:\/\/www.youtube.com\/channel\/UCwQf80nxiMzCefAyjbp53Rw\",\"https:\/\/twitter.com\/Claudomir21\"],\"logo\":{\"@type\":\"ImageObject\",\"@id\":\"https:\/\/tribunadapraia.com.br\/#logo\",\"inLanguage\":\"pt-BR\",\"url\":\"https:\/\/tribunadapraia.com.br\/wp-content\/uploads\/2020\/02\/logo.png\",\"contentUrl\":\"https:\/\/tribunadapraia.com.br\/wp-content\/uploads\/2020\/02\/logo.png\",\"width\":501,\"height\":121,\"caption\":\"Tribuna da Praia\"},\"image\":{\"@id\":\"https:\/\/tribunadapraia.com.br\/#logo\"}},{\"@type\":\"WebSite\",\"@id\":\"https:\/\/tribunadapraia.com.br\/#website\",\"url\":\"https:\/\/tribunadapraia.com.br\/\",\"name\":\"TRIBUNA DA PRAIA\",\"description\":\"O 1\\u00ba jornal do interior de Sergipe na internet\",\"publisher\":{\"@id\":\"https:\/\/tribunadapraia.com.br\/#organization\"},\"potentialAction\":[{\"@type\":\"SearchAction\",\"target\":\"https:\/\/tribunadapraia.com.br\/?s={search_term_string}\",\"query-input\":\"required name=search_term_string\"}],\"inLanguage\":\"pt-BR\"},{\"@type\":\"ImageObject\",\"@id\":\"https:\/\/tribunadapraia.com.br\/?p=787#primaryimage\",\"inLanguage\":\"pt-BR\",\"url\":\"https:\/\/tribunadapraia.com.br\/wp-content\/uploads\/2020\/03\/IMG-20200323-WA0002.jpg\",\"contentUrl\":\"https:\/\/tribunadapraia.com.br\/wp-content\/uploads\/2020\/03\/IMG-20200323-WA0002.jpg\",\"width\":610,\"height\":345},{\"@type\":\"WebPage\",\"@id\":\"https:\/\/tribunadapraia.com.br\/?p=787#webpage\",\"url\":\"https:\/\/tribunadapraia.com.br\/?p=787\",\"name\":\"PREOCUPANTE: Sal\\u00e1rios de servidores poder\\u00e3o ser pagos com atraso, parcelados e com redu\\u00e7\\u00e3o - TRIBUNA DA PRAIA\",\"isPartOf\":{\"@id\":\"https:\/\/tribunadapraia.com.br\/#website\"},\"primaryImageOfPage\":{\"@id\":\"https:\/\/tribunadapraia.com.br\/?p=787#primaryimage\"},\"datePublished\":\"2020-03-23T05:24:14+00:00\",\"dateModified\":\"2020-03-23T05:26:21+00:00\",\"breadcrumb\":{\"@id\":\"https:\/\/tribunadapraia.com.br\/?p=787#breadcrumb\"},\"inLanguage\":\"pt-BR\",\"potentialAction\":[{\"@type\":\"ReadAction\",\"target\":[\"https:\/\/tribunadapraia.com.br\/?p=787\"]}]},{\"@type\":\"BreadcrumbList\",\"@id\":\"https:\/\/tribunadapraia.com.br\/?p=787#breadcrumb\",\"itemListElement\":[{\"@type\":\"ListItem\",\"position\":1,\"item\":{\"@type\":\"WebPage\",\"@id\":\"https:\/\/tribunadapraia.com.br\/\",\"url\":\"https:\/\/tribunadapraia.com.br\/\",\"name\":\"In\\u00edcio\"}},{\"@type\":\"ListItem\",\"position\":2,\"item\":{\"@id\":\"https:\/\/tribunadapraia.com.br\/?p=787#webpage\"}}]},{\"@type\":\"Article\",\"@id\":\"https:\/\/tribunadapraia.com.br\/?p=787#article\",\"isPartOf\":{\"@id\":\"https:\/\/tribunadapraia.com.br\/?p=787#webpage\"},\"author\":{\"@id\":\"https:\/\/tribunadapraia.com.br\/#\/schema\/person\/099fbbf59acc5895c0d7d52b4fc46c97\"},\"headline\":\"PREOCUPANTE: Sal\\u00e1rios de servidores poder\\u00e3o ser pagos com atraso, parcelados e com redu\\u00e7\\u00e3o\",\"datePublished\":\"2020-03-23T05:24:14+00:00\",\"dateModified\":\"2020-03-23T05:26:21+00:00\",\"mainEntityOfPage\":{\"@id\":\"https:\/\/tribunadapraia.com.br\/?p=787#webpage\"},\"wordCount\":165,\"commentCount\":0,\"publisher\":{\"@id\":\"https:\/\/tribunadapraia.com.br\/#organization\"},\"image\":{\"@id\":\"https:\/\/tribunadapraia.com.br\/?p=787#primaryimage\"},\"thumbnailUrl\":\"https:\/\/tribunadapraia.com.br\/wp-content\/uploads\/2020\/03\/IMG-20200323-WA0002.jpg\",\"articleSection\":[\"Not\\u00edcias\"],\"inLanguage\":\"pt-BR\",\"potentialAction\":[{\"@type\":\"CommentAction\",\"name\":\"Comment\",\"target\":[\"https:\/\/tribunadapraia.com.br\/?p=787#respond\"]}]},{\"@type\":\"Person\",\"@id\":\"https:\/\/tribunadapraia.com.br\/#\/schema\/person\/099fbbf59acc5895c0d7d52b4fc46c97\",\"name\":\"Reda\\u00e7\\u00e3o\",\"image\":{\"@type\":\"ImageObject\",\"@id\":\"https:\/\/tribunadapraia.com.br\/#personlogo\",\"inLanguage\":\"pt-BR\",\"url\":\"https:\/\/secure.gravatar.com\/avatar\/91c8b91d2bfd7784eac5c3e055361f64?s=96&d=identicon&r=g\",\"contentUrl\":\"https:\/\/secure.gravatar.com\/avatar\/91c8b91d2bfd7784eac5c3e055361f64?s=96&d=identicon&r=g\",\"caption\":\"Reda\\u00e7\\u00e3o\"}}]}<\/script>\n<!-- \/ Yoast SEO plugin. -->","wps_subtitle":"","_links":{"self":[{"href":"https:\/\/tribunadapraia.com.br\/index.php?rest_route=\/wp\/v2\/posts\/787"}],"collection":[{"href":"https:\/\/tribunadapraia.com.br\/index.php?rest_route=\/wp\/v2\/posts"}],"about":[{"href":"https:\/\/tribunadapraia.com.br\/index.php?rest_route=\/wp\/v2\/types\/post"}],"author":[{"embeddable":true,"href":"https:\/\/tribunadapraia.com.br\/index.php?rest_route=\/wp\/v2\/users\/3"}],"replies":[{"embeddable":true,"href":"https:\/\/tribunadapraia.com.br\/index.php?rest_route=%2Fwp%2Fv2%2Fcomments&post=787"}],"version-history":[{"count":2,"href":"https:\/\/tribunadapraia.com.br\/index.php?rest_route=\/wp\/v2\/posts\/787\/revisions"}],"predecessor-version":[{"id":790,"href":"https:\/\/tribunadapraia.com.br\/index.php?rest_route=\/wp\/v2\/posts\/787\/revisions\/790"}],"wp:featuredmedia":[{"embeddable":true,"href":"https:\/\/tribunadapraia.com.br\/index.php?rest_route=\/wp\/v2\/media\/788"}],"wp:attachment":[{"href":"https:\/\/tribunadapraia.com.br\/index.php?rest_route=%2Fwp%2Fv2%2Fmedia&parent=787"}],"wp:term":[{"taxonomy":"category","embeddable":true,"href":"https:\/\/tribunadapraia.com.br\/index.php?rest_route=%2Fwp%2Fv2%2Fcategories&post=787"},{"taxonomy":"post_tag","embeddable":true,"href":"https:\/\/tribunadapraia.com.br\/index.php?rest_route=%2Fwp%2Fv2%2Ftags&post=787"}],"curies":[{"name":"wp","href":"https:\/\/api.w.org\/{rel}","templated":true}]}}