{"id":784,"date":"2020-03-22T23:29:48","date_gmt":"2020-03-23T02:29:48","guid":{"rendered":"https:\/\/tribunadapraia.com.br\/?p=784"},"modified":"2020-03-22T23:29:48","modified_gmt":"2020-03-23T02:29:48","slug":"adiada-eleicao-consulta-publica-para-reitor-da-universidade-federal-de-sergipe","status":"publish","type":"post","link":"https:\/\/tribunadapraia.com.br\/?p=784","title":{"rendered":"ADIADA: Elei\u00e7\u00e3o (Consulta P\u00fablica) para reitor da Universidade Federal de Sergipe"},"content":{"rendered":"<p>Prevista para ter acontecudo nos dias 19 e 20 em todos os Campis e nos polos CESAD, a Consulta P\u00fablica para Reitor\/a e Vice-reitor\/a da Universidade Federal de Sergipe (UFS) foi adiada por tempo indeterminado, devido ao corona v\u00edrus. O mandato do atual reitor Angelo Roberto Antoniolli (2012\/2016 &#8211; 2016\/2020) se encerrar\u00e1 em outubro deste ano e at\u00e9 l\u00e1 a lista tr\u00edplice dever\u00e1 estar concluida e enviada ao Minist\u00e9rio da Educa\u00e7\u00e3o que dever\u00e1 homologar o nome sufragado pela comunidade universit\u00e1ria (professores, estudantes e funcion\u00e1rios).<\/p>\n<p>Assim que for definida a nova data, a Tribuna da Praia entrevistar\u00e1 os candidatos incritos e que ter\u00e3o seus nomes submeter\u00e3o, a saber: Chapa 1 \u201cUma UFS Diferente: Gest\u00e3o Integrada com Tecnologia\u201d (David Soares e Lucas Gon\u00e7alves); Chapa 2 \u201cRenasce UFS: Plural, Segura e de Qualidade\u201d (Denise Leal e Jos\u00e9 Aderval); Chapa 3 \u201cUniversidade Necess\u00e1ria com Autonomia e Participa\u00e7\u00e3o\u201d (Vera N\u00fabia e Silvana Bretas) e Chapa 4 \u201cPor uma UFS inovadora, Democr\u00e1tica e mais Humana\u201d (Andr\u00e9 Maur\u00edcio e Rozana Rivas).<\/p>\n<p>por Reda\u00e7\u00e3o | foto: SINTUFS<\/p>\n","protected":false},"excerpt":{"rendered":"<p>Prevista para ter acontecudo nos dias 19 e 20 em todos os Campis e nos polos CESAD, a Consulta P\u00fablica para Reitor\/a e Vice-reitor\/a da Universidade Federal de Sergipe (UFS) foi adiada por tempo indeterminado, devido ao corona v\u00edrus. O mandato do atual reitor Angelo Roberto Antoniolli (2012\/2016 &#8211; 2016\/2020) se encerrar\u00e1 em outubro deste ano e at\u00e9 l\u00e1 a lista tr\u00edplice dever\u00e1 estar concluida e enviada ao Minist\u00e9rio da<\/p>\n","protected":false},"author":3,"featured_media":785,"comment_status":"open","ping_status":"open","sticky":false,"template":"","format":"standard","meta":[],"categories":[18],"tags":[],"yoast_head":"<!-- This site is optimized with the Yoast SEO plugin v16.3 - https:\/\/yoast.com\/wordpress\/plugins\/seo\/ -->\n<title>ADIADA: Elei\u00e7\u00e3o (Consulta P\u00fablica) para reitor da Universidade Federal de Sergipe - TRIBUNA DA PRAIA<\/title>\n<meta name=\"robots\" content=\"index, follow, max-snippet:-1, max-image-preview:large, max-video-preview:-1\" \/>\n<link rel=\"canonical\" href=\"https:\/\/tribunadapraia.com.br\/?p=784\" \/>\n<meta property=\"og:locale\" content=\"pt_BR\" \/>\n<meta property=\"og:type\" content=\"article\" \/>\n<meta property=\"og:title\" content=\"ADIADA: Elei\u00e7\u00e3o (Consulta P\u00fablica) para reitor da Universidade Federal de Sergipe - TRIBUNA DA PRAIA\" \/>\n<meta property=\"og:description\" content=\"Prevista para ter acontecudo nos dias 19 e 20 em todos os Campis e nos polos CESAD, a Consulta P\u00fablica para Reitor\/a e Vice-reitor\/a da Universidade Federal de Sergipe (UFS) foi adiada por tempo indeterminado, devido ao corona v\u00edrus. O mandato do atual reitor Angelo Roberto Antoniolli (2012\/2016 &#8211; 2016\/2020) se encerrar\u00e1 em outubro deste ano e at\u00e9 l\u00e1 a lista tr\u00edplice dever\u00e1 estar concluida e enviada ao Minist\u00e9rio da\" \/>\n<meta property=\"og:url\" content=\"https:\/\/tribunadapraia.com.br\/?p=784\" \/>\n<meta property=\"og:site_name\" content=\"TRIBUNA DA PRAIA\" \/>\n<meta property=\"article:publisher\" content=\"https:\/\/www.facebook.com\/tribunadapraiaonline\/\" \/>\n<meta property=\"article:published_time\" content=\"2020-03-23T02:29:48+00:00\" \/>\n<meta property=\"og:image\" content=\"https:\/\/tribunadapraia.com.br\/wp-content\/uploads\/2020\/03\/IMG-20200322-WA0137.jpg\" \/>\n\t<meta property=\"og:image:width\" content=\"357\" \/>\n\t<meta property=\"og:image:height\" content=\"210\" \/>\n<meta name=\"twitter:card\" content=\"summary_large_image\" \/>\n<meta name=\"twitter:creator\" content=\"@Claudomir21\" \/>\n<meta name=\"twitter:site\" content=\"@Claudomir21\" \/>\n<meta name=\"twitter:label1\" content=\"Est. tempo de leitura\">\n\t<meta name=\"twitter:data1\" content=\"1 minuto\">\n<script type=\"application\/ld+json\" class=\"yoast-schema-graph\">{\"@context\":\"https:\/\/schema.org\",\"@graph\":[{\"@type\":\"Organization\",\"@id\":\"https:\/\/tribunadapraia.com.br\/#organization\",\"name\":\"Tribuna da Praia\",\"url\":\"https:\/\/tribunadapraia.com.br\/\",\"sameAs\":[\"https:\/\/www.facebook.com\/tribunadapraiaonline\/\",\"https:\/\/www.instagram.com\/claudomirtavares\/\",\"https:\/\/www.youtube.com\/channel\/UCwQf80nxiMzCefAyjbp53Rw\",\"https:\/\/twitter.com\/Claudomir21\"],\"logo\":{\"@type\":\"ImageObject\",\"@id\":\"https:\/\/tribunadapraia.com.br\/#logo\",\"inLanguage\":\"pt-BR\",\"url\":\"https:\/\/tribunadapraia.com.br\/wp-content\/uploads\/2020\/02\/logo.png\",\"contentUrl\":\"https:\/\/tribunadapraia.com.br\/wp-content\/uploads\/2020\/02\/logo.png\",\"width\":501,\"height\":121,\"caption\":\"Tribuna da Praia\"},\"image\":{\"@id\":\"https:\/\/tribunadapraia.com.br\/#logo\"}},{\"@type\":\"WebSite\",\"@id\":\"https:\/\/tribunadapraia.com.br\/#website\",\"url\":\"https:\/\/tribunadapraia.com.br\/\",\"name\":\"TRIBUNA DA PRAIA\",\"description\":\"O 1\\u00ba jornal do interior de Sergipe na internet\",\"publisher\":{\"@id\":\"https:\/\/tribunadapraia.com.br\/#organization\"},\"potentialAction\":[{\"@type\":\"SearchAction\",\"target\":\"https:\/\/tribunadapraia.com.br\/?s={search_term_string}\",\"query-input\":\"required name=search_term_string\"}],\"inLanguage\":\"pt-BR\"},{\"@type\":\"ImageObject\",\"@id\":\"https:\/\/tribunadapraia.com.br\/?p=784#primaryimage\",\"inLanguage\":\"pt-BR\",\"url\":\"https:\/\/tribunadapraia.com.br\/wp-content\/uploads\/2020\/03\/IMG-20200322-WA0137.jpg\",\"contentUrl\":\"https:\/\/tribunadapraia.com.br\/wp-content\/uploads\/2020\/03\/IMG-20200322-WA0137.jpg\",\"width\":357,\"height\":210},{\"@type\":\"WebPage\",\"@id\":\"https:\/\/tribunadapraia.com.br\/?p=784#webpage\",\"url\":\"https:\/\/tribunadapraia.com.br\/?p=784\",\"name\":\"ADIADA: Elei\\u00e7\\u00e3o (Consulta P\\u00fablica) para reitor da Universidade Federal de Sergipe - TRIBUNA DA PRAIA\",\"isPartOf\":{\"@id\":\"https:\/\/tribunadapraia.com.br\/#website\"},\"primaryImageOfPage\":{\"@id\":\"https:\/\/tribunadapraia.com.br\/?p=784#primaryimage\"},\"datePublished\":\"2020-03-23T02:29:48+00:00\",\"dateModified\":\"2020-03-23T02:29:48+00:00\",\"breadcrumb\":{\"@id\":\"https:\/\/tribunadapraia.com.br\/?p=784#breadcrumb\"},\"inLanguage\":\"pt-BR\",\"potentialAction\":[{\"@type\":\"ReadAction\",\"target\":[\"https:\/\/tribunadapraia.com.br\/?p=784\"]}]},{\"@type\":\"BreadcrumbList\",\"@id\":\"https:\/\/tribunadapraia.com.br\/?p=784#breadcrumb\",\"itemListElement\":[{\"@type\":\"ListItem\",\"position\":1,\"item\":{\"@type\":\"WebPage\",\"@id\":\"https:\/\/tribunadapraia.com.br\/\",\"url\":\"https:\/\/tribunadapraia.com.br\/\",\"name\":\"In\\u00edcio\"}},{\"@type\":\"ListItem\",\"position\":2,\"item\":{\"@id\":\"https:\/\/tribunadapraia.com.br\/?p=784#webpage\"}}]},{\"@type\":\"Article\",\"@id\":\"https:\/\/tribunadapraia.com.br\/?p=784#article\",\"isPartOf\":{\"@id\":\"https:\/\/tribunadapraia.com.br\/?p=784#webpage\"},\"author\":{\"@id\":\"https:\/\/tribunadapraia.com.br\/#\/schema\/person\/099fbbf59acc5895c0d7d52b4fc46c97\"},\"headline\":\"ADIADA: Elei\\u00e7\\u00e3o (Consulta P\\u00fablica) para reitor da Universidade Federal de Sergipe\",\"datePublished\":\"2020-03-23T02:29:48+00:00\",\"dateModified\":\"2020-03-23T02:29:48+00:00\",\"mainEntityOfPage\":{\"@id\":\"https:\/\/tribunadapraia.com.br\/?p=784#webpage\"},\"wordCount\":192,\"commentCount\":0,\"publisher\":{\"@id\":\"https:\/\/tribunadapraia.com.br\/#organization\"},\"image\":{\"@id\":\"https:\/\/tribunadapraia.com.br\/?p=784#primaryimage\"},\"thumbnailUrl\":\"https:\/\/tribunadapraia.com.br\/wp-content\/uploads\/2020\/03\/IMG-20200322-WA0137.jpg\",\"articleSection\":[\"Not\\u00edcias\"],\"inLanguage\":\"pt-BR\",\"potentialAction\":[{\"@type\":\"CommentAction\",\"name\":\"Comment\",\"target\":[\"https:\/\/tribunadapraia.com.br\/?p=784#respond\"]}]},{\"@type\":\"Person\",\"@id\":\"https:\/\/tribunadapraia.com.br\/#\/schema\/person\/099fbbf59acc5895c0d7d52b4fc46c97\",\"name\":\"Reda\\u00e7\\u00e3o\",\"image\":{\"@type\":\"ImageObject\",\"@id\":\"https:\/\/tribunadapraia.com.br\/#personlogo\",\"inLanguage\":\"pt-BR\",\"url\":\"https:\/\/secure.gravatar.com\/avatar\/91c8b91d2bfd7784eac5c3e055361f64?s=96&d=identicon&r=g\",\"contentUrl\":\"https:\/\/secure.gravatar.com\/avatar\/91c8b91d2bfd7784eac5c3e055361f64?s=96&d=identicon&r=g\",\"caption\":\"Reda\\u00e7\\u00e3o\"}}]}<\/script>\n<!-- \/ Yoast SEO plugin. -->","wps_subtitle":"","_links":{"self":[{"href":"https:\/\/tribunadapraia.com.br\/index.php?rest_route=\/wp\/v2\/posts\/784"}],"collection":[{"href":"https:\/\/tribunadapraia.com.br\/index.php?rest_route=\/wp\/v2\/posts"}],"about":[{"href":"https:\/\/tribunadapraia.com.br\/index.php?rest_route=\/wp\/v2\/types\/post"}],"author":[{"embeddable":true,"href":"https:\/\/tribunadapraia.com.br\/index.php?rest_route=\/wp\/v2\/users\/3"}],"replies":[{"embeddable":true,"href":"https:\/\/tribunadapraia.com.br\/index.php?rest_route=%2Fwp%2Fv2%2Fcomments&post=784"}],"version-history":[{"count":1,"href":"https:\/\/tribunadapraia.com.br\/index.php?rest_route=\/wp\/v2\/posts\/784\/revisions"}],"predecessor-version":[{"id":786,"href":"https:\/\/tribunadapraia.com.br\/index.php?rest_route=\/wp\/v2\/posts\/784\/revisions\/786"}],"wp:featuredmedia":[{"embeddable":true,"href":"https:\/\/tribunadapraia.com.br\/index.php?rest_route=\/wp\/v2\/media\/785"}],"wp:attachment":[{"href":"https:\/\/tribunadapraia.com.br\/index.php?rest_route=%2Fwp%2Fv2%2Fmedia&parent=784"}],"wp:term":[{"taxonomy":"category","embeddable":true,"href":"https:\/\/tribunadapraia.com.br\/index.php?rest_route=%2Fwp%2Fv2%2Fcategories&post=784"},{"taxonomy":"post_tag","embeddable":true,"href":"https:\/\/tribunadapraia.com.br\/index.php?rest_route=%2Fwp%2Fv2%2Ftags&post=784"}],"curies":[{"name":"wp","href":"https:\/\/api.w.org\/{rel}","templated":true}]}}