{"id":781,"date":"2020-03-22T17:57:38","date_gmt":"2020-03-22T20:57:38","guid":{"rendered":"https:\/\/tribunadapraia.com.br\/?p=781"},"modified":"2020-03-22T17:57:38","modified_gmt":"2020-03-22T20:57:38","slug":"eleocoes-2020-com-o-coronavirus-eleicoes-municipais-deste-ano-podem-ser-adiadas","status":"publish","type":"post","link":"https:\/\/tribunadapraia.com.br\/?p=781","title":{"rendered":"ELEO\u00c7\u00d5ES 2020: Com o coronav\u00edrus, elei\u00e7\u00f5es municipais deste ano podem ser adiadas"},"content":{"rendered":"<p>Por ora, o TSE n\u00e3o cogita a possibilidade das elei\u00e7\u00f5es municipais serem adiadas, mas projetos neste sentido j\u00e1 est\u00e3o sendo encaminhados ao Congresso Nacional<\/p>\n<p>Foto: Divulga\u00e7\u00e3o<br \/>\nTSE disse n\u00e3o ter o poder de alterar o calend\u00e1rio previsto pela legisla\u00e7\u00e3o eleitoral &#8211; FOTO: Foto: Divulga\u00e7\u00e3o<br \/>\nLeitura: 7min<br \/>\nO aumento significativo no n\u00famero de casos de coronav\u00edrus no Brasil, t\u00eam alterado a rotina de todas as cidades e regi\u00f5es do pa\u00eds, que vive estado de calamidade p\u00fablica. Em ano eleitoral, o clima de incertezas sobre quais consequ\u00eancias o coronav\u00edrus poder\u00e1 trazer, j\u00e1 tem despertado discuss\u00f5es sobre a possibilidade de adiamento do pleito &#8211; marcado para o dia 4 de outubro deste ano.<\/p>\n<p>O posicionamento do Tribunal Superior Eleitoral (TSE) \u00e9 de manuten\u00e7\u00e3o do calend\u00e1rio das elei\u00e7\u00f5es municipais, previsto na lei 9.504\/1997. \u201cEsses prazos n\u00e3o est\u00e3o \u00e0 disposi\u00e7\u00e3o do TSE, eles constam da legisla\u00e7\u00e3o federal\u201d, afirmou o ministro Lu\u00eds Roberto Barroso.\u201dPor enquanto, n\u00e3o cogitamos essa possibilidade. Cada dia com sua agonia. Tenho f\u00e9 que at\u00e9 outubro tudo ter\u00e1 sido controlado\u201d, refor\u00e7ou Barroso, que assume a presid\u00eancia do TSE, em maio.<\/p>\n<p>Continuar lendo &#8211; &#8211; https:\/\/jc.ne10.uol.com.br\/politica\/2020\/03\/5603045-com-o-coronavirus&#8211;eleicoes-municipais-deste-ano-podem-ser-adiadas.html<\/p>\n","protected":false},"excerpt":{"rendered":"<p>Por ora, o TSE n\u00e3o cogita a possibilidade das elei\u00e7\u00f5es municipais serem adiadas, mas projetos neste sentido j\u00e1 est\u00e3o sendo encaminhados ao Congresso Nacional Foto: Divulga\u00e7\u00e3o TSE disse n\u00e3o ter o poder de alterar o calend\u00e1rio previsto pela legisla\u00e7\u00e3o eleitoral &#8211; FOTO: Foto: Divulga\u00e7\u00e3o Leitura: 7min O aumento significativo no n\u00famero de casos de coronav\u00edrus no Brasil, t\u00eam alterado a rotina de todas as cidades e regi\u00f5es do pa\u00eds, que<\/p>\n","protected":false},"author":3,"featured_media":782,"comment_status":"open","ping_status":"open","sticky":false,"template":"","format":"standard","meta":[],"categories":[18],"tags":[],"yoast_head":"<!-- This site is optimized with the Yoast SEO plugin v16.3 - https:\/\/yoast.com\/wordpress\/plugins\/seo\/ -->\n<title>ELEO\u00c7\u00d5ES 2020: Com o coronav\u00edrus, elei\u00e7\u00f5es municipais deste ano podem ser adiadas - TRIBUNA DA PRAIA<\/title>\n<meta name=\"robots\" content=\"index, follow, max-snippet:-1, max-image-preview:large, max-video-preview:-1\" \/>\n<link rel=\"canonical\" href=\"https:\/\/tribunadapraia.com.br\/?p=781\" \/>\n<meta property=\"og:locale\" content=\"pt_BR\" \/>\n<meta property=\"og:type\" content=\"article\" \/>\n<meta property=\"og:title\" content=\"ELEO\u00c7\u00d5ES 2020: Com o coronav\u00edrus, elei\u00e7\u00f5es municipais deste ano podem ser adiadas - TRIBUNA DA PRAIA\" \/>\n<meta property=\"og:description\" content=\"Por ora, o TSE n\u00e3o cogita a possibilidade das elei\u00e7\u00f5es municipais serem adiadas, mas projetos neste sentido j\u00e1 est\u00e3o sendo encaminhados ao Congresso Nacional Foto: Divulga\u00e7\u00e3o TSE disse n\u00e3o ter o poder de alterar o calend\u00e1rio previsto pela legisla\u00e7\u00e3o eleitoral &#8211; FOTO: Foto: Divulga\u00e7\u00e3o Leitura: 7min O aumento significativo no n\u00famero de casos de coronav\u00edrus no Brasil, t\u00eam alterado a rotina de todas as cidades e regi\u00f5es do pa\u00eds, que\" \/>\n<meta property=\"og:url\" content=\"https:\/\/tribunadapraia.com.br\/?p=781\" \/>\n<meta property=\"og:site_name\" content=\"TRIBUNA DA PRAIA\" \/>\n<meta property=\"article:publisher\" content=\"https:\/\/www.facebook.com\/tribunadapraiaonline\/\" \/>\n<meta property=\"article:published_time\" content=\"2020-03-22T20:57:38+00:00\" \/>\n<meta property=\"og:image\" content=\"https:\/\/tribunadapraia.com.br\/wp-content\/uploads\/2020\/03\/IMG-20200322-WA0094.jpg\" \/>\n\t<meta property=\"og:image:width\" content=\"806\" \/>\n\t<meta property=\"og:image:height\" content=\"444\" \/>\n<meta name=\"twitter:card\" content=\"summary_large_image\" \/>\n<meta name=\"twitter:creator\" content=\"@Claudomir21\" \/>\n<meta name=\"twitter:site\" content=\"@Claudomir21\" \/>\n<meta name=\"twitter:label1\" content=\"Est. tempo de leitura\">\n\t<meta name=\"twitter:data1\" content=\"1 minuto\">\n<script type=\"application\/ld+json\" class=\"yoast-schema-graph\">{\"@context\":\"https:\/\/schema.org\",\"@graph\":[{\"@type\":\"Organization\",\"@id\":\"https:\/\/tribunadapraia.com.br\/#organization\",\"name\":\"Tribuna da Praia\",\"url\":\"https:\/\/tribunadapraia.com.br\/\",\"sameAs\":[\"https:\/\/www.facebook.com\/tribunadapraiaonline\/\",\"https:\/\/www.instagram.com\/claudomirtavares\/\",\"https:\/\/www.youtube.com\/channel\/UCwQf80nxiMzCefAyjbp53Rw\",\"https:\/\/twitter.com\/Claudomir21\"],\"logo\":{\"@type\":\"ImageObject\",\"@id\":\"https:\/\/tribunadapraia.com.br\/#logo\",\"inLanguage\":\"pt-BR\",\"url\":\"https:\/\/tribunadapraia.com.br\/wp-content\/uploads\/2020\/02\/logo.png\",\"contentUrl\":\"https:\/\/tribunadapraia.com.br\/wp-content\/uploads\/2020\/02\/logo.png\",\"width\":501,\"height\":121,\"caption\":\"Tribuna da Praia\"},\"image\":{\"@id\":\"https:\/\/tribunadapraia.com.br\/#logo\"}},{\"@type\":\"WebSite\",\"@id\":\"https:\/\/tribunadapraia.com.br\/#website\",\"url\":\"https:\/\/tribunadapraia.com.br\/\",\"name\":\"TRIBUNA DA PRAIA\",\"description\":\"O 1\\u00ba jornal do interior de Sergipe na internet\",\"publisher\":{\"@id\":\"https:\/\/tribunadapraia.com.br\/#organization\"},\"potentialAction\":[{\"@type\":\"SearchAction\",\"target\":\"https:\/\/tribunadapraia.com.br\/?s={search_term_string}\",\"query-input\":\"required name=search_term_string\"}],\"inLanguage\":\"pt-BR\"},{\"@type\":\"ImageObject\",\"@id\":\"https:\/\/tribunadapraia.com.br\/?p=781#primaryimage\",\"inLanguage\":\"pt-BR\",\"url\":\"https:\/\/tribunadapraia.com.br\/wp-content\/uploads\/2020\/03\/IMG-20200322-WA0094.jpg\",\"contentUrl\":\"https:\/\/tribunadapraia.com.br\/wp-content\/uploads\/2020\/03\/IMG-20200322-WA0094.jpg\",\"width\":806,\"height\":444},{\"@type\":\"WebPage\",\"@id\":\"https:\/\/tribunadapraia.com.br\/?p=781#webpage\",\"url\":\"https:\/\/tribunadapraia.com.br\/?p=781\",\"name\":\"ELEO\\u00c7\\u00d5ES 2020: Com o coronav\\u00edrus, elei\\u00e7\\u00f5es municipais deste ano podem ser adiadas - TRIBUNA DA PRAIA\",\"isPartOf\":{\"@id\":\"https:\/\/tribunadapraia.com.br\/#website\"},\"primaryImageOfPage\":{\"@id\":\"https:\/\/tribunadapraia.com.br\/?p=781#primaryimage\"},\"datePublished\":\"2020-03-22T20:57:38+00:00\",\"dateModified\":\"2020-03-22T20:57:38+00:00\",\"breadcrumb\":{\"@id\":\"https:\/\/tribunadapraia.com.br\/?p=781#breadcrumb\"},\"inLanguage\":\"pt-BR\",\"potentialAction\":[{\"@type\":\"ReadAction\",\"target\":[\"https:\/\/tribunadapraia.com.br\/?p=781\"]}]},{\"@type\":\"BreadcrumbList\",\"@id\":\"https:\/\/tribunadapraia.com.br\/?p=781#breadcrumb\",\"itemListElement\":[{\"@type\":\"ListItem\",\"position\":1,\"item\":{\"@type\":\"WebPage\",\"@id\":\"https:\/\/tribunadapraia.com.br\/\",\"url\":\"https:\/\/tribunadapraia.com.br\/\",\"name\":\"In\\u00edcio\"}},{\"@type\":\"ListItem\",\"position\":2,\"item\":{\"@id\":\"https:\/\/tribunadapraia.com.br\/?p=781#webpage\"}}]},{\"@type\":\"Article\",\"@id\":\"https:\/\/tribunadapraia.com.br\/?p=781#article\",\"isPartOf\":{\"@id\":\"https:\/\/tribunadapraia.com.br\/?p=781#webpage\"},\"author\":{\"@id\":\"https:\/\/tribunadapraia.com.br\/#\/schema\/person\/099fbbf59acc5895c0d7d52b4fc46c97\"},\"headline\":\"ELEO\\u00c7\\u00d5ES 2020: Com o coronav\\u00edrus, elei\\u00e7\\u00f5es municipais deste ano podem ser adiadas\",\"datePublished\":\"2020-03-22T20:57:38+00:00\",\"dateModified\":\"2020-03-22T20:57:38+00:00\",\"mainEntityOfPage\":{\"@id\":\"https:\/\/tribunadapraia.com.br\/?p=781#webpage\"},\"wordCount\":229,\"commentCount\":0,\"publisher\":{\"@id\":\"https:\/\/tribunadapraia.com.br\/#organization\"},\"image\":{\"@id\":\"https:\/\/tribunadapraia.com.br\/?p=781#primaryimage\"},\"thumbnailUrl\":\"https:\/\/tribunadapraia.com.br\/wp-content\/uploads\/2020\/03\/IMG-20200322-WA0094.jpg\",\"articleSection\":[\"Not\\u00edcias\"],\"inLanguage\":\"pt-BR\",\"potentialAction\":[{\"@type\":\"CommentAction\",\"name\":\"Comment\",\"target\":[\"https:\/\/tribunadapraia.com.br\/?p=781#respond\"]}]},{\"@type\":\"Person\",\"@id\":\"https:\/\/tribunadapraia.com.br\/#\/schema\/person\/099fbbf59acc5895c0d7d52b4fc46c97\",\"name\":\"Reda\\u00e7\\u00e3o\",\"image\":{\"@type\":\"ImageObject\",\"@id\":\"https:\/\/tribunadapraia.com.br\/#personlogo\",\"inLanguage\":\"pt-BR\",\"url\":\"https:\/\/secure.gravatar.com\/avatar\/91c8b91d2bfd7784eac5c3e055361f64?s=96&d=identicon&r=g\",\"contentUrl\":\"https:\/\/secure.gravatar.com\/avatar\/91c8b91d2bfd7784eac5c3e055361f64?s=96&d=identicon&r=g\",\"caption\":\"Reda\\u00e7\\u00e3o\"}}]}<\/script>\n<!-- \/ Yoast SEO plugin. -->","wps_subtitle":"","_links":{"self":[{"href":"https:\/\/tribunadapraia.com.br\/index.php?rest_route=\/wp\/v2\/posts\/781"}],"collection":[{"href":"https:\/\/tribunadapraia.com.br\/index.php?rest_route=\/wp\/v2\/posts"}],"about":[{"href":"https:\/\/tribunadapraia.com.br\/index.php?rest_route=\/wp\/v2\/types\/post"}],"author":[{"embeddable":true,"href":"https:\/\/tribunadapraia.com.br\/index.php?rest_route=\/wp\/v2\/users\/3"}],"replies":[{"embeddable":true,"href":"https:\/\/tribunadapraia.com.br\/index.php?rest_route=%2Fwp%2Fv2%2Fcomments&post=781"}],"version-history":[{"count":1,"href":"https:\/\/tribunadapraia.com.br\/index.php?rest_route=\/wp\/v2\/posts\/781\/revisions"}],"predecessor-version":[{"id":783,"href":"https:\/\/tribunadapraia.com.br\/index.php?rest_route=\/wp\/v2\/posts\/781\/revisions\/783"}],"wp:featuredmedia":[{"embeddable":true,"href":"https:\/\/tribunadapraia.com.br\/index.php?rest_route=\/wp\/v2\/media\/782"}],"wp:attachment":[{"href":"https:\/\/tribunadapraia.com.br\/index.php?rest_route=%2Fwp%2Fv2%2Fmedia&parent=781"}],"wp:term":[{"taxonomy":"category","embeddable":true,"href":"https:\/\/tribunadapraia.com.br\/index.php?rest_route=%2Fwp%2Fv2%2Fcategories&post=781"},{"taxonomy":"post_tag","embeddable":true,"href":"https:\/\/tribunadapraia.com.br\/index.php?rest_route=%2Fwp%2Fv2%2Ftags&post=781"}],"curies":[{"name":"wp","href":"https:\/\/api.w.org\/{rel}","templated":true}]}}