{"id":774,"date":"2020-03-22T07:55:10","date_gmt":"2020-03-22T10:55:10","guid":{"rendered":"https:\/\/tribunadapraia.com.br\/?p=774"},"modified":"2020-03-22T08:02:35","modified_gmt":"2020-03-22T11:02:35","slug":"ha-50-anos-era-instalada-a-unidade-da-deso-em-pirambu-uma-trajetoria-que-se-confunde-con-a-historia-de-nosso-municipio","status":"publish","type":"post","link":"https:\/\/tribunadapraia.com.br\/?p=774","title":{"rendered":"H\u00c1 50 ANOS: Era instalada a unidade da DESO em Pirambu, uma trajet\u00f3ria que se confunde con a hist\u00f3ria de nosso munic\u00edpio"},"content":{"rendered":"<p>H\u00e1 50 anos, em um dia como hoje (que a partir de 1993 seria denominado Dia Mundial da \u00c1gua), era inaugurada em 22 de mar\u00e7o fe 1970, a base local da DESO em Pirambu, uma trajet\u00f3ria que se confunde con a hist\u00f3ria de nossa comunidade. Escolhido o local, o mais saliente ponto urbano da rec\u00e9m emancipada sede do munic\u00edpio (no final da Rua do Car\u00e1 &#8211; atual Givaldo Moura da Silva, antes Rua Sergipe), foram recrutados como primeiros operadores de unidade os irm\u00e3os Jairton (in mem\u00f3rian) e Ivan dos Santos (Bai\u00e1), a quem rendemos nossas homenagens e dedicamos este artigo) os filhos de Jos\u00e9 Beato dos Santos (Seu Zezinho) e dona Enedina Cardoso de Jesus.<\/p>\n<p>Ao alcan\u00e7ar a emancipa\u00e7\u00e3o pol\u00edtica em 26 de novembro de 1963 e conseq\u00fcente instala\u00e7\u00e2o simb\u00f3lica em 08 de agosto de 1965, Pirambu n\u00e3o possuia servi\u00e7o de \u00e1gua tratada, at\u00e9 que a cria\u00e7\u00e3o do Departamento Estadual de Saneamento e Obras (DESO) em 25 de agosto de 1969 no governo Lourival Batista, interiorizando-a, ascendeu a esperan\u00e7a, sendo uma conquista para os quase 1000 habitantes da cidade que tinha como prefeito \u00e0 \u00e9poca da fixa\u00e7\u00e3o da pedra fundamental, Waltet Amaral.<\/p>\n<p>At\u00e9 o in\u00edcio da d\u00e9cada de 1980, \u00e0s faturas mensais eram pagas em esp\u00e9cie\/dinheito n&#8217;um dia determinado, quando alguns servidores vinham de Aracaju, Japaratuba ou Propri\u00e1 para recolher os valores devidos em fun\u00e7\u00e3o do consumo e quem n\u00e3o efetuasse nesta data iria acumular (a suspens\u00e3o do fornecimento s\u00f3 acontecia ap\u00f3s ac\u00famulo de v\u00e1rios tal\u00f5es e mediante recorrentes avisos\/notifica\u00e7\u00f5es). Em \u00e9poca de elei\u00e7\u00f5es, era comum esses inadimplentes recorrer a candidatos &#8220;generosos&#8221;.<\/p>\n<p>A partir da instala\u00e7\u00e3o da primeira ag\u00eancia banc\u00e1ria em 1982 (Banco Econ\u00f4mico), a forna de pagamento fou modificada, mas a pr\u00e1tica pol\u00edtica permanece at\u00e9 os dias de hoje (com menor quantidade de d\u00e9bito, pois a toler\u00e2ncia da empresa t\u00eam lumites).<\/p>\n<p>Fubdado em 25 de naio de 1969, a Associa\u00e7\u00e3o Desportiva Pirambu, rebatizada para Guarany Futebol Clube, tinha &#8220;sua sede&#8221; no escrit\u00f3rio da DESO (na base da caixa\/reservat\u00f3rio d&#8217;\u00e1gua), pois Jairton e Bai\u00e1 eram tamb\u00e9m dous de seus atletas e l\u00e1 era guardado todo o material esportivo..<\/p>\n<p>Fou no segundo governo de Jo\u00e3o Alves Filho (1991\/1994) e na gest\u00e3o da prefeita S\u00edlvia Cruz (1993\/1996) que a Esta\u00e7\u00e0o de Tratamento (ETA) teve sua primeira amplia\u00e7\u00e3o, inclusive estendendo-a para a maioria dos povoados, a saber, Marimbondo, Lagoa Redonda, Aguilhadas e Alagamar.<\/p>\n<p>Um dos principais gargalos da DESO em Pirambu t\u00eam sido o descarte de \u00e1gua pela rede de drenagem urbana (depois da lavagem dos filtros), o aue tem causado h\u00e1 mais de 30 anos transtornos aos moradores das ruas Ant\u00f4nio Torres e Castelo Branco, no centro da cidade. Com um PH (ferro) elevado, a \u00e1gua de Pirambu tem apresentado sistematicamente um tom amarelado, com o ac\u00famulo desta subst\u00e2ncia, uma demanda que tem provocado a revolta da sociedade que tem se manifestado nas ruas, nos meios de comunica\u00e7\u00e3o e redes sociais.<\/p>\n<p>Pela sua presen\u00e7a em nossa comunidade, seus relevantes servicos, a DESO comemora neste domingo, 22 de mar\u00e7o de 2020, 50 anos promovendo sa\u00fade e qualidade de vida para os sergipanos de Pirambu e para finalizar, uma sugest\u00e3o ao presidente da empresa, Carlos Melo e ao governador Belivaldo Chaga, aos quais passo a me dirigir a partir desse momento: vamos prestar uma homrnagem \u00e0 mem\u00f3ria p\u00f3stuma, denominando a unidade de Pirambu ETA JAIRTON DA DESO<\/p>\n<p>por ClaudOmir Hetzog<\/p>\n","protected":false},"excerpt":{"rendered":"<p>H\u00e1 50 anos, em um dia como hoje (que a partir de 1993 seria denominado Dia Mundial da \u00c1gua), era inaugurada em 22 de mar\u00e7o fe 1970, a base local da DESO em Pirambu, uma trajet\u00f3ria que se confunde con a hist\u00f3ria de nossa comunidade. Escolhido o local, o mais saliente ponto urbano da rec\u00e9m emancipada sede do munic\u00edpio (no final da Rua do Car\u00e1 &#8211; atual Givaldo Moura da<\/p>\n","protected":false},"author":3,"featured_media":775,"comment_status":"open","ping_status":"open","sticky":false,"template":"","format":"standard","meta":[],"categories":[18],"tags":[],"yoast_head":"<!-- This site is optimized with the Yoast SEO plugin v16.3 - https:\/\/yoast.com\/wordpress\/plugins\/seo\/ -->\n<title>H\u00c1 50 ANOS: Era instalada a unidade da DESO em Pirambu, uma trajet\u00f3ria que se confunde con a hist\u00f3ria de nosso munic\u00edpio - TRIBUNA DA PRAIA<\/title>\n<meta name=\"robots\" content=\"index, follow, max-snippet:-1, max-image-preview:large, max-video-preview:-1\" \/>\n<link rel=\"canonical\" href=\"https:\/\/tribunadapraia.com.br\/?p=774\" \/>\n<meta property=\"og:locale\" content=\"pt_BR\" \/>\n<meta property=\"og:type\" content=\"article\" \/>\n<meta property=\"og:title\" content=\"H\u00c1 50 ANOS: Era instalada a unidade da DESO em Pirambu, uma trajet\u00f3ria que se confunde con a hist\u00f3ria de nosso munic\u00edpio - TRIBUNA DA PRAIA\" \/>\n<meta property=\"og:description\" content=\"H\u00e1 50 anos, em um dia como hoje (que a partir de 1993 seria denominado Dia Mundial da \u00c1gua), era inaugurada em 22 de mar\u00e7o fe 1970, a base local da DESO em Pirambu, uma trajet\u00f3ria que se confunde con a hist\u00f3ria de nossa comunidade. Escolhido o local, o mais saliente ponto urbano da rec\u00e9m emancipada sede do munic\u00edpio (no final da Rua do Car\u00e1 &#8211; atual Givaldo Moura da\" \/>\n<meta property=\"og:url\" content=\"https:\/\/tribunadapraia.com.br\/?p=774\" \/>\n<meta property=\"og:site_name\" content=\"TRIBUNA DA PRAIA\" \/>\n<meta property=\"article:publisher\" content=\"https:\/\/www.facebook.com\/tribunadapraiaonline\/\" \/>\n<meta property=\"article:published_time\" content=\"2020-03-22T10:55:10+00:00\" \/>\n<meta property=\"article:modified_time\" content=\"2020-03-22T11:02:35+00:00\" \/>\n<meta property=\"og:image\" content=\"https:\/\/tribunadapraia.com.br\/wp-content\/uploads\/2020\/03\/IMG-20200322-WA0003.jpg\" \/>\n\t<meta property=\"og:image:width\" content=\"915\" \/>\n\t<meta property=\"og:image:height\" content=\"706\" \/>\n<meta name=\"twitter:card\" content=\"summary_large_image\" \/>\n<meta name=\"twitter:creator\" content=\"@Claudomir21\" \/>\n<meta name=\"twitter:site\" content=\"@Claudomir21\" \/>\n<meta name=\"twitter:label1\" content=\"Est. tempo de leitura\">\n\t<meta name=\"twitter:data1\" content=\"3 minutos\">\n<script type=\"application\/ld+json\" class=\"yoast-schema-graph\">{\"@context\":\"https:\/\/schema.org\",\"@graph\":[{\"@type\":\"Organization\",\"@id\":\"https:\/\/tribunadapraia.com.br\/#organization\",\"name\":\"Tribuna da Praia\",\"url\":\"https:\/\/tribunadapraia.com.br\/\",\"sameAs\":[\"https:\/\/www.facebook.com\/tribunadapraiaonline\/\",\"https:\/\/www.instagram.com\/claudomirtavares\/\",\"https:\/\/www.youtube.com\/channel\/UCwQf80nxiMzCefAyjbp53Rw\",\"https:\/\/twitter.com\/Claudomir21\"],\"logo\":{\"@type\":\"ImageObject\",\"@id\":\"https:\/\/tribunadapraia.com.br\/#logo\",\"inLanguage\":\"pt-BR\",\"url\":\"https:\/\/tribunadapraia.com.br\/wp-content\/uploads\/2020\/02\/logo.png\",\"contentUrl\":\"https:\/\/tribunadapraia.com.br\/wp-content\/uploads\/2020\/02\/logo.png\",\"width\":501,\"height\":121,\"caption\":\"Tribuna da Praia\"},\"image\":{\"@id\":\"https:\/\/tribunadapraia.com.br\/#logo\"}},{\"@type\":\"WebSite\",\"@id\":\"https:\/\/tribunadapraia.com.br\/#website\",\"url\":\"https:\/\/tribunadapraia.com.br\/\",\"name\":\"TRIBUNA DA PRAIA\",\"description\":\"O 1\\u00ba jornal do interior de Sergipe na internet\",\"publisher\":{\"@id\":\"https:\/\/tribunadapraia.com.br\/#organization\"},\"potentialAction\":[{\"@type\":\"SearchAction\",\"target\":\"https:\/\/tribunadapraia.com.br\/?s={search_term_string}\",\"query-input\":\"required name=search_term_string\"}],\"inLanguage\":\"pt-BR\"},{\"@type\":\"ImageObject\",\"@id\":\"https:\/\/tribunadapraia.com.br\/?p=774#primaryimage\",\"inLanguage\":\"pt-BR\",\"url\":\"https:\/\/tribunadapraia.com.br\/wp-content\/uploads\/2020\/03\/IMG-20200322-WA0003.jpg\",\"contentUrl\":\"https:\/\/tribunadapraia.com.br\/wp-content\/uploads\/2020\/03\/IMG-20200322-WA0003.jpg\",\"width\":915,\"height\":706},{\"@type\":\"WebPage\",\"@id\":\"https:\/\/tribunadapraia.com.br\/?p=774#webpage\",\"url\":\"https:\/\/tribunadapraia.com.br\/?p=774\",\"name\":\"H\\u00c1 50 ANOS: Era instalada a unidade da DESO em Pirambu, uma trajet\\u00f3ria que se confunde con a hist\\u00f3ria de nosso munic\\u00edpio - TRIBUNA DA PRAIA\",\"isPartOf\":{\"@id\":\"https:\/\/tribunadapraia.com.br\/#website\"},\"primaryImageOfPage\":{\"@id\":\"https:\/\/tribunadapraia.com.br\/?p=774#primaryimage\"},\"datePublished\":\"2020-03-22T10:55:10+00:00\",\"dateModified\":\"2020-03-22T11:02:35+00:00\",\"breadcrumb\":{\"@id\":\"https:\/\/tribunadapraia.com.br\/?p=774#breadcrumb\"},\"inLanguage\":\"pt-BR\",\"potentialAction\":[{\"@type\":\"ReadAction\",\"target\":[\"https:\/\/tribunadapraia.com.br\/?p=774\"]}]},{\"@type\":\"BreadcrumbList\",\"@id\":\"https:\/\/tribunadapraia.com.br\/?p=774#breadcrumb\",\"itemListElement\":[{\"@type\":\"ListItem\",\"position\":1,\"item\":{\"@type\":\"WebPage\",\"@id\":\"https:\/\/tribunadapraia.com.br\/\",\"url\":\"https:\/\/tribunadapraia.com.br\/\",\"name\":\"In\\u00edcio\"}},{\"@type\":\"ListItem\",\"position\":2,\"item\":{\"@id\":\"https:\/\/tribunadapraia.com.br\/?p=774#webpage\"}}]},{\"@type\":\"Article\",\"@id\":\"https:\/\/tribunadapraia.com.br\/?p=774#article\",\"isPartOf\":{\"@id\":\"https:\/\/tribunadapraia.com.br\/?p=774#webpage\"},\"author\":{\"@id\":\"https:\/\/tribunadapraia.com.br\/#\/schema\/person\/099fbbf59acc5895c0d7d52b4fc46c97\"},\"headline\":\"H\\u00c1 50 ANOS: Era instalada a unidade da DESO em Pirambu, uma trajet\\u00f3ria que se confunde con a hist\\u00f3ria de nosso munic\\u00edpio\",\"datePublished\":\"2020-03-22T10:55:10+00:00\",\"dateModified\":\"2020-03-22T11:02:35+00:00\",\"mainEntityOfPage\":{\"@id\":\"https:\/\/tribunadapraia.com.br\/?p=774#webpage\"},\"wordCount\":620,\"commentCount\":0,\"publisher\":{\"@id\":\"https:\/\/tribunadapraia.com.br\/#organization\"},\"image\":{\"@id\":\"https:\/\/tribunadapraia.com.br\/?p=774#primaryimage\"},\"thumbnailUrl\":\"https:\/\/tribunadapraia.com.br\/wp-content\/uploads\/2020\/03\/IMG-20200322-WA0003.jpg\",\"articleSection\":[\"Not\\u00edcias\"],\"inLanguage\":\"pt-BR\",\"potentialAction\":[{\"@type\":\"CommentAction\",\"name\":\"Comment\",\"target\":[\"https:\/\/tribunadapraia.com.br\/?p=774#respond\"]}]},{\"@type\":\"Person\",\"@id\":\"https:\/\/tribunadapraia.com.br\/#\/schema\/person\/099fbbf59acc5895c0d7d52b4fc46c97\",\"name\":\"Reda\\u00e7\\u00e3o\",\"image\":{\"@type\":\"ImageObject\",\"@id\":\"https:\/\/tribunadapraia.com.br\/#personlogo\",\"inLanguage\":\"pt-BR\",\"url\":\"https:\/\/secure.gravatar.com\/avatar\/91c8b91d2bfd7784eac5c3e055361f64?s=96&d=identicon&r=g\",\"contentUrl\":\"https:\/\/secure.gravatar.com\/avatar\/91c8b91d2bfd7784eac5c3e055361f64?s=96&d=identicon&r=g\",\"caption\":\"Reda\\u00e7\\u00e3o\"}}]}<\/script>\n<!-- \/ Yoast SEO plugin. -->","wps_subtitle":"","_links":{"self":[{"href":"https:\/\/tribunadapraia.com.br\/index.php?rest_route=\/wp\/v2\/posts\/774"}],"collection":[{"href":"https:\/\/tribunadapraia.com.br\/index.php?rest_route=\/wp\/v2\/posts"}],"about":[{"href":"https:\/\/tribunadapraia.com.br\/index.php?rest_route=\/wp\/v2\/types\/post"}],"author":[{"embeddable":true,"href":"https:\/\/tribunadapraia.com.br\/index.php?rest_route=\/wp\/v2\/users\/3"}],"replies":[{"embeddable":true,"href":"https:\/\/tribunadapraia.com.br\/index.php?rest_route=%2Fwp%2Fv2%2Fcomments&post=774"}],"version-history":[{"count":2,"href":"https:\/\/tribunadapraia.com.br\/index.php?rest_route=\/wp\/v2\/posts\/774\/revisions"}],"predecessor-version":[{"id":777,"href":"https:\/\/tribunadapraia.com.br\/index.php?rest_route=\/wp\/v2\/posts\/774\/revisions\/777"}],"wp:featuredmedia":[{"embeddable":true,"href":"https:\/\/tribunadapraia.com.br\/index.php?rest_route=\/wp\/v2\/media\/775"}],"wp:attachment":[{"href":"https:\/\/tribunadapraia.com.br\/index.php?rest_route=%2Fwp%2Fv2%2Fmedia&parent=774"}],"wp:term":[{"taxonomy":"category","embeddable":true,"href":"https:\/\/tribunadapraia.com.br\/index.php?rest_route=%2Fwp%2Fv2%2Fcategories&post=774"},{"taxonomy":"post_tag","embeddable":true,"href":"https:\/\/tribunadapraia.com.br\/index.php?rest_route=%2Fwp%2Fv2%2Ftags&post=774"}],"curies":[{"name":"wp","href":"https:\/\/api.w.org\/{rel}","templated":true}]}}