{"id":755,"date":"2020-03-21T22:35:40","date_gmt":"2020-03-22T01:35:40","guid":{"rendered":"https:\/\/tribunadapraia.com.br\/?p=755"},"modified":"2020-03-21T22:44:03","modified_gmt":"2020-03-22T01:44:03","slug":"confiram-programacao-semanal-ao-vivo-22-a-28-03-2020-nas-webs-radios-pomonga-e-serigy-ouca-pelo-app-rpca-sergipe","status":"publish","type":"post","link":"https:\/\/tribunadapraia.com.br\/?p=755","title":{"rendered":"CONFIRAM: Programa\u00e7\u00e3o Semanal AO VIVO (22 a 28\/03\/2020) nas web&#8217;s r\u00e1dios POMONGA e SERIGY &#8211; ou\u00e7a pelo APP RPCA Sergipe"},"content":{"rendered":"<p>Confira a programa\u00e7\u00e3o semanal (de 22 a 28 de Mar\u00e7o de 2020) AO VIVO mas web&#8217;s r\u00e1dios POMONGA e SERIGY, emissoras da Rede Popular de Comunica\u00e7\u00e3o Alternativa de Sergipe &#8211; RPCA Sergipe (RPCA Sergipe), sujeita a altera\u00e7\u00e3o pelas emissorss, devendo voc\u00ea conferir atualiza\u00e7\u00f5es di\u00e1rias neste site.<\/p>\n<p>\u25a0 Domingo, 22:<\/p>\n<p>08:00 &#8211; Balaio da Dona Deusa<br \/>\n10:00 &#8211; Teatro de Mist\u00e9rio<br \/>\n20:00 &#8211; Domingo \u00e9 Dia de Cl\u00e1ssico<br \/>\n21:00 &#8211; Luau do Nel<\/p>\n<p>\u25a0 Segunda-feira, 23:<\/p>\n<p>07:00 &#8211; A Voz do Povo<br \/>\n09:00 &#8211; Faixa Livre<br \/>\n10:00 &#8211; Love Song:s<br \/>\n20:00 &#8211; Um passeio no passado<\/p>\n<p>\u25a0 Ter\u00e7a-feira, 24:<\/p>\n<p>07:00 &#8211; Boca no Trombone<br \/>\n08:00 &#8211; Faixa Livre<br \/>\n08:00 &#8211; Aquarela Brasileira<\/p>\n<p>\u25a0 Quarta-feira, 25:<\/p>\n<p>07:00 &#8211; A Voz do Povo<br \/>\n08:00 &#8211; Faixa Livre<br \/>\n10:00 &#8211; Um canto \u00e0 Liberdade<br \/>\n20:00 &#8211; Cidade em Debate<\/p>\n<p>\u25a0 Quinta-feira, 26:<\/p>\n<p>07:00 &#8211; Boca no trombone<br \/>\n08:00 &#8211; Faixa Livre<br \/>\n10:00 &#8211; Aquarela Brasileira<\/p>\n<p>\u25a0 Sexta-feira, 27:<\/p>\n<p>07:00 &#8211; A Voz do Povo<br \/>\n08:00 &#8211; Faixa Livre<br \/>\n10:00 &#8211; Trilha Regional<br \/>\n20:00 &#8211; Sexta B\u00e1sica.<\/p>\n<p>\u25a0 S\u00e1bado, 28:<\/p>\n<p>[Estr\u00e9ia) 08:00 &#8211; Canal dos Esportes<br \/>\n10:00 &#8211; Teatro de Mist\u00e9rio<br \/>\n20:00 &#8211; Os embalos de s\u00e1bado \u00e0 noite<br \/>\n21:00 &#8211; Acordes sobre \u00e0s Ondas<\/p>\n<p>E a qualquer momento, de segunda \u00e0 sexta, \u00e0s \u00faltimas noticias de sua cidade, de nossa regi\u00e3o, no Plant\u00e3o Serigy.<\/p>\n<p>Confiram os caminhos para acessar e ouvir:<\/p>\n<p>1. Pelo App RPCA Sergipe &#8211; https:\/\/play.google.com\/store\/apps\/details?id=br.com.rpcasergipe.rede_rpca<br \/>\n2. Pelo Play RPCA Sergipe &#8211; https:\/\/player.srvstm.com\/proxy\/7134<br \/>\n3. No site Tribuna da Praia &#8211; https:\/\/tribunadapraia.com.br\/<br \/>\n4. E nas pr\u00f3ximas horas pelo App RadiosNet (aguadem atualiza\u00e7\u00f5es).<br \/>\n&#8212;&#8212;&#8212;-<br \/>\nAinda n\u00e3o recebe conte\u00fado da RPCA Sergipe? Clique aqui &#8211; http:\/\/bit.ly\/2Ne0ty4<\/p>\n","protected":false},"excerpt":{"rendered":"<p>Confira a programa\u00e7\u00e3o semanal (de 22 a 28 de Mar\u00e7o de 2020) AO VIVO mas web&#8217;s r\u00e1dios POMONGA e SERIGY, emissoras da Rede Popular de Comunica\u00e7\u00e3o Alternativa de Sergipe &#8211; RPCA Sergipe (RPCA Sergipe), sujeita a altera\u00e7\u00e3o pelas emissorss, devendo voc\u00ea conferir atualiza\u00e7\u00f5es di\u00e1rias neste site. \u25a0 Domingo, 22: 08:00 &#8211; Balaio da Dona Deusa 10:00 &#8211; Teatro de Mist\u00e9rio 20:00 &#8211; Domingo \u00e9 Dia de Cl\u00e1ssico 21:00 &#8211; Luau<\/p>\n","protected":false},"author":1,"featured_media":758,"comment_status":"open","ping_status":"open","sticky":false,"template":"","format":"standard","meta":[],"categories":[18],"tags":[],"yoast_head":"<!-- This site is optimized with the Yoast SEO plugin v16.3 - https:\/\/yoast.com\/wordpress\/plugins\/seo\/ -->\n<title>CONFIRAM: Programa\u00e7\u00e3o Semanal AO VIVO (22 a 28\/03\/2020) nas web&#039;s r\u00e1dios POMONGA e SERIGY - ou\u00e7a pelo APP RPCA Sergipe - TRIBUNA DA PRAIA<\/title>\n<meta name=\"robots\" content=\"index, follow, max-snippet:-1, max-image-preview:large, max-video-preview:-1\" \/>\n<link rel=\"canonical\" href=\"https:\/\/tribunadapraia.com.br\/?p=755\" \/>\n<meta property=\"og:locale\" content=\"pt_BR\" \/>\n<meta property=\"og:type\" content=\"article\" \/>\n<meta property=\"og:title\" content=\"CONFIRAM: Programa\u00e7\u00e3o Semanal AO VIVO (22 a 28\/03\/2020) nas web&#039;s r\u00e1dios POMONGA e SERIGY - ou\u00e7a pelo APP RPCA Sergipe - TRIBUNA DA PRAIA\" \/>\n<meta property=\"og:description\" content=\"Confira a programa\u00e7\u00e3o semanal (de 22 a 28 de Mar\u00e7o de 2020) AO VIVO mas web&#8217;s r\u00e1dios POMONGA e SERIGY, emissoras da Rede Popular de Comunica\u00e7\u00e3o Alternativa de Sergipe &#8211; RPCA Sergipe (RPCA Sergipe), sujeita a altera\u00e7\u00e3o pelas emissorss, devendo voc\u00ea conferir atualiza\u00e7\u00f5es di\u00e1rias neste site. \u25a0 Domingo, 22: 08:00 &#8211; Balaio da Dona Deusa 10:00 &#8211; Teatro de Mist\u00e9rio 20:00 &#8211; Domingo \u00e9 Dia de Cl\u00e1ssico 21:00 &#8211; Luau\" \/>\n<meta property=\"og:url\" content=\"https:\/\/tribunadapraia.com.br\/?p=755\" \/>\n<meta property=\"og:site_name\" content=\"TRIBUNA DA PRAIA\" \/>\n<meta property=\"article:publisher\" content=\"https:\/\/www.facebook.com\/tribunadapraiaonline\/\" \/>\n<meta property=\"article:published_time\" content=\"2020-03-22T01:35:40+00:00\" \/>\n<meta property=\"article:modified_time\" content=\"2020-03-22T01:44:03+00:00\" \/>\n<meta property=\"og:image\" content=\"https:\/\/tribunadapraia.com.br\/wp-content\/uploads\/2020\/03\/IMG-20200308-WA0003.jpg\" \/>\n\t<meta property=\"og:image:width\" content=\"540\" \/>\n\t<meta property=\"og:image:height\" content=\"540\" \/>\n<meta name=\"twitter:card\" content=\"summary_large_image\" \/>\n<meta name=\"twitter:creator\" content=\"@Claudomir21\" \/>\n<meta name=\"twitter:site\" content=\"@Claudomir21\" \/>\n<meta name=\"twitter:label1\" content=\"Est. tempo de leitura\">\n\t<meta name=\"twitter:data1\" content=\"1 minuto\">\n<script type=\"application\/ld+json\" class=\"yoast-schema-graph\">{\"@context\":\"https:\/\/schema.org\",\"@graph\":[{\"@type\":\"Organization\",\"@id\":\"https:\/\/tribunadapraia.com.br\/#organization\",\"name\":\"Tribuna da Praia\",\"url\":\"https:\/\/tribunadapraia.com.br\/\",\"sameAs\":[\"https:\/\/www.facebook.com\/tribunadapraiaonline\/\",\"https:\/\/www.instagram.com\/claudomirtavares\/\",\"https:\/\/www.youtube.com\/channel\/UCwQf80nxiMzCefAyjbp53Rw\",\"https:\/\/twitter.com\/Claudomir21\"],\"logo\":{\"@type\":\"ImageObject\",\"@id\":\"https:\/\/tribunadapraia.com.br\/#logo\",\"inLanguage\":\"pt-BR\",\"url\":\"https:\/\/tribunadapraia.com.br\/wp-content\/uploads\/2020\/02\/logo.png\",\"contentUrl\":\"https:\/\/tribunadapraia.com.br\/wp-content\/uploads\/2020\/02\/logo.png\",\"width\":501,\"height\":121,\"caption\":\"Tribuna da Praia\"},\"image\":{\"@id\":\"https:\/\/tribunadapraia.com.br\/#logo\"}},{\"@type\":\"WebSite\",\"@id\":\"https:\/\/tribunadapraia.com.br\/#website\",\"url\":\"https:\/\/tribunadapraia.com.br\/\",\"name\":\"TRIBUNA DA PRAIA\",\"description\":\"O 1\\u00ba jornal do interior de Sergipe na internet\",\"publisher\":{\"@id\":\"https:\/\/tribunadapraia.com.br\/#organization\"},\"potentialAction\":[{\"@type\":\"SearchAction\",\"target\":\"https:\/\/tribunadapraia.com.br\/?s={search_term_string}\",\"query-input\":\"required name=search_term_string\"}],\"inLanguage\":\"pt-BR\"},{\"@type\":\"ImageObject\",\"@id\":\"https:\/\/tribunadapraia.com.br\/?p=755#primaryimage\",\"inLanguage\":\"pt-BR\",\"url\":\"https:\/\/tribunadapraia.com.br\/wp-content\/uploads\/2020\/03\/IMG-20200308-WA0003.jpg\",\"contentUrl\":\"https:\/\/tribunadapraia.com.br\/wp-content\/uploads\/2020\/03\/IMG-20200308-WA0003.jpg\",\"width\":540,\"height\":540},{\"@type\":\"WebPage\",\"@id\":\"https:\/\/tribunadapraia.com.br\/?p=755#webpage\",\"url\":\"https:\/\/tribunadapraia.com.br\/?p=755\",\"name\":\"CONFIRAM: Programa\\u00e7\\u00e3o Semanal AO VIVO (22 a 28\/03\/2020) nas web's r\\u00e1dios POMONGA e SERIGY - ou\\u00e7a pelo APP RPCA Sergipe - TRIBUNA DA PRAIA\",\"isPartOf\":{\"@id\":\"https:\/\/tribunadapraia.com.br\/#website\"},\"primaryImageOfPage\":{\"@id\":\"https:\/\/tribunadapraia.com.br\/?p=755#primaryimage\"},\"datePublished\":\"2020-03-22T01:35:40+00:00\",\"dateModified\":\"2020-03-22T01:44:03+00:00\",\"breadcrumb\":{\"@id\":\"https:\/\/tribunadapraia.com.br\/?p=755#breadcrumb\"},\"inLanguage\":\"pt-BR\",\"potentialAction\":[{\"@type\":\"ReadAction\",\"target\":[\"https:\/\/tribunadapraia.com.br\/?p=755\"]}]},{\"@type\":\"BreadcrumbList\",\"@id\":\"https:\/\/tribunadapraia.com.br\/?p=755#breadcrumb\",\"itemListElement\":[{\"@type\":\"ListItem\",\"position\":1,\"item\":{\"@type\":\"WebPage\",\"@id\":\"https:\/\/tribunadapraia.com.br\/\",\"url\":\"https:\/\/tribunadapraia.com.br\/\",\"name\":\"In\\u00edcio\"}},{\"@type\":\"ListItem\",\"position\":2,\"item\":{\"@id\":\"https:\/\/tribunadapraia.com.br\/?p=755#webpage\"}}]},{\"@type\":\"Article\",\"@id\":\"https:\/\/tribunadapraia.com.br\/?p=755#article\",\"isPartOf\":{\"@id\":\"https:\/\/tribunadapraia.com.br\/?p=755#webpage\"},\"author\":{\"@id\":\"https:\/\/tribunadapraia.com.br\/#\/schema\/person\/326b0a9f3163b479142c64eba4928de0\"},\"headline\":\"CONFIRAM: Programa\\u00e7\\u00e3o Semanal AO VIVO (22 a 28\/03\/2020) nas web&#8217;s r\\u00e1dios POMONGA e SERIGY &#8211; ou\\u00e7a pelo APP RPCA Sergipe\",\"datePublished\":\"2020-03-22T01:35:40+00:00\",\"dateModified\":\"2020-03-22T01:44:03+00:00\",\"mainEntityOfPage\":{\"@id\":\"https:\/\/tribunadapraia.com.br\/?p=755#webpage\"},\"wordCount\":286,\"commentCount\":0,\"publisher\":{\"@id\":\"https:\/\/tribunadapraia.com.br\/#organization\"},\"image\":{\"@id\":\"https:\/\/tribunadapraia.com.br\/?p=755#primaryimage\"},\"thumbnailUrl\":\"https:\/\/tribunadapraia.com.br\/wp-content\/uploads\/2020\/03\/IMG-20200308-WA0003.jpg\",\"articleSection\":[\"Not\\u00edcias\"],\"inLanguage\":\"pt-BR\",\"potentialAction\":[{\"@type\":\"CommentAction\",\"name\":\"Comment\",\"target\":[\"https:\/\/tribunadapraia.com.br\/?p=755#respond\"]}]},{\"@type\":\"Person\",\"@id\":\"https:\/\/tribunadapraia.com.br\/#\/schema\/person\/326b0a9f3163b479142c64eba4928de0\",\"name\":\"tribunadapraia\",\"image\":{\"@type\":\"ImageObject\",\"@id\":\"https:\/\/tribunadapraia.com.br\/#personlogo\",\"inLanguage\":\"pt-BR\",\"url\":\"https:\/\/secure.gravatar.com\/avatar\/38b019c74762496076b7355024a0dad9?s=96&d=identicon&r=g\",\"contentUrl\":\"https:\/\/secure.gravatar.com\/avatar\/38b019c74762496076b7355024a0dad9?s=96&d=identicon&r=g\",\"caption\":\"tribunadapraia\"}}]}<\/script>\n<!-- \/ Yoast SEO plugin. -->","wps_subtitle":"","_links":{"self":[{"href":"https:\/\/tribunadapraia.com.br\/index.php?rest_route=\/wp\/v2\/posts\/755"}],"collection":[{"href":"https:\/\/tribunadapraia.com.br\/index.php?rest_route=\/wp\/v2\/posts"}],"about":[{"href":"https:\/\/tribunadapraia.com.br\/index.php?rest_route=\/wp\/v2\/types\/post"}],"author":[{"embeddable":true,"href":"https:\/\/tribunadapraia.com.br\/index.php?rest_route=\/wp\/v2\/users\/1"}],"replies":[{"embeddable":true,"href":"https:\/\/tribunadapraia.com.br\/index.php?rest_route=%2Fwp%2Fv2%2Fcomments&post=755"}],"version-history":[{"count":3,"href":"https:\/\/tribunadapraia.com.br\/index.php?rest_route=\/wp\/v2\/posts\/755\/revisions"}],"predecessor-version":[{"id":760,"href":"https:\/\/tribunadapraia.com.br\/index.php?rest_route=\/wp\/v2\/posts\/755\/revisions\/760"}],"wp:featuredmedia":[{"embeddable":true,"href":"https:\/\/tribunadapraia.com.br\/index.php?rest_route=\/wp\/v2\/media\/758"}],"wp:attachment":[{"href":"https:\/\/tribunadapraia.com.br\/index.php?rest_route=%2Fwp%2Fv2%2Fmedia&parent=755"}],"wp:term":[{"taxonomy":"category","embeddable":true,"href":"https:\/\/tribunadapraia.com.br\/index.php?rest_route=%2Fwp%2Fv2%2Fcategories&post=755"},{"taxonomy":"post_tag","embeddable":true,"href":"https:\/\/tribunadapraia.com.br\/index.php?rest_route=%2Fwp%2Fv2%2Ftags&post=755"}],"curies":[{"name":"wp","href":"https:\/\/api.w.org\/{rel}","templated":true}]}}