{"id":741,"date":"2020-03-21T18:49:15","date_gmt":"2020-03-21T21:49:15","guid":{"rendered":"https:\/\/tribunadapraia.com.br\/?p=741"},"modified":"2020-03-21T18:49:15","modified_gmt":"2020-03-21T21:49:15","slug":"poema-mangabas-da-capua-claudomir-tavares","status":"publish","type":"post","link":"https:\/\/tribunadapraia.com.br\/?p=741","title":{"rendered":"POEMA: Mangabas da Capu\u00e3 (Claudomir Tavares)"},"content":{"rendered":"<p>Das terras tupinamb\u00e1s<br \/>\n(ou teriam sido caet\u00e9s)<br \/>\nBrotaram Capu\u00e3<br \/>\nCacique da Ilha dos Coqueiros<br \/>\nCombatente pela resist\u00eancia e sobreviv\u00eancia.. de sua gente&#8230;<br \/>\n&#8230; de onde emergiram um povo &#8211; em extin\u00e7\u00e3o?<\/p>\n<p>Das terras de Capu\u00e3<br \/>\nBrotaram a Barra dos Coqueiros<br \/>\nDistrito de Aracaju<br \/>\nAo lado do Porto Grande<\/p>\n<p>Nas terras da Capu\u00e3<br \/>\nBrotaram as mangabeiras<br \/>\nE destas a resist\u00eancia das catadoras. .. de mangaba.<\/p>\n<p>At\u00e9 quando v\u00e3o existir as mangabeiras???<br \/>\nE depois&#8230; Cad\u00ea as mangabas?<br \/>\nO que far\u00e3o. .. de que viver\u00e3o as catadoras. .. sem as mangabas?<br \/>\nCapu\u00e3 vive&#8230;<\/p>\n<p>At\u00e9 quando?<\/p>\n<p>Autor: Claudomir Tavares \u00e9 barracoqueirense do Canal de S\u00e3o Sebasti\u00e3o desde 28\/07\/1968. Pescou no rio Pomonga. Com ele vive o Cacique Capu\u00e3.<\/p>\n","protected":false},"excerpt":{"rendered":"<p>Das terras tupinamb\u00e1s (ou teriam sido caet\u00e9s) Brotaram Capu\u00e3 Cacique da Ilha dos Coqueiros Combatente pela resist\u00eancia e sobreviv\u00eancia.. de sua gente&#8230; &#8230; de onde emergiram um povo &#8211; em extin\u00e7\u00e3o? Das terras de Capu\u00e3 Brotaram a Barra dos Coqueiros Distrito de Aracaju Ao lado do Porto Grande Nas terras da Capu\u00e3 Brotaram as mangabeiras E destas a resist\u00eancia das catadoras. .. de mangaba. At\u00e9 quando v\u00e3o existir as mangabeiras???<\/p>\n","protected":false},"author":3,"featured_media":557,"comment_status":"open","ping_status":"open","sticky":false,"template":"","format":"standard","meta":[],"categories":[18],"tags":[],"yoast_head":"<!-- This site is optimized with the Yoast SEO plugin v16.3 - https:\/\/yoast.com\/wordpress\/plugins\/seo\/ -->\n<title>POEMA: Mangabas da Capu\u00e3 (Claudomir Tavares) - TRIBUNA DA PRAIA<\/title>\n<meta name=\"robots\" content=\"index, follow, max-snippet:-1, max-image-preview:large, max-video-preview:-1\" \/>\n<link rel=\"canonical\" href=\"https:\/\/tribunadapraia.com.br\/?p=741\" \/>\n<meta property=\"og:locale\" content=\"pt_BR\" \/>\n<meta property=\"og:type\" content=\"article\" \/>\n<meta property=\"og:title\" content=\"POEMA: Mangabas da Capu\u00e3 (Claudomir Tavares) - TRIBUNA DA PRAIA\" \/>\n<meta property=\"og:description\" content=\"Das terras tupinamb\u00e1s (ou teriam sido caet\u00e9s) Brotaram Capu\u00e3 Cacique da Ilha dos Coqueiros Combatente pela resist\u00eancia e sobreviv\u00eancia.. de sua gente&#8230; &#8230; de onde emergiram um povo &#8211; em extin\u00e7\u00e3o? Das terras de Capu\u00e3 Brotaram a Barra dos Coqueiros Distrito de Aracaju Ao lado do Porto Grande Nas terras da Capu\u00e3 Brotaram as mangabeiras E destas a resist\u00eancia das catadoras. .. de mangaba. At\u00e9 quando v\u00e3o existir as mangabeiras???\" \/>\n<meta property=\"og:url\" content=\"https:\/\/tribunadapraia.com.br\/?p=741\" \/>\n<meta property=\"og:site_name\" content=\"TRIBUNA DA PRAIA\" \/>\n<meta property=\"article:publisher\" content=\"https:\/\/www.facebook.com\/tribunadapraiaonline\/\" \/>\n<meta property=\"article:published_time\" content=\"2020-03-21T21:49:15+00:00\" \/>\n<meta property=\"og:image\" content=\"https:\/\/tribunadapraia.com.br\/wp-content\/uploads\/2020\/03\/IMG-20200122-WA0030.jpg\" \/>\n\t<meta property=\"og:image:width\" content=\"262\" \/>\n\t<meta property=\"og:image:height\" content=\"310\" \/>\n<meta name=\"twitter:card\" content=\"summary_large_image\" \/>\n<meta name=\"twitter:creator\" content=\"@Claudomir21\" \/>\n<meta name=\"twitter:site\" content=\"@Claudomir21\" \/>\n<meta name=\"twitter:label1\" content=\"Est. tempo de leitura\">\n\t<meta name=\"twitter:data1\" content=\"1 minuto\">\n<script type=\"application\/ld+json\" class=\"yoast-schema-graph\">{\"@context\":\"https:\/\/schema.org\",\"@graph\":[{\"@type\":\"Organization\",\"@id\":\"https:\/\/tribunadapraia.com.br\/#organization\",\"name\":\"Tribuna da Praia\",\"url\":\"https:\/\/tribunadapraia.com.br\/\",\"sameAs\":[\"https:\/\/www.facebook.com\/tribunadapraiaonline\/\",\"https:\/\/www.instagram.com\/claudomirtavares\/\",\"https:\/\/www.youtube.com\/channel\/UCwQf80nxiMzCefAyjbp53Rw\",\"https:\/\/twitter.com\/Claudomir21\"],\"logo\":{\"@type\":\"ImageObject\",\"@id\":\"https:\/\/tribunadapraia.com.br\/#logo\",\"inLanguage\":\"pt-BR\",\"url\":\"https:\/\/tribunadapraia.com.br\/wp-content\/uploads\/2020\/02\/logo.png\",\"contentUrl\":\"https:\/\/tribunadapraia.com.br\/wp-content\/uploads\/2020\/02\/logo.png\",\"width\":501,\"height\":121,\"caption\":\"Tribuna da Praia\"},\"image\":{\"@id\":\"https:\/\/tribunadapraia.com.br\/#logo\"}},{\"@type\":\"WebSite\",\"@id\":\"https:\/\/tribunadapraia.com.br\/#website\",\"url\":\"https:\/\/tribunadapraia.com.br\/\",\"name\":\"TRIBUNA DA PRAIA\",\"description\":\"O 1\\u00ba jornal do interior de Sergipe na internet\",\"publisher\":{\"@id\":\"https:\/\/tribunadapraia.com.br\/#organization\"},\"potentialAction\":[{\"@type\":\"SearchAction\",\"target\":\"https:\/\/tribunadapraia.com.br\/?s={search_term_string}\",\"query-input\":\"required name=search_term_string\"}],\"inLanguage\":\"pt-BR\"},{\"@type\":\"ImageObject\",\"@id\":\"https:\/\/tribunadapraia.com.br\/?p=741#primaryimage\",\"inLanguage\":\"pt-BR\",\"url\":\"https:\/\/tribunadapraia.com.br\/wp-content\/uploads\/2020\/03\/IMG-20200122-WA0030.jpg\",\"contentUrl\":\"https:\/\/tribunadapraia.com.br\/wp-content\/uploads\/2020\/03\/IMG-20200122-WA0030.jpg\",\"width\":262,\"height\":310},{\"@type\":\"WebPage\",\"@id\":\"https:\/\/tribunadapraia.com.br\/?p=741#webpage\",\"url\":\"https:\/\/tribunadapraia.com.br\/?p=741\",\"name\":\"POEMA: Mangabas da Capu\\u00e3 (Claudomir Tavares) - TRIBUNA DA PRAIA\",\"isPartOf\":{\"@id\":\"https:\/\/tribunadapraia.com.br\/#website\"},\"primaryImageOfPage\":{\"@id\":\"https:\/\/tribunadapraia.com.br\/?p=741#primaryimage\"},\"datePublished\":\"2020-03-21T21:49:15+00:00\",\"dateModified\":\"2020-03-21T21:49:15+00:00\",\"breadcrumb\":{\"@id\":\"https:\/\/tribunadapraia.com.br\/?p=741#breadcrumb\"},\"inLanguage\":\"pt-BR\",\"potentialAction\":[{\"@type\":\"ReadAction\",\"target\":[\"https:\/\/tribunadapraia.com.br\/?p=741\"]}]},{\"@type\":\"BreadcrumbList\",\"@id\":\"https:\/\/tribunadapraia.com.br\/?p=741#breadcrumb\",\"itemListElement\":[{\"@type\":\"ListItem\",\"position\":1,\"item\":{\"@type\":\"WebPage\",\"@id\":\"https:\/\/tribunadapraia.com.br\/\",\"url\":\"https:\/\/tribunadapraia.com.br\/\",\"name\":\"In\\u00edcio\"}},{\"@type\":\"ListItem\",\"position\":2,\"item\":{\"@id\":\"https:\/\/tribunadapraia.com.br\/?p=741#webpage\"}}]},{\"@type\":\"Article\",\"@id\":\"https:\/\/tribunadapraia.com.br\/?p=741#article\",\"isPartOf\":{\"@id\":\"https:\/\/tribunadapraia.com.br\/?p=741#webpage\"},\"author\":{\"@id\":\"https:\/\/tribunadapraia.com.br\/#\/schema\/person\/099fbbf59acc5895c0d7d52b4fc46c97\"},\"headline\":\"POEMA: Mangabas da Capu\\u00e3 (Claudomir Tavares)\",\"datePublished\":\"2020-03-21T21:49:15+00:00\",\"dateModified\":\"2020-03-21T21:49:15+00:00\",\"mainEntityOfPage\":{\"@id\":\"https:\/\/tribunadapraia.com.br\/?p=741#webpage\"},\"wordCount\":125,\"commentCount\":0,\"publisher\":{\"@id\":\"https:\/\/tribunadapraia.com.br\/#organization\"},\"image\":{\"@id\":\"https:\/\/tribunadapraia.com.br\/?p=741#primaryimage\"},\"thumbnailUrl\":\"https:\/\/tribunadapraia.com.br\/wp-content\/uploads\/2020\/03\/IMG-20200122-WA0030.jpg\",\"articleSection\":[\"Not\\u00edcias\"],\"inLanguage\":\"pt-BR\",\"potentialAction\":[{\"@type\":\"CommentAction\",\"name\":\"Comment\",\"target\":[\"https:\/\/tribunadapraia.com.br\/?p=741#respond\"]}]},{\"@type\":\"Person\",\"@id\":\"https:\/\/tribunadapraia.com.br\/#\/schema\/person\/099fbbf59acc5895c0d7d52b4fc46c97\",\"name\":\"Reda\\u00e7\\u00e3o\",\"image\":{\"@type\":\"ImageObject\",\"@id\":\"https:\/\/tribunadapraia.com.br\/#personlogo\",\"inLanguage\":\"pt-BR\",\"url\":\"https:\/\/secure.gravatar.com\/avatar\/91c8b91d2bfd7784eac5c3e055361f64?s=96&d=identicon&r=g\",\"contentUrl\":\"https:\/\/secure.gravatar.com\/avatar\/91c8b91d2bfd7784eac5c3e055361f64?s=96&d=identicon&r=g\",\"caption\":\"Reda\\u00e7\\u00e3o\"}}]}<\/script>\n<!-- \/ Yoast SEO plugin. -->","wps_subtitle":"","_links":{"self":[{"href":"https:\/\/tribunadapraia.com.br\/index.php?rest_route=\/wp\/v2\/posts\/741"}],"collection":[{"href":"https:\/\/tribunadapraia.com.br\/index.php?rest_route=\/wp\/v2\/posts"}],"about":[{"href":"https:\/\/tribunadapraia.com.br\/index.php?rest_route=\/wp\/v2\/types\/post"}],"author":[{"embeddable":true,"href":"https:\/\/tribunadapraia.com.br\/index.php?rest_route=\/wp\/v2\/users\/3"}],"replies":[{"embeddable":true,"href":"https:\/\/tribunadapraia.com.br\/index.php?rest_route=%2Fwp%2Fv2%2Fcomments&post=741"}],"version-history":[{"count":1,"href":"https:\/\/tribunadapraia.com.br\/index.php?rest_route=\/wp\/v2\/posts\/741\/revisions"}],"predecessor-version":[{"id":742,"href":"https:\/\/tribunadapraia.com.br\/index.php?rest_route=\/wp\/v2\/posts\/741\/revisions\/742"}],"wp:featuredmedia":[{"embeddable":true,"href":"https:\/\/tribunadapraia.com.br\/index.php?rest_route=\/wp\/v2\/media\/557"}],"wp:attachment":[{"href":"https:\/\/tribunadapraia.com.br\/index.php?rest_route=%2Fwp%2Fv2%2Fmedia&parent=741"}],"wp:term":[{"taxonomy":"category","embeddable":true,"href":"https:\/\/tribunadapraia.com.br\/index.php?rest_route=%2Fwp%2Fv2%2Fcategories&post=741"},{"taxonomy":"post_tag","embeddable":true,"href":"https:\/\/tribunadapraia.com.br\/index.php?rest_route=%2Fwp%2Fv2%2Ftags&post=741"}],"curies":[{"name":"wp","href":"https:\/\/api.w.org\/{rel}","templated":true}]}}