{"id":734,"date":"2020-03-21T12:40:39","date_gmt":"2020-03-21T15:40:39","guid":{"rendered":"https:\/\/tribunadapraia.com.br\/?p=734"},"modified":"2020-03-21T12:47:36","modified_gmt":"2020-03-21T15:47:36","slug":"protecao-a-populacao-de-rua-o-que-sera-feito-para-as-criancas-e-adultos-em-situacao-de-rua-nao-contrar-o-novo-coronavirus-covid-19","status":"publish","type":"post","link":"https:\/\/tribunadapraia.com.br\/?p=734","title":{"rendered":"Prote\u00e7\u00e3o \u00e0 popula\u00e7\u00e3o de rua: O que ser\u00e1 feito para \u00e0s crian\u00e7as e adultos em situa\u00e7\u00e3o de rua n\u00e3o contrair o novo coronav\u00edrus (COVID-19)?"},"content":{"rendered":"<p>O Movimento Nacional de Meninos e Meninas de Rua \u2013 MNMMR vem a p\u00fablico demonstrar sua preocupa\u00e7\u00e3o frente ao atual momento que estamos vivendo, uma pandemia de coronav\u00edrus, e todas as autoridades brasileiras est\u00e3o tomando medidas para enfrentar a situa\u00e7\u00e3o. Mas, para nossa indigna\u00e7\u00e3o, nenhuma dessas medidas garantem prote\u00e7\u00e3o \u00e0s pessoas que est\u00e3o em situa\u00e7\u00e3o de rua, em especial as crian\u00e7as.<\/p>\n<p>FICAR ISOLADO EM CASA, como? Se eles est\u00e3o dormindo nas ruas.<br \/>\nLAVAR AS M\u00c3OS FREQUENTEMENTE, como? Se n\u00e3o existe nas ruas local adequado para isso.<br \/>\nUSAR \u00c1LCOOL EM GEL, como? Se eles n\u00e3o t\u00eam nem garantia de uma refei\u00e7\u00e3o por dia.<br \/>\nEVITAR CONTATO F\u00cdSICO, esse \u00e9 f\u00e1cil, para muitos eles n\u00e3o s\u00e3o percebidos ou simplesmente evitados diariamente.<\/p>\n<p>No Brasil existem cerca de 70 mil crian\u00e7as e adolescentes em situa\u00e7\u00e3o de rua (Vis\u00e3o Mundial\/2019) e 351 mil adultos est\u00e3o na mesma situa\u00e7\u00e3o (Censo SUAS\/2017). Se levarmos em considera\u00e7\u00e3o a atual pol\u00edtica econ\u00f4mica, os cortes nas pol\u00edticas sociais e a eleva\u00e7\u00e3o do desemprego, n\u00e3o \u00e9 dif\u00edcil perceber que a popula\u00e7\u00e3o em situa\u00e7\u00e3o de rua aumentou, que muitas fam\u00edlias e indiv\u00edduos foram empurrados \u00e0 viver das e nas ruas das grandes cidades.<\/p>\n<p>Como nenhuma das medidas adotadas at\u00e9 o momento \u00e9 geradora de cuidados para as pessoas em situa\u00e7\u00e3o de rua, estamos em d\u00favida: ou os governos n\u00e3o t\u00eam capacidade de formular a\u00e7\u00f5es preventivas para essa parcela da popula\u00e7\u00e3o ou os atuais governantes est\u00e3o conscientemente \u201clavando as m\u00e3os\u201d e deixando \u00e0 pr\u00f3pria sorte, para morrer, mais de 421 mil brasileiros e brasileiras que est\u00e3o fazendo da rua seu local de moradia e ou trabalho.<\/p>\n<p>Propomos \u00e0s autoridades constitu\u00eddas em car\u00e1ter de URG\u00caNCIA:<\/p>\n<p>1) Plano de preven\u00e7\u00e3o e combate ao Coronav\u00edrus\/COVID-19 para crian\u00e7as, adolescentes e adultos em situa\u00e7\u00e3o de rua;<br \/>\n2) Criar comit\u00ea de crise com participa\u00e7\u00e3o dos movimentos e organiza\u00e7\u00f5es sociais da Popula\u00e7\u00e3o em Situa\u00e7\u00e3o de Rua \u2013 POP Rua (crian\u00e7as e adultos), Minist\u00e9rio P\u00fablico, Defensoria P\u00fablica, Conselhos de Direitos, Conselho Tutelar e Poder Executivo, acompanhar, monitorar e controlar as a\u00e7\u00f5es de preven\u00e7\u00e3o e combate ao COVID-19;<br \/>\n2) Facilitar o acesso \u00e0s unidades de sa\u00fade, mesmo de quem est\u00e1 sem documentos;<br \/>\n3) Ampliar e criar a oferta dos servi\u00e7os de sa\u00fade e assist\u00eancia social na rua; garantir a vacina\u00e7\u00e3o contra a gripe; amplia\u00e7\u00e3o de vagas para abrigamento sem institucionalizar, para conseguir ader\u00eancia dos meninos e meninas em situa\u00e7\u00e3o de rua;<br \/>\n4) Ofertar acolhimento especializado para crian\u00e7as e adolescentes em situa\u00e7\u00e3o de rua (Resolu\u00e7\u00e3o Conjunta CNAS\/CONANDA N\u00ba 01\/2016);<br \/>\n5) Amplia\u00e7\u00e3o e cria\u00e7\u00e3o das equipes de aproxima\u00e7\u00e3o social nas ruas;<br \/>\n6) Ampliar, criar e orientar os Consult\u00f3rios de Ruas para atendimento a crian\u00e7a e adolescente em situa\u00e7\u00e3o de rua tamb\u00e9m;<br \/>\n7) Oferta de kit higiene(\u00e1lcool gel, m\u00e1scaras faciais de prote\u00e7\u00e3o descart\u00e1veis, material informativo, agua pot\u00e1vel), orienta\u00e7\u00e3o de como usar e alimenta\u00e7\u00e3o;<br \/>\n8) Informativo de preven\u00e7\u00e3o e combate ao COVID-19 direcionado a POP Rua (geracional);<br \/>\n9) Garantir acesso bolsa financeira para as crian\u00e7as e adolescentes que trabalham nas ruas; garantir oferta gratuita aos restaurantes populares;<br \/>\n10) Ampliar e disponibilizar espa\u00e7os p\u00fablicos para higieniza\u00e7\u00e3o, alimenta\u00e7\u00e3o e \u00e1gua pot\u00e1vel, al\u00e9m dos banheiros p\u00fablicos existentes, ofertar banheiros qu\u00edmicos;<br \/>\n11) Acabar com fila de inclus\u00e3o ao programa Bolsa Fam\u00edlia imediatamente;<br \/>\n12) Congresso Nacional deve revogar imediatamente a emenda constitucional 95 (PEC do Teto) e<br \/>\n13) N\u00e3o usar a preven\u00e7\u00e3o e combate a COVID-19 para aumentar a discrimina\u00e7\u00e3o, a\u00e7\u00f5es higienistas e interna\u00e7\u00e3o compuls\u00f3ria da pessoas em situa\u00e7\u00e3o de rua(s crian\u00e7as, adolescentes e adultos).<\/p>\n<p>Brasil, 18 de mar\u00e7o de 2020.<\/p>\n<p>Coordena\u00e7\u00e3o do MNMMR<\/p>\n","protected":false},"excerpt":{"rendered":"<p>O Movimento Nacional de Meninos e Meninas de Rua \u2013 MNMMR vem a p\u00fablico demonstrar sua preocupa\u00e7\u00e3o frente ao atual momento que estamos vivendo, uma pandemia de coronav\u00edrus, e todas as autoridades brasileiras est\u00e3o tomando medidas para enfrentar a situa\u00e7\u00e3o. Mas, para nossa indigna\u00e7\u00e3o, nenhuma dessas medidas garantem prote\u00e7\u00e3o \u00e0s pessoas que est\u00e3o em situa\u00e7\u00e3o de rua, em especial as crian\u00e7as. FICAR ISOLADO EM CASA, como? Se eles est\u00e3o dormindo<\/p>\n","protected":false},"author":3,"featured_media":735,"comment_status":"open","ping_status":"open","sticky":false,"template":"","format":"standard","meta":[],"categories":[18],"tags":[],"yoast_head":"<!-- This site is optimized with the Yoast SEO plugin v16.3 - https:\/\/yoast.com\/wordpress\/plugins\/seo\/ -->\n<title>Prote\u00e7\u00e3o \u00e0 popula\u00e7\u00e3o de rua: O que ser\u00e1 feito para \u00e0s crian\u00e7as e adultos em situa\u00e7\u00e3o de rua n\u00e3o contrair o novo coronav\u00edrus (COVID-19)? - TRIBUNA DA PRAIA<\/title>\n<meta name=\"robots\" content=\"index, follow, max-snippet:-1, max-image-preview:large, max-video-preview:-1\" \/>\n<link rel=\"canonical\" href=\"https:\/\/tribunadapraia.com.br\/?p=734\" \/>\n<meta property=\"og:locale\" content=\"pt_BR\" \/>\n<meta property=\"og:type\" content=\"article\" \/>\n<meta property=\"og:title\" content=\"Prote\u00e7\u00e3o \u00e0 popula\u00e7\u00e3o de rua: O que ser\u00e1 feito para \u00e0s crian\u00e7as e adultos em situa\u00e7\u00e3o de rua n\u00e3o contrair o novo coronav\u00edrus (COVID-19)? - TRIBUNA DA PRAIA\" \/>\n<meta property=\"og:description\" content=\"O Movimento Nacional de Meninos e Meninas de Rua \u2013 MNMMR vem a p\u00fablico demonstrar sua preocupa\u00e7\u00e3o frente ao atual momento que estamos vivendo, uma pandemia de coronav\u00edrus, e todas as autoridades brasileiras est\u00e3o tomando medidas para enfrentar a situa\u00e7\u00e3o. Mas, para nossa indigna\u00e7\u00e3o, nenhuma dessas medidas garantem prote\u00e7\u00e3o \u00e0s pessoas que est\u00e3o em situa\u00e7\u00e3o de rua, em especial as crian\u00e7as. FICAR ISOLADO EM CASA, como? Se eles est\u00e3o dormindo\" \/>\n<meta property=\"og:url\" content=\"https:\/\/tribunadapraia.com.br\/?p=734\" \/>\n<meta property=\"og:site_name\" content=\"TRIBUNA DA PRAIA\" \/>\n<meta property=\"article:publisher\" content=\"https:\/\/www.facebook.com\/tribunadapraiaonline\/\" \/>\n<meta property=\"article:published_time\" content=\"2020-03-21T15:40:39+00:00\" \/>\n<meta property=\"article:modified_time\" content=\"2020-03-21T15:47:36+00:00\" \/>\n<meta property=\"og:image\" content=\"https:\/\/tribunadapraia.com.br\/wp-content\/uploads\/2020\/03\/IMG-20200321-WA0156.jpg\" \/>\n\t<meta property=\"og:image:width\" content=\"317\" \/>\n\t<meta property=\"og:image:height\" content=\"317\" \/>\n<meta name=\"twitter:card\" content=\"summary_large_image\" \/>\n<meta name=\"twitter:creator\" content=\"@Claudomir21\" \/>\n<meta name=\"twitter:site\" content=\"@Claudomir21\" \/>\n<meta name=\"twitter:label1\" content=\"Est. tempo de leitura\">\n\t<meta name=\"twitter:data1\" content=\"3 minutos\">\n<script type=\"application\/ld+json\" class=\"yoast-schema-graph\">{\"@context\":\"https:\/\/schema.org\",\"@graph\":[{\"@type\":\"Organization\",\"@id\":\"https:\/\/tribunadapraia.com.br\/#organization\",\"name\":\"Tribuna da Praia\",\"url\":\"https:\/\/tribunadapraia.com.br\/\",\"sameAs\":[\"https:\/\/www.facebook.com\/tribunadapraiaonline\/\",\"https:\/\/www.instagram.com\/claudomirtavares\/\",\"https:\/\/www.youtube.com\/channel\/UCwQf80nxiMzCefAyjbp53Rw\",\"https:\/\/twitter.com\/Claudomir21\"],\"logo\":{\"@type\":\"ImageObject\",\"@id\":\"https:\/\/tribunadapraia.com.br\/#logo\",\"inLanguage\":\"pt-BR\",\"url\":\"https:\/\/tribunadapraia.com.br\/wp-content\/uploads\/2020\/02\/logo.png\",\"contentUrl\":\"https:\/\/tribunadapraia.com.br\/wp-content\/uploads\/2020\/02\/logo.png\",\"width\":501,\"height\":121,\"caption\":\"Tribuna da Praia\"},\"image\":{\"@id\":\"https:\/\/tribunadapraia.com.br\/#logo\"}},{\"@type\":\"WebSite\",\"@id\":\"https:\/\/tribunadapraia.com.br\/#website\",\"url\":\"https:\/\/tribunadapraia.com.br\/\",\"name\":\"TRIBUNA DA PRAIA\",\"description\":\"O 1\\u00ba jornal do interior de Sergipe na internet\",\"publisher\":{\"@id\":\"https:\/\/tribunadapraia.com.br\/#organization\"},\"potentialAction\":[{\"@type\":\"SearchAction\",\"target\":\"https:\/\/tribunadapraia.com.br\/?s={search_term_string}\",\"query-input\":\"required name=search_term_string\"}],\"inLanguage\":\"pt-BR\"},{\"@type\":\"ImageObject\",\"@id\":\"https:\/\/tribunadapraia.com.br\/?p=734#primaryimage\",\"inLanguage\":\"pt-BR\",\"url\":\"https:\/\/tribunadapraia.com.br\/wp-content\/uploads\/2020\/03\/IMG-20200321-WA0156.jpg\",\"contentUrl\":\"https:\/\/tribunadapraia.com.br\/wp-content\/uploads\/2020\/03\/IMG-20200321-WA0156.jpg\",\"width\":317,\"height\":317},{\"@type\":\"WebPage\",\"@id\":\"https:\/\/tribunadapraia.com.br\/?p=734#webpage\",\"url\":\"https:\/\/tribunadapraia.com.br\/?p=734\",\"name\":\"Prote\\u00e7\\u00e3o \\u00e0 popula\\u00e7\\u00e3o de rua: O que ser\\u00e1 feito para \\u00e0s crian\\u00e7as e adultos em situa\\u00e7\\u00e3o de rua n\\u00e3o contrair o novo coronav\\u00edrus (COVID-19)? - TRIBUNA DA PRAIA\",\"isPartOf\":{\"@id\":\"https:\/\/tribunadapraia.com.br\/#website\"},\"primaryImageOfPage\":{\"@id\":\"https:\/\/tribunadapraia.com.br\/?p=734#primaryimage\"},\"datePublished\":\"2020-03-21T15:40:39+00:00\",\"dateModified\":\"2020-03-21T15:47:36+00:00\",\"breadcrumb\":{\"@id\":\"https:\/\/tribunadapraia.com.br\/?p=734#breadcrumb\"},\"inLanguage\":\"pt-BR\",\"potentialAction\":[{\"@type\":\"ReadAction\",\"target\":[\"https:\/\/tribunadapraia.com.br\/?p=734\"]}]},{\"@type\":\"BreadcrumbList\",\"@id\":\"https:\/\/tribunadapraia.com.br\/?p=734#breadcrumb\",\"itemListElement\":[{\"@type\":\"ListItem\",\"position\":1,\"item\":{\"@type\":\"WebPage\",\"@id\":\"https:\/\/tribunadapraia.com.br\/\",\"url\":\"https:\/\/tribunadapraia.com.br\/\",\"name\":\"In\\u00edcio\"}},{\"@type\":\"ListItem\",\"position\":2,\"item\":{\"@id\":\"https:\/\/tribunadapraia.com.br\/?p=734#webpage\"}}]},{\"@type\":\"Article\",\"@id\":\"https:\/\/tribunadapraia.com.br\/?p=734#article\",\"isPartOf\":{\"@id\":\"https:\/\/tribunadapraia.com.br\/?p=734#webpage\"},\"author\":{\"@id\":\"https:\/\/tribunadapraia.com.br\/#\/schema\/person\/099fbbf59acc5895c0d7d52b4fc46c97\"},\"headline\":\"Prote\\u00e7\\u00e3o \\u00e0 popula\\u00e7\\u00e3o de rua: O que ser\\u00e1 feito para \\u00e0s crian\\u00e7as e adultos em situa\\u00e7\\u00e3o de rua n\\u00e3o contrair o novo coronav\\u00edrus (COVID-19)?\",\"datePublished\":\"2020-03-21T15:40:39+00:00\",\"dateModified\":\"2020-03-21T15:47:36+00:00\",\"mainEntityOfPage\":{\"@id\":\"https:\/\/tribunadapraia.com.br\/?p=734#webpage\"},\"wordCount\":686,\"commentCount\":0,\"publisher\":{\"@id\":\"https:\/\/tribunadapraia.com.br\/#organization\"},\"image\":{\"@id\":\"https:\/\/tribunadapraia.com.br\/?p=734#primaryimage\"},\"thumbnailUrl\":\"https:\/\/tribunadapraia.com.br\/wp-content\/uploads\/2020\/03\/IMG-20200321-WA0156.jpg\",\"articleSection\":[\"Not\\u00edcias\"],\"inLanguage\":\"pt-BR\",\"potentialAction\":[{\"@type\":\"CommentAction\",\"name\":\"Comment\",\"target\":[\"https:\/\/tribunadapraia.com.br\/?p=734#respond\"]}]},{\"@type\":\"Person\",\"@id\":\"https:\/\/tribunadapraia.com.br\/#\/schema\/person\/099fbbf59acc5895c0d7d52b4fc46c97\",\"name\":\"Reda\\u00e7\\u00e3o\",\"image\":{\"@type\":\"ImageObject\",\"@id\":\"https:\/\/tribunadapraia.com.br\/#personlogo\",\"inLanguage\":\"pt-BR\",\"url\":\"https:\/\/secure.gravatar.com\/avatar\/91c8b91d2bfd7784eac5c3e055361f64?s=96&d=identicon&r=g\",\"contentUrl\":\"https:\/\/secure.gravatar.com\/avatar\/91c8b91d2bfd7784eac5c3e055361f64?s=96&d=identicon&r=g\",\"caption\":\"Reda\\u00e7\\u00e3o\"}}]}<\/script>\n<!-- \/ Yoast SEO plugin. -->","wps_subtitle":"","_links":{"self":[{"href":"https:\/\/tribunadapraia.com.br\/index.php?rest_route=\/wp\/v2\/posts\/734"}],"collection":[{"href":"https:\/\/tribunadapraia.com.br\/index.php?rest_route=\/wp\/v2\/posts"}],"about":[{"href":"https:\/\/tribunadapraia.com.br\/index.php?rest_route=\/wp\/v2\/types\/post"}],"author":[{"embeddable":true,"href":"https:\/\/tribunadapraia.com.br\/index.php?rest_route=\/wp\/v2\/users\/3"}],"replies":[{"embeddable":true,"href":"https:\/\/tribunadapraia.com.br\/index.php?rest_route=%2Fwp%2Fv2%2Fcomments&post=734"}],"version-history":[{"count":2,"href":"https:\/\/tribunadapraia.com.br\/index.php?rest_route=\/wp\/v2\/posts\/734\/revisions"}],"predecessor-version":[{"id":737,"href":"https:\/\/tribunadapraia.com.br\/index.php?rest_route=\/wp\/v2\/posts\/734\/revisions\/737"}],"wp:featuredmedia":[{"embeddable":true,"href":"https:\/\/tribunadapraia.com.br\/index.php?rest_route=\/wp\/v2\/media\/735"}],"wp:attachment":[{"href":"https:\/\/tribunadapraia.com.br\/index.php?rest_route=%2Fwp%2Fv2%2Fmedia&parent=734"}],"wp:term":[{"taxonomy":"category","embeddable":true,"href":"https:\/\/tribunadapraia.com.br\/index.php?rest_route=%2Fwp%2Fv2%2Fcategories&post=734"},{"taxonomy":"post_tag","embeddable":true,"href":"https:\/\/tribunadapraia.com.br\/index.php?rest_route=%2Fwp%2Fv2%2Ftags&post=734"}],"curies":[{"name":"wp","href":"https:\/\/api.w.org\/{rel}","templated":true}]}}