{"id":712,"date":"2020-03-21T07:37:32","date_gmt":"2020-03-21T10:37:32","guid":{"rendered":"https:\/\/tribunadapraia.com.br\/?p=712"},"modified":"2020-03-21T07:37:32","modified_gmt":"2020-03-21T10:37:32","slug":"cdl-propria-informa-sobre-fechamento-do-comercio","status":"publish","type":"post","link":"https:\/\/tribunadapraia.com.br\/?p=712","title":{"rendered":"CDL\/Propri\u00e1 informa sobre fechamento do com\u00e9rcio"},"content":{"rendered":"<p>A C\u00e2mara de Dirigentes Lojistas de Propri\u00e1(CDL) informa aos seus associados e com\u00e9rcio em geral que, em virtude do decreto governamental que pro\u00edbe o funcionamento de v\u00e1rios segmentos produtivos a partir de s\u00e1bado, 21 de mar\u00e7o 2020.<\/p>\n<p>Com excess\u00e3o de Supermercados, postos de combust\u00edveis, Padarias, Mercearias, a\u00e7ougues, latic\u00ednios, farm\u00e1cias, feiras livres, g\u00eaneros aliment\u00edcios.<br \/>\nOs mesmos dever\u00e3o cumprir as orienta\u00e7\u00f5es, de modo a contribuir na preven\u00e7\u00e3o e combate ao coronav\u00edrus em nossa cidade.<\/p>\n<p>Apesar da medida trazer preju\u00edzos financeiros aos lojistas com consequ\u00eancias aos trabalhadores do com\u00e9rcio, \u201co avan\u00e7o do Covid-19 no Brasil nos preocupa e o fechamento tempor\u00e1rio para evitar a circula\u00e7\u00e3o de pessoas em pontos comerciais pode ser uma medida considerada preventiva para o bem de todos\u201d.<\/p>\n<p>A CDL Propri\u00e1 espera que Governos Estadual e Municipal fa\u00e7a a compensa\u00e7\u00f5es \u00e0s classes produtivas da cidade.<br \/>\nSobretudo no que diz respeito ao parcelamento de obriga\u00e7\u00f5es como os impostos mensais para que os empres\u00e1rios possam quitar suas d\u00edvidas at\u00e9 o reestabelecimento normal das atividades comerciais.<br \/>\nContamos com a compreens\u00e3o de todos .<br \/>\nE vamos mantendo a todos informados .<\/p>\n<p>Ascom &#8211; CDL\/Propri\u00e1<\/p>\n","protected":false},"excerpt":{"rendered":"<p>A C\u00e2mara de Dirigentes Lojistas de Propri\u00e1(CDL) informa aos seus associados e com\u00e9rcio em geral que, em virtude do decreto governamental que pro\u00edbe o funcionamento de v\u00e1rios segmentos produtivos a partir de s\u00e1bado, 21 de mar\u00e7o 2020. Com excess\u00e3o de Supermercados, postos de combust\u00edveis, Padarias, Mercearias, a\u00e7ougues, latic\u00ednios, farm\u00e1cias, feiras livres, g\u00eaneros aliment\u00edcios. Os mesmos dever\u00e3o cumprir as orienta\u00e7\u00f5es, de modo a contribuir na preven\u00e7\u00e3o e combate ao coronav\u00edrus em<\/p>\n","protected":false},"author":3,"featured_media":713,"comment_status":"open","ping_status":"open","sticky":false,"template":"","format":"standard","meta":[],"categories":[18],"tags":[],"yoast_head":"<!-- This site is optimized with the Yoast SEO plugin v16.3 - https:\/\/yoast.com\/wordpress\/plugins\/seo\/ -->\n<title>CDL\/Propri\u00e1 informa sobre fechamento do com\u00e9rcio - TRIBUNA DA PRAIA<\/title>\n<meta name=\"robots\" content=\"index, follow, max-snippet:-1, max-image-preview:large, max-video-preview:-1\" \/>\n<link rel=\"canonical\" href=\"https:\/\/tribunadapraia.com.br\/?p=712\" \/>\n<meta property=\"og:locale\" content=\"pt_BR\" \/>\n<meta property=\"og:type\" content=\"article\" \/>\n<meta property=\"og:title\" content=\"CDL\/Propri\u00e1 informa sobre fechamento do com\u00e9rcio - TRIBUNA DA PRAIA\" \/>\n<meta property=\"og:description\" content=\"A C\u00e2mara de Dirigentes Lojistas de Propri\u00e1(CDL) informa aos seus associados e com\u00e9rcio em geral que, em virtude do decreto governamental que pro\u00edbe o funcionamento de v\u00e1rios segmentos produtivos a partir de s\u00e1bado, 21 de mar\u00e7o 2020. Com excess\u00e3o de Supermercados, postos de combust\u00edveis, Padarias, Mercearias, a\u00e7ougues, latic\u00ednios, farm\u00e1cias, feiras livres, g\u00eaneros aliment\u00edcios. Os mesmos dever\u00e3o cumprir as orienta\u00e7\u00f5es, de modo a contribuir na preven\u00e7\u00e3o e combate ao coronav\u00edrus em\" \/>\n<meta property=\"og:url\" content=\"https:\/\/tribunadapraia.com.br\/?p=712\" \/>\n<meta property=\"og:site_name\" content=\"TRIBUNA DA PRAIA\" \/>\n<meta property=\"article:publisher\" content=\"https:\/\/www.facebook.com\/tribunadapraiaonline\/\" \/>\n<meta property=\"article:published_time\" content=\"2020-03-21T10:37:32+00:00\" \/>\n<meta property=\"og:image\" content=\"https:\/\/tribunadapraia.com.br\/wp-content\/uploads\/2020\/03\/IMG-20200321-WA0012.jpg\" \/>\n\t<meta property=\"og:image:width\" content=\"911\" \/>\n\t<meta property=\"og:image:height\" content=\"1280\" \/>\n<meta name=\"twitter:card\" content=\"summary_large_image\" \/>\n<meta name=\"twitter:creator\" content=\"@Claudomir21\" \/>\n<meta name=\"twitter:site\" content=\"@Claudomir21\" \/>\n<meta name=\"twitter:label1\" content=\"Est. tempo de leitura\">\n\t<meta name=\"twitter:data1\" content=\"1 minuto\">\n<script type=\"application\/ld+json\" class=\"yoast-schema-graph\">{\"@context\":\"https:\/\/schema.org\",\"@graph\":[{\"@type\":\"Organization\",\"@id\":\"https:\/\/tribunadapraia.com.br\/#organization\",\"name\":\"Tribuna da Praia\",\"url\":\"https:\/\/tribunadapraia.com.br\/\",\"sameAs\":[\"https:\/\/www.facebook.com\/tribunadapraiaonline\/\",\"https:\/\/www.instagram.com\/claudomirtavares\/\",\"https:\/\/www.youtube.com\/channel\/UCwQf80nxiMzCefAyjbp53Rw\",\"https:\/\/twitter.com\/Claudomir21\"],\"logo\":{\"@type\":\"ImageObject\",\"@id\":\"https:\/\/tribunadapraia.com.br\/#logo\",\"inLanguage\":\"pt-BR\",\"url\":\"https:\/\/tribunadapraia.com.br\/wp-content\/uploads\/2020\/02\/logo.png\",\"contentUrl\":\"https:\/\/tribunadapraia.com.br\/wp-content\/uploads\/2020\/02\/logo.png\",\"width\":501,\"height\":121,\"caption\":\"Tribuna da Praia\"},\"image\":{\"@id\":\"https:\/\/tribunadapraia.com.br\/#logo\"}},{\"@type\":\"WebSite\",\"@id\":\"https:\/\/tribunadapraia.com.br\/#website\",\"url\":\"https:\/\/tribunadapraia.com.br\/\",\"name\":\"TRIBUNA DA PRAIA\",\"description\":\"O 1\\u00ba jornal do interior de Sergipe na internet\",\"publisher\":{\"@id\":\"https:\/\/tribunadapraia.com.br\/#organization\"},\"potentialAction\":[{\"@type\":\"SearchAction\",\"target\":\"https:\/\/tribunadapraia.com.br\/?s={search_term_string}\",\"query-input\":\"required name=search_term_string\"}],\"inLanguage\":\"pt-BR\"},{\"@type\":\"ImageObject\",\"@id\":\"https:\/\/tribunadapraia.com.br\/?p=712#primaryimage\",\"inLanguage\":\"pt-BR\",\"url\":\"https:\/\/tribunadapraia.com.br\/wp-content\/uploads\/2020\/03\/IMG-20200321-WA0012.jpg\",\"contentUrl\":\"https:\/\/tribunadapraia.com.br\/wp-content\/uploads\/2020\/03\/IMG-20200321-WA0012.jpg\",\"width\":911,\"height\":1280},{\"@type\":\"WebPage\",\"@id\":\"https:\/\/tribunadapraia.com.br\/?p=712#webpage\",\"url\":\"https:\/\/tribunadapraia.com.br\/?p=712\",\"name\":\"CDL\/Propri\\u00e1 informa sobre fechamento do com\\u00e9rcio - TRIBUNA DA PRAIA\",\"isPartOf\":{\"@id\":\"https:\/\/tribunadapraia.com.br\/#website\"},\"primaryImageOfPage\":{\"@id\":\"https:\/\/tribunadapraia.com.br\/?p=712#primaryimage\"},\"datePublished\":\"2020-03-21T10:37:32+00:00\",\"dateModified\":\"2020-03-21T10:37:32+00:00\",\"breadcrumb\":{\"@id\":\"https:\/\/tribunadapraia.com.br\/?p=712#breadcrumb\"},\"inLanguage\":\"pt-BR\",\"potentialAction\":[{\"@type\":\"ReadAction\",\"target\":[\"https:\/\/tribunadapraia.com.br\/?p=712\"]}]},{\"@type\":\"BreadcrumbList\",\"@id\":\"https:\/\/tribunadapraia.com.br\/?p=712#breadcrumb\",\"itemListElement\":[{\"@type\":\"ListItem\",\"position\":1,\"item\":{\"@type\":\"WebPage\",\"@id\":\"https:\/\/tribunadapraia.com.br\/\",\"url\":\"https:\/\/tribunadapraia.com.br\/\",\"name\":\"In\\u00edcio\"}},{\"@type\":\"ListItem\",\"position\":2,\"item\":{\"@id\":\"https:\/\/tribunadapraia.com.br\/?p=712#webpage\"}}]},{\"@type\":\"Article\",\"@id\":\"https:\/\/tribunadapraia.com.br\/?p=712#article\",\"isPartOf\":{\"@id\":\"https:\/\/tribunadapraia.com.br\/?p=712#webpage\"},\"author\":{\"@id\":\"https:\/\/tribunadapraia.com.br\/#\/schema\/person\/099fbbf59acc5895c0d7d52b4fc46c97\"},\"headline\":\"CDL\/Propri\\u00e1 informa sobre fechamento do com\\u00e9rcio\",\"datePublished\":\"2020-03-21T10:37:32+00:00\",\"dateModified\":\"2020-03-21T10:37:32+00:00\",\"mainEntityOfPage\":{\"@id\":\"https:\/\/tribunadapraia.com.br\/?p=712#webpage\"},\"wordCount\":215,\"commentCount\":0,\"publisher\":{\"@id\":\"https:\/\/tribunadapraia.com.br\/#organization\"},\"image\":{\"@id\":\"https:\/\/tribunadapraia.com.br\/?p=712#primaryimage\"},\"thumbnailUrl\":\"https:\/\/tribunadapraia.com.br\/wp-content\/uploads\/2020\/03\/IMG-20200321-WA0012.jpg\",\"articleSection\":[\"Not\\u00edcias\"],\"inLanguage\":\"pt-BR\",\"potentialAction\":[{\"@type\":\"CommentAction\",\"name\":\"Comment\",\"target\":[\"https:\/\/tribunadapraia.com.br\/?p=712#respond\"]}]},{\"@type\":\"Person\",\"@id\":\"https:\/\/tribunadapraia.com.br\/#\/schema\/person\/099fbbf59acc5895c0d7d52b4fc46c97\",\"name\":\"Reda\\u00e7\\u00e3o\",\"image\":{\"@type\":\"ImageObject\",\"@id\":\"https:\/\/tribunadapraia.com.br\/#personlogo\",\"inLanguage\":\"pt-BR\",\"url\":\"https:\/\/secure.gravatar.com\/avatar\/91c8b91d2bfd7784eac5c3e055361f64?s=96&d=identicon&r=g\",\"contentUrl\":\"https:\/\/secure.gravatar.com\/avatar\/91c8b91d2bfd7784eac5c3e055361f64?s=96&d=identicon&r=g\",\"caption\":\"Reda\\u00e7\\u00e3o\"}}]}<\/script>\n<!-- \/ Yoast SEO plugin. -->","wps_subtitle":"","_links":{"self":[{"href":"https:\/\/tribunadapraia.com.br\/index.php?rest_route=\/wp\/v2\/posts\/712"}],"collection":[{"href":"https:\/\/tribunadapraia.com.br\/index.php?rest_route=\/wp\/v2\/posts"}],"about":[{"href":"https:\/\/tribunadapraia.com.br\/index.php?rest_route=\/wp\/v2\/types\/post"}],"author":[{"embeddable":true,"href":"https:\/\/tribunadapraia.com.br\/index.php?rest_route=\/wp\/v2\/users\/3"}],"replies":[{"embeddable":true,"href":"https:\/\/tribunadapraia.com.br\/index.php?rest_route=%2Fwp%2Fv2%2Fcomments&post=712"}],"version-history":[{"count":1,"href":"https:\/\/tribunadapraia.com.br\/index.php?rest_route=\/wp\/v2\/posts\/712\/revisions"}],"predecessor-version":[{"id":714,"href":"https:\/\/tribunadapraia.com.br\/index.php?rest_route=\/wp\/v2\/posts\/712\/revisions\/714"}],"wp:featuredmedia":[{"embeddable":true,"href":"https:\/\/tribunadapraia.com.br\/index.php?rest_route=\/wp\/v2\/media\/713"}],"wp:attachment":[{"href":"https:\/\/tribunadapraia.com.br\/index.php?rest_route=%2Fwp%2Fv2%2Fmedia&parent=712"}],"wp:term":[{"taxonomy":"category","embeddable":true,"href":"https:\/\/tribunadapraia.com.br\/index.php?rest_route=%2Fwp%2Fv2%2Fcategories&post=712"},{"taxonomy":"post_tag","embeddable":true,"href":"https:\/\/tribunadapraia.com.br\/index.php?rest_route=%2Fwp%2Fv2%2Ftags&post=712"}],"curies":[{"name":"wp","href":"https:\/\/api.w.org\/{rel}","templated":true}]}}