{"id":695,"date":"2020-03-21T04:53:44","date_gmt":"2020-03-21T07:53:44","guid":{"rendered":"https:\/\/tribunadapraia.com.br\/?p=695"},"modified":"2020-03-21T04:53:44","modified_gmt":"2020-03-21T07:53:44","slug":"claudomir-tavares-jacarecica-a-historia-de-um-povo","status":"publish","type":"post","link":"https:\/\/tribunadapraia.com.br\/?p=695","title":{"rendered":"CLAUDOMIR TAVARES: Jacarecica, a hist\u00f3ria de um povo"},"content":{"rendered":"<p style=\"padding-left: 40px; text-align: left;\">Claudomir Tavares da Silva[1]<br \/>\nAriovaldo Ant\u00f4nio Tadeu Lucas[2]<\/p>\n<p>I \u2013 INTRODU\u00c7\u00c3O<\/p>\n<p>A hist\u00f3ria das sociedades humanas, at\u00e9 hoje, gira em torno das perguntas que conseguimos formular, mas \u00e9 movida, principalmente, pelas respostas que conseguimos encontrar a estas indaga\u00e7\u00f5es. A ci\u00eancia, por sua vez, teima em se mostrar din\u00e2mica, introduzindo novos elementos a estas descobertas, constituindo-se numa simbiose perfeita, o que proporciona uma rela\u00e7\u00e3o cont\u00ednua fant\u00e1stica.<\/p>\n<p>Ao longo da hist\u00f3ria da humanidade, tem se verificado a op\u00e7\u00e3o dos povos, em todos os continentes da Terra buscaram ocupar terras banhadas por rios, principalmente aqueles mais caudalosos, em cujas margens formaram-se as condicionantes para a pr\u00e1tica de atividades que lhes proporcionem suas sobreviv\u00eancias.<\/p>\n<p>Em fun\u00e7\u00e3o desta presen\u00e7a humana, constitu\u00edram-se as grandes civiliza\u00e7\u00f5es da antiguidade, o que n\u00e3o se fez diferentes nos per\u00edodos subsequentes, dada abund\u00e2ncia de \u00e1gua para a pr\u00e1tica da atividade pesqueira, fertilidade dos solos, para a pr\u00e1tica da agricultura, as condi\u00e7\u00f5es favor\u00e1veis a navega\u00e7\u00e3o, elementos essenciais para a manuten\u00e7\u00e3o da vida na Terra.<\/p>\n<p>Estabelecendo um paralelo hist\u00f3rico, ao tempo em que resguardadas as necess\u00e1rias propor\u00e7\u00f5es, esta foi condi\u00e7\u00e3o adotada na ocupa\u00e7\u00e3o do territ\u00f3rio sergipano, notadamente onde est\u00e1 localizada o que convencionamos chamar de Bacia Hidrogr\u00e1fica do Rio Sergipe, onde atualmente est\u00e1 presente o maior contingente populacional do Estado, encontrando-se nela a Sub-Bacia do Rio Jacarecica, marcado pela presen\u00e7a de tr\u00eas barragens, integrada por cinco munic\u00edpios, a saber: Ribeir\u00f3polis, Itabaiana, Areia Branca, Malhador e Riachuelo.<\/p>\n<p>O Rio Jacarecica, que denomina a Sub-Bacia, nasce na regi\u00e3o da Terra Dura, em Ribeir\u00f3polis, e des\u00e1gua no Rio Sergipe, que estende a denomina\u00e7\u00e3o a bacia, na sede do munic\u00edpio de Riachuelo. Aqui, sem pretens\u00e3o de esgotar o tema, apresentar-se \u00e1 poss\u00edveis respostas as quest\u00f5es referentes \u00e0 \u00e1rea geogr\u00e1fica da sub-bacia hidrogr\u00e1fica, associando-a necessariamente aos desdobramentos mais significativos que caracterizaram a hist\u00f3ria de seu povo.<br \/>\n&#8212;&#8211;<br \/>\nContinuar lendo &#8211; http:\/\/tribunadapraia.blogspot.com\/2016\/04\/claudomir-tavares-jacarecica-historia.html?m=0<\/p>\n","protected":false},"excerpt":{"rendered":"<p>Claudomir Tavares da Silva[1] Ariovaldo Ant\u00f4nio Tadeu Lucas[2] I \u2013 INTRODU\u00c7\u00c3O A hist\u00f3ria das sociedades humanas, at\u00e9 hoje, gira em torno das perguntas que conseguimos formular, mas \u00e9 movida, principalmente, pelas respostas que conseguimos encontrar a estas indaga\u00e7\u00f5es. A ci\u00eancia, por sua vez, teima em se mostrar din\u00e2mica, introduzindo novos elementos a estas descobertas, constituindo-se numa simbiose perfeita, o que proporciona uma rela\u00e7\u00e3o cont\u00ednua fant\u00e1stica. Ao longo da hist\u00f3ria da<\/p>\n","protected":false},"author":3,"featured_media":696,"comment_status":"open","ping_status":"open","sticky":false,"template":"","format":"standard","meta":[],"categories":[18],"tags":[],"yoast_head":"<!-- This site is optimized with the Yoast SEO plugin v16.3 - https:\/\/yoast.com\/wordpress\/plugins\/seo\/ -->\n<title>CLAUDOMIR TAVARES: Jacarecica, a hist\u00f3ria de um povo - TRIBUNA DA PRAIA<\/title>\n<meta name=\"robots\" content=\"index, follow, max-snippet:-1, max-image-preview:large, max-video-preview:-1\" \/>\n<link rel=\"canonical\" href=\"https:\/\/tribunadapraia.com.br\/?p=695\" \/>\n<meta property=\"og:locale\" content=\"pt_BR\" \/>\n<meta property=\"og:type\" content=\"article\" \/>\n<meta property=\"og:title\" content=\"CLAUDOMIR TAVARES: Jacarecica, a hist\u00f3ria de um povo - TRIBUNA DA PRAIA\" \/>\n<meta property=\"og:description\" content=\"Claudomir Tavares da Silva[1] Ariovaldo Ant\u00f4nio Tadeu Lucas[2] I \u2013 INTRODU\u00c7\u00c3O A hist\u00f3ria das sociedades humanas, at\u00e9 hoje, gira em torno das perguntas que conseguimos formular, mas \u00e9 movida, principalmente, pelas respostas que conseguimos encontrar a estas indaga\u00e7\u00f5es. A ci\u00eancia, por sua vez, teima em se mostrar din\u00e2mica, introduzindo novos elementos a estas descobertas, constituindo-se numa simbiose perfeita, o que proporciona uma rela\u00e7\u00e3o cont\u00ednua fant\u00e1stica. Ao longo da hist\u00f3ria da\" \/>\n<meta property=\"og:url\" content=\"https:\/\/tribunadapraia.com.br\/?p=695\" \/>\n<meta property=\"og:site_name\" content=\"TRIBUNA DA PRAIA\" \/>\n<meta property=\"article:publisher\" content=\"https:\/\/www.facebook.com\/tribunadapraiaonline\/\" \/>\n<meta property=\"article:published_time\" content=\"2020-03-21T07:53:44+00:00\" \/>\n<meta property=\"og:image\" content=\"https:\/\/tribunadapraia.com.br\/wp-content\/uploads\/2020\/03\/IMG-20200321-WA0023.jpg\" \/>\n\t<meta property=\"og:image:width\" content=\"314\" \/>\n\t<meta property=\"og:image:height\" content=\"235\" \/>\n<meta name=\"twitter:card\" content=\"summary_large_image\" \/>\n<meta name=\"twitter:creator\" content=\"@Claudomir21\" \/>\n<meta name=\"twitter:site\" content=\"@Claudomir21\" \/>\n<meta name=\"twitter:label1\" content=\"Est. tempo de leitura\">\n\t<meta name=\"twitter:data1\" content=\"2 minutos\">\n<script type=\"application\/ld+json\" class=\"yoast-schema-graph\">{\"@context\":\"https:\/\/schema.org\",\"@graph\":[{\"@type\":\"Organization\",\"@id\":\"https:\/\/tribunadapraia.com.br\/#organization\",\"name\":\"Tribuna da Praia\",\"url\":\"https:\/\/tribunadapraia.com.br\/\",\"sameAs\":[\"https:\/\/www.facebook.com\/tribunadapraiaonline\/\",\"https:\/\/www.instagram.com\/claudomirtavares\/\",\"https:\/\/www.youtube.com\/channel\/UCwQf80nxiMzCefAyjbp53Rw\",\"https:\/\/twitter.com\/Claudomir21\"],\"logo\":{\"@type\":\"ImageObject\",\"@id\":\"https:\/\/tribunadapraia.com.br\/#logo\",\"inLanguage\":\"pt-BR\",\"url\":\"https:\/\/tribunadapraia.com.br\/wp-content\/uploads\/2020\/02\/logo.png\",\"contentUrl\":\"https:\/\/tribunadapraia.com.br\/wp-content\/uploads\/2020\/02\/logo.png\",\"width\":501,\"height\":121,\"caption\":\"Tribuna da Praia\"},\"image\":{\"@id\":\"https:\/\/tribunadapraia.com.br\/#logo\"}},{\"@type\":\"WebSite\",\"@id\":\"https:\/\/tribunadapraia.com.br\/#website\",\"url\":\"https:\/\/tribunadapraia.com.br\/\",\"name\":\"TRIBUNA DA PRAIA\",\"description\":\"O 1\\u00ba jornal do interior de Sergipe na internet\",\"publisher\":{\"@id\":\"https:\/\/tribunadapraia.com.br\/#organization\"},\"potentialAction\":[{\"@type\":\"SearchAction\",\"target\":\"https:\/\/tribunadapraia.com.br\/?s={search_term_string}\",\"query-input\":\"required name=search_term_string\"}],\"inLanguage\":\"pt-BR\"},{\"@type\":\"ImageObject\",\"@id\":\"https:\/\/tribunadapraia.com.br\/?p=695#primaryimage\",\"inLanguage\":\"pt-BR\",\"url\":\"https:\/\/tribunadapraia.com.br\/wp-content\/uploads\/2020\/03\/IMG-20200321-WA0023.jpg\",\"contentUrl\":\"https:\/\/tribunadapraia.com.br\/wp-content\/uploads\/2020\/03\/IMG-20200321-WA0023.jpg\",\"width\":314,\"height\":235},{\"@type\":\"WebPage\",\"@id\":\"https:\/\/tribunadapraia.com.br\/?p=695#webpage\",\"url\":\"https:\/\/tribunadapraia.com.br\/?p=695\",\"name\":\"CLAUDOMIR TAVARES: Jacarecica, a hist\\u00f3ria de um povo - TRIBUNA DA PRAIA\",\"isPartOf\":{\"@id\":\"https:\/\/tribunadapraia.com.br\/#website\"},\"primaryImageOfPage\":{\"@id\":\"https:\/\/tribunadapraia.com.br\/?p=695#primaryimage\"},\"datePublished\":\"2020-03-21T07:53:44+00:00\",\"dateModified\":\"2020-03-21T07:53:44+00:00\",\"breadcrumb\":{\"@id\":\"https:\/\/tribunadapraia.com.br\/?p=695#breadcrumb\"},\"inLanguage\":\"pt-BR\",\"potentialAction\":[{\"@type\":\"ReadAction\",\"target\":[\"https:\/\/tribunadapraia.com.br\/?p=695\"]}]},{\"@type\":\"BreadcrumbList\",\"@id\":\"https:\/\/tribunadapraia.com.br\/?p=695#breadcrumb\",\"itemListElement\":[{\"@type\":\"ListItem\",\"position\":1,\"item\":{\"@type\":\"WebPage\",\"@id\":\"https:\/\/tribunadapraia.com.br\/\",\"url\":\"https:\/\/tribunadapraia.com.br\/\",\"name\":\"In\\u00edcio\"}},{\"@type\":\"ListItem\",\"position\":2,\"item\":{\"@id\":\"https:\/\/tribunadapraia.com.br\/?p=695#webpage\"}}]},{\"@type\":\"Article\",\"@id\":\"https:\/\/tribunadapraia.com.br\/?p=695#article\",\"isPartOf\":{\"@id\":\"https:\/\/tribunadapraia.com.br\/?p=695#webpage\"},\"author\":{\"@id\":\"https:\/\/tribunadapraia.com.br\/#\/schema\/person\/099fbbf59acc5895c0d7d52b4fc46c97\"},\"headline\":\"CLAUDOMIR TAVARES: Jacarecica, a hist\\u00f3ria de um povo\",\"datePublished\":\"2020-03-21T07:53:44+00:00\",\"dateModified\":\"2020-03-21T07:53:44+00:00\",\"mainEntityOfPage\":{\"@id\":\"https:\/\/tribunadapraia.com.br\/?p=695#webpage\"},\"wordCount\":362,\"commentCount\":0,\"publisher\":{\"@id\":\"https:\/\/tribunadapraia.com.br\/#organization\"},\"image\":{\"@id\":\"https:\/\/tribunadapraia.com.br\/?p=695#primaryimage\"},\"thumbnailUrl\":\"https:\/\/tribunadapraia.com.br\/wp-content\/uploads\/2020\/03\/IMG-20200321-WA0023.jpg\",\"articleSection\":[\"Not\\u00edcias\"],\"inLanguage\":\"pt-BR\",\"potentialAction\":[{\"@type\":\"CommentAction\",\"name\":\"Comment\",\"target\":[\"https:\/\/tribunadapraia.com.br\/?p=695#respond\"]}]},{\"@type\":\"Person\",\"@id\":\"https:\/\/tribunadapraia.com.br\/#\/schema\/person\/099fbbf59acc5895c0d7d52b4fc46c97\",\"name\":\"Reda\\u00e7\\u00e3o\",\"image\":{\"@type\":\"ImageObject\",\"@id\":\"https:\/\/tribunadapraia.com.br\/#personlogo\",\"inLanguage\":\"pt-BR\",\"url\":\"https:\/\/secure.gravatar.com\/avatar\/91c8b91d2bfd7784eac5c3e055361f64?s=96&d=identicon&r=g\",\"contentUrl\":\"https:\/\/secure.gravatar.com\/avatar\/91c8b91d2bfd7784eac5c3e055361f64?s=96&d=identicon&r=g\",\"caption\":\"Reda\\u00e7\\u00e3o\"}}]}<\/script>\n<!-- \/ Yoast SEO plugin. -->","wps_subtitle":"","_links":{"self":[{"href":"https:\/\/tribunadapraia.com.br\/index.php?rest_route=\/wp\/v2\/posts\/695"}],"collection":[{"href":"https:\/\/tribunadapraia.com.br\/index.php?rest_route=\/wp\/v2\/posts"}],"about":[{"href":"https:\/\/tribunadapraia.com.br\/index.php?rest_route=\/wp\/v2\/types\/post"}],"author":[{"embeddable":true,"href":"https:\/\/tribunadapraia.com.br\/index.php?rest_route=\/wp\/v2\/users\/3"}],"replies":[{"embeddable":true,"href":"https:\/\/tribunadapraia.com.br\/index.php?rest_route=%2Fwp%2Fv2%2Fcomments&post=695"}],"version-history":[{"count":1,"href":"https:\/\/tribunadapraia.com.br\/index.php?rest_route=\/wp\/v2\/posts\/695\/revisions"}],"predecessor-version":[{"id":697,"href":"https:\/\/tribunadapraia.com.br\/index.php?rest_route=\/wp\/v2\/posts\/695\/revisions\/697"}],"wp:featuredmedia":[{"embeddable":true,"href":"https:\/\/tribunadapraia.com.br\/index.php?rest_route=\/wp\/v2\/media\/696"}],"wp:attachment":[{"href":"https:\/\/tribunadapraia.com.br\/index.php?rest_route=%2Fwp%2Fv2%2Fmedia&parent=695"}],"wp:term":[{"taxonomy":"category","embeddable":true,"href":"https:\/\/tribunadapraia.com.br\/index.php?rest_route=%2Fwp%2Fv2%2Fcategories&post=695"},{"taxonomy":"post_tag","embeddable":true,"href":"https:\/\/tribunadapraia.com.br\/index.php?rest_route=%2Fwp%2Fv2%2Ftags&post=695"}],"curies":[{"name":"wp","href":"https:\/\/api.w.org\/{rel}","templated":true}]}}