{"id":683,"date":"2020-03-20T18:27:27","date_gmt":"2020-03-20T21:27:27","guid":{"rendered":"https:\/\/tribunadapraia.com.br\/?p=683"},"modified":"2020-03-20T18:27:27","modified_gmt":"2020-03-20T21:27:27","slug":"sergipe-em-tempos-de-colera-por-antonio-samarone","status":"publish","type":"post","link":"https:\/\/tribunadapraia.com.br\/?p=683","title":{"rendered":"Sergipe, em tempos de C\u00f3lera. (por Antonio Samarone)"},"content":{"rendered":"<p>Em 14 de fevereiro de 1850, para combater a febre amarela, o Ministro do Imp\u00e9rio mandou acender grandes fogueiras, desinfetar os navios, realizar quarentena, ter cuidados especiais com os enterros e vel\u00f3rios, aterramento de valas e limpeza de esgotos.<\/p>\n<p>Proibiu enterros afastados das cidades, publica\u00e7\u00f5es de obitu\u00e1rios, encomenda\u00e7\u00f5es em igrejas e sinos f\u00fanebres.<\/p>\n<p>S\u00f3 a morte n\u00e3o foi proibida.<\/p>\n<p>O Ministro proibiu a prostitui\u00e7\u00e3o e o funcionamento de casas noturnas. Mandou fechar os cabar\u00e9s (o baixo meretr\u00edcio) e prender gigol\u00f4s e cafetinas.<\/p>\n<p>O Ministro do Imp\u00e9rio ainda recomendou sangrias, vesicat\u00f3rios sobre o epig\u00e1strio, pedil\u00favios, sanguessugas, clister, purgativos e sulfato de quinina.<\/p>\n<p>A hist\u00f3ria se repete.<\/p>\n<p>O governador de Sergipe mandou proibir por sete dias: eventos, reuni\u00f5es, excurs\u00f5es, cursos presenciais, missas e cultos de qualquer credo ou religi\u00e3o; mandou fechar academias, shopping centers, galerias, boutiques, clubes, boates, casas de espet\u00e1culos, sal\u00e3o de beleza, cl\u00ednicas de est\u00e9tica, sa\u00fade bucal\/odontol\u00f3gica e o com\u00e9rcio em geral.<\/p>\n<p>Sete dias \u00e9 um prazo cabal\u00edstico.<\/p>\n<p>A partir de segunda-feira, dia 23\/03, o governador mandou fechar as fronteiras. Ningu\u00e9m entra e ningu\u00e9m sai de Sergipe por transporte rodovi\u00e1rio. N\u00e3o entendi se de ve\u00edculo particular pode.<\/p>\n<p>Navio de fora n\u00e3o pode atracar em nossos portos. (Essa medida foi tomada durante a Pandemia de C\u00f3lera de 1855, em Sergipe. Na \u00e9poca, foi desastrosa. Levou ao desabastecimento).<\/p>\n<p>A partir de segunda-feira, Sergipe vai estar de cancela fechada.<br \/>\nO governador determinou tamb\u00e9m que transporte coletivo, p\u00fablico e privado, urbano e rural, municipal e intermunicipal, em todo o territ\u00f3rio do Estado, s\u00f3 roda com passageiros sentados. Ningu\u00e9m viaja em p\u00e9.<\/p>\n<p>N\u00e3o entendi por que o cidad\u00e3o sentado, est\u00e1 mais protegido do que em p\u00e9.<\/p>\n<p>Sua excel\u00eancia ainda determinou que, restaurantes, bares e lanchonetes utilizem apenas o sistema de delivery.<\/p>\n<p>Ficaram de fora das proibi\u00e7\u00f5es imperiais: servi\u00e7os de \u00e1gua, energia el\u00e9trica, g\u00e1s e combust\u00edveis. Estabelecimentos m\u00e9dicos e hospitalares. Laborat\u00f3rios de an\u00e1lises cl\u00ednicas; farm\u00e1cias; servi\u00e7os psicol\u00f3gicos; cl\u00ednicas de fisioterapia e de vacina\u00e7\u00e3o; a\u00e7ougues; supermercados; mercados; feiras e mercearias. Funer\u00e1rias e cemit\u00e9rios. Servi\u00e7os de esgoto e lixo; telecomunica\u00e7\u00f5es; processamento de dados; seguran\u00e7a privada e imprensa.<\/p>\n<p>Miserere nobis.<\/p>\n<p>Antonio Samarone.<\/p>\n","protected":false},"excerpt":{"rendered":"<p>Em 14 de fevereiro de 1850, para combater a febre amarela, o Ministro do Imp\u00e9rio mandou acender grandes fogueiras, desinfetar os navios, realizar quarentena, ter cuidados especiais com os enterros e vel\u00f3rios, aterramento de valas e limpeza de esgotos. Proibiu enterros afastados das cidades, publica\u00e7\u00f5es de obitu\u00e1rios, encomenda\u00e7\u00f5es em igrejas e sinos f\u00fanebres. S\u00f3 a morte n\u00e3o foi proibida. O Ministro proibiu a prostitui\u00e7\u00e3o e o funcionamento de casas noturnas.<\/p>\n","protected":false},"author":3,"featured_media":684,"comment_status":"open","ping_status":"open","sticky":false,"template":"","format":"standard","meta":[],"categories":[18],"tags":[],"yoast_head":"<!-- This site is optimized with the Yoast SEO plugin v16.3 - https:\/\/yoast.com\/wordpress\/plugins\/seo\/ -->\n<title>Sergipe, em tempos de C\u00f3lera. (por Antonio Samarone) - TRIBUNA DA PRAIA<\/title>\n<meta name=\"robots\" content=\"index, follow, max-snippet:-1, max-image-preview:large, max-video-preview:-1\" \/>\n<link rel=\"canonical\" href=\"https:\/\/tribunadapraia.com.br\/?p=683\" \/>\n<meta property=\"og:locale\" content=\"pt_BR\" \/>\n<meta property=\"og:type\" content=\"article\" \/>\n<meta property=\"og:title\" content=\"Sergipe, em tempos de C\u00f3lera. (por Antonio Samarone) - TRIBUNA DA PRAIA\" \/>\n<meta property=\"og:description\" content=\"Em 14 de fevereiro de 1850, para combater a febre amarela, o Ministro do Imp\u00e9rio mandou acender grandes fogueiras, desinfetar os navios, realizar quarentena, ter cuidados especiais com os enterros e vel\u00f3rios, aterramento de valas e limpeza de esgotos. Proibiu enterros afastados das cidades, publica\u00e7\u00f5es de obitu\u00e1rios, encomenda\u00e7\u00f5es em igrejas e sinos f\u00fanebres. S\u00f3 a morte n\u00e3o foi proibida. O Ministro proibiu a prostitui\u00e7\u00e3o e o funcionamento de casas noturnas.\" \/>\n<meta property=\"og:url\" content=\"https:\/\/tribunadapraia.com.br\/?p=683\" \/>\n<meta property=\"og:site_name\" content=\"TRIBUNA DA PRAIA\" \/>\n<meta property=\"article:publisher\" content=\"https:\/\/www.facebook.com\/tribunadapraiaonline\/\" \/>\n<meta property=\"article:published_time\" content=\"2020-03-20T21:27:27+00:00\" \/>\n<meta property=\"og:image\" content=\"https:\/\/tribunadapraia.com.br\/wp-content\/uploads\/2020\/03\/ce94fbbc-bce4-4f96-9c87-c786f829c053_cd50ddb0e8f18628c1737c.jpeg\" \/>\n\t<meta property=\"og:image:width\" content=\"899\" \/>\n\t<meta property=\"og:image:height\" content=\"600\" \/>\n<meta name=\"twitter:card\" content=\"summary_large_image\" \/>\n<meta name=\"twitter:creator\" content=\"@Claudomir21\" \/>\n<meta name=\"twitter:site\" content=\"@Claudomir21\" \/>\n<meta name=\"twitter:label1\" content=\"Est. tempo de leitura\">\n\t<meta name=\"twitter:data1\" content=\"2 minutos\">\n<script type=\"application\/ld+json\" class=\"yoast-schema-graph\">{\"@context\":\"https:\/\/schema.org\",\"@graph\":[{\"@type\":\"Organization\",\"@id\":\"https:\/\/tribunadapraia.com.br\/#organization\",\"name\":\"Tribuna da Praia\",\"url\":\"https:\/\/tribunadapraia.com.br\/\",\"sameAs\":[\"https:\/\/www.facebook.com\/tribunadapraiaonline\/\",\"https:\/\/www.instagram.com\/claudomirtavares\/\",\"https:\/\/www.youtube.com\/channel\/UCwQf80nxiMzCefAyjbp53Rw\",\"https:\/\/twitter.com\/Claudomir21\"],\"logo\":{\"@type\":\"ImageObject\",\"@id\":\"https:\/\/tribunadapraia.com.br\/#logo\",\"inLanguage\":\"pt-BR\",\"url\":\"https:\/\/tribunadapraia.com.br\/wp-content\/uploads\/2020\/02\/logo.png\",\"contentUrl\":\"https:\/\/tribunadapraia.com.br\/wp-content\/uploads\/2020\/02\/logo.png\",\"width\":501,\"height\":121,\"caption\":\"Tribuna da Praia\"},\"image\":{\"@id\":\"https:\/\/tribunadapraia.com.br\/#logo\"}},{\"@type\":\"WebSite\",\"@id\":\"https:\/\/tribunadapraia.com.br\/#website\",\"url\":\"https:\/\/tribunadapraia.com.br\/\",\"name\":\"TRIBUNA DA PRAIA\",\"description\":\"O 1\\u00ba jornal do interior de Sergipe na internet\",\"publisher\":{\"@id\":\"https:\/\/tribunadapraia.com.br\/#organization\"},\"potentialAction\":[{\"@type\":\"SearchAction\",\"target\":\"https:\/\/tribunadapraia.com.br\/?s={search_term_string}\",\"query-input\":\"required name=search_term_string\"}],\"inLanguage\":\"pt-BR\"},{\"@type\":\"ImageObject\",\"@id\":\"https:\/\/tribunadapraia.com.br\/?p=683#primaryimage\",\"inLanguage\":\"pt-BR\",\"url\":\"https:\/\/tribunadapraia.com.br\/wp-content\/uploads\/2020\/03\/ce94fbbc-bce4-4f96-9c87-c786f829c053_cd50ddb0e8f18628c1737c.jpeg\",\"contentUrl\":\"https:\/\/tribunadapraia.com.br\/wp-content\/uploads\/2020\/03\/ce94fbbc-bce4-4f96-9c87-c786f829c053_cd50ddb0e8f18628c1737c.jpeg\",\"width\":899,\"height\":600},{\"@type\":\"WebPage\",\"@id\":\"https:\/\/tribunadapraia.com.br\/?p=683#webpage\",\"url\":\"https:\/\/tribunadapraia.com.br\/?p=683\",\"name\":\"Sergipe, em tempos de C\\u00f3lera. (por Antonio Samarone) - TRIBUNA DA PRAIA\",\"isPartOf\":{\"@id\":\"https:\/\/tribunadapraia.com.br\/#website\"},\"primaryImageOfPage\":{\"@id\":\"https:\/\/tribunadapraia.com.br\/?p=683#primaryimage\"},\"datePublished\":\"2020-03-20T21:27:27+00:00\",\"dateModified\":\"2020-03-20T21:27:27+00:00\",\"breadcrumb\":{\"@id\":\"https:\/\/tribunadapraia.com.br\/?p=683#breadcrumb\"},\"inLanguage\":\"pt-BR\",\"potentialAction\":[{\"@type\":\"ReadAction\",\"target\":[\"https:\/\/tribunadapraia.com.br\/?p=683\"]}]},{\"@type\":\"BreadcrumbList\",\"@id\":\"https:\/\/tribunadapraia.com.br\/?p=683#breadcrumb\",\"itemListElement\":[{\"@type\":\"ListItem\",\"position\":1,\"item\":{\"@type\":\"WebPage\",\"@id\":\"https:\/\/tribunadapraia.com.br\/\",\"url\":\"https:\/\/tribunadapraia.com.br\/\",\"name\":\"In\\u00edcio\"}},{\"@type\":\"ListItem\",\"position\":2,\"item\":{\"@id\":\"https:\/\/tribunadapraia.com.br\/?p=683#webpage\"}}]},{\"@type\":\"Article\",\"@id\":\"https:\/\/tribunadapraia.com.br\/?p=683#article\",\"isPartOf\":{\"@id\":\"https:\/\/tribunadapraia.com.br\/?p=683#webpage\"},\"author\":{\"@id\":\"https:\/\/tribunadapraia.com.br\/#\/schema\/person\/099fbbf59acc5895c0d7d52b4fc46c97\"},\"headline\":\"Sergipe, em tempos de C\\u00f3lera. (por Antonio Samarone)\",\"datePublished\":\"2020-03-20T21:27:27+00:00\",\"dateModified\":\"2020-03-20T21:27:27+00:00\",\"mainEntityOfPage\":{\"@id\":\"https:\/\/tribunadapraia.com.br\/?p=683#webpage\"},\"wordCount\":409,\"commentCount\":0,\"publisher\":{\"@id\":\"https:\/\/tribunadapraia.com.br\/#organization\"},\"image\":{\"@id\":\"https:\/\/tribunadapraia.com.br\/?p=683#primaryimage\"},\"thumbnailUrl\":\"https:\/\/tribunadapraia.com.br\/wp-content\/uploads\/2020\/03\/ce94fbbc-bce4-4f96-9c87-c786f829c053_cd50ddb0e8f18628c1737c.jpeg\",\"articleSection\":[\"Not\\u00edcias\"],\"inLanguage\":\"pt-BR\",\"potentialAction\":[{\"@type\":\"CommentAction\",\"name\":\"Comment\",\"target\":[\"https:\/\/tribunadapraia.com.br\/?p=683#respond\"]}]},{\"@type\":\"Person\",\"@id\":\"https:\/\/tribunadapraia.com.br\/#\/schema\/person\/099fbbf59acc5895c0d7d52b4fc46c97\",\"name\":\"Reda\\u00e7\\u00e3o\",\"image\":{\"@type\":\"ImageObject\",\"@id\":\"https:\/\/tribunadapraia.com.br\/#personlogo\",\"inLanguage\":\"pt-BR\",\"url\":\"https:\/\/secure.gravatar.com\/avatar\/91c8b91d2bfd7784eac5c3e055361f64?s=96&d=identicon&r=g\",\"contentUrl\":\"https:\/\/secure.gravatar.com\/avatar\/91c8b91d2bfd7784eac5c3e055361f64?s=96&d=identicon&r=g\",\"caption\":\"Reda\\u00e7\\u00e3o\"}}]}<\/script>\n<!-- \/ Yoast SEO plugin. -->","wps_subtitle":"","_links":{"self":[{"href":"https:\/\/tribunadapraia.com.br\/index.php?rest_route=\/wp\/v2\/posts\/683"}],"collection":[{"href":"https:\/\/tribunadapraia.com.br\/index.php?rest_route=\/wp\/v2\/posts"}],"about":[{"href":"https:\/\/tribunadapraia.com.br\/index.php?rest_route=\/wp\/v2\/types\/post"}],"author":[{"embeddable":true,"href":"https:\/\/tribunadapraia.com.br\/index.php?rest_route=\/wp\/v2\/users\/3"}],"replies":[{"embeddable":true,"href":"https:\/\/tribunadapraia.com.br\/index.php?rest_route=%2Fwp%2Fv2%2Fcomments&post=683"}],"version-history":[{"count":1,"href":"https:\/\/tribunadapraia.com.br\/index.php?rest_route=\/wp\/v2\/posts\/683\/revisions"}],"predecessor-version":[{"id":685,"href":"https:\/\/tribunadapraia.com.br\/index.php?rest_route=\/wp\/v2\/posts\/683\/revisions\/685"}],"wp:featuredmedia":[{"embeddable":true,"href":"https:\/\/tribunadapraia.com.br\/index.php?rest_route=\/wp\/v2\/media\/684"}],"wp:attachment":[{"href":"https:\/\/tribunadapraia.com.br\/index.php?rest_route=%2Fwp%2Fv2%2Fmedia&parent=683"}],"wp:term":[{"taxonomy":"category","embeddable":true,"href":"https:\/\/tribunadapraia.com.br\/index.php?rest_route=%2Fwp%2Fv2%2Fcategories&post=683"},{"taxonomy":"post_tag","embeddable":true,"href":"https:\/\/tribunadapraia.com.br\/index.php?rest_route=%2Fwp%2Fv2%2Ftags&post=683"}],"curies":[{"name":"wp","href":"https:\/\/api.w.org\/{rel}","templated":true}]}}