{"id":677,"date":"2020-03-20T11:19:42","date_gmt":"2020-03-20T14:19:42","guid":{"rendered":"https:\/\/tribunadapraia.com.br\/?p=677"},"modified":"2020-03-20T11:19:42","modified_gmt":"2020-03-20T14:19:42","slug":"a-caminho-jucy-tavares-estara-se-filiando-ao-partido-dos-trabalhadores-e-se-habilitando-para-disputar-as-eleicoes-2020","status":"publish","type":"post","link":"https:\/\/tribunadapraia.com.br\/?p=677","title":{"rendered":"A CAMINHO: Jucy Tavares estar\u00e1 se filiando ao Partido dos Trabalhadores e se habilitando para disputar \u00e0s elei\u00e7\u00f5es 2020"},"content":{"rendered":"<p>A professora, arte-educadora e consultora pedag\u00f3gica Jucileide Tavares (foto) estar\u00e1 se filiando nos pr\u00f3ximos dias ao Partido dos Trabalhadores (PT). Militante dos movimentos sociais, sindicalista, ativista cultural e ambiental, comunicadora popular \u00e1reas em que tem se especializado na academia e \u00e0s executando no cotidiano das lutas populares, Jucy tem se destacado na defesa dos interesses coletivos da popula\u00e7\u00e3o dos vales do Cotinguiba e Japaratuba, das suas reivindica\u00e7\u00f5es hist\u00f3ricas e imediatas.<\/p>\n<p>Questionada sobre sua participa\u00e7\u00e3o nas elei\u00e7\u00f5es 2020, ap\u00f3s enquete que a colocou em terceiro lugar como pr\u00e9-candidata a prefeita de Pirambu pela oposi\u00e7\u00e3o, ela disse que caber\u00e1 ao PT a defini\u00e7\u00e3o da sua tarefa pol\u00edtica a partir do seu ingresso no partido que &#8220;\u00e9 o maior patrim\u00f4nio pol\u00edtico do povo brasileiro&#8221;, disse.<\/p>\n<p>por Reda\u00e7\u00e3o<\/p>\n","protected":false},"excerpt":{"rendered":"<p>A professora, arte-educadora e consultora pedag\u00f3gica Jucileide Tavares (foto) estar\u00e1 se filiando nos pr\u00f3ximos dias ao Partido dos Trabalhadores (PT). Militante dos movimentos sociais, sindicalista, ativista cultural e ambiental, comunicadora popular \u00e1reas em que tem se especializado na academia e \u00e0s executando no cotidiano das lutas populares, Jucy tem se destacado na defesa dos interesses coletivos da popula\u00e7\u00e3o dos vales do Cotinguiba e Japaratuba, das suas reivindica\u00e7\u00f5es hist\u00f3ricas e imediatas.<\/p>\n","protected":false},"author":3,"featured_media":678,"comment_status":"open","ping_status":"open","sticky":false,"template":"","format":"standard","meta":[],"categories":[18],"tags":[],"yoast_head":"<!-- This site is optimized with the Yoast SEO plugin v16.3 - https:\/\/yoast.com\/wordpress\/plugins\/seo\/ -->\n<title>A CAMINHO: Jucy Tavares estar\u00e1 se filiando ao Partido dos Trabalhadores e se habilitando para disputar \u00e0s elei\u00e7\u00f5es 2020 - TRIBUNA DA PRAIA<\/title>\n<meta name=\"robots\" content=\"index, follow, max-snippet:-1, max-image-preview:large, max-video-preview:-1\" \/>\n<link rel=\"canonical\" href=\"https:\/\/tribunadapraia.com.br\/?p=677\" \/>\n<meta property=\"og:locale\" content=\"pt_BR\" \/>\n<meta property=\"og:type\" content=\"article\" \/>\n<meta property=\"og:title\" content=\"A CAMINHO: Jucy Tavares estar\u00e1 se filiando ao Partido dos Trabalhadores e se habilitando para disputar \u00e0s elei\u00e7\u00f5es 2020 - TRIBUNA DA PRAIA\" \/>\n<meta property=\"og:description\" content=\"A professora, arte-educadora e consultora pedag\u00f3gica Jucileide Tavares (foto) estar\u00e1 se filiando nos pr\u00f3ximos dias ao Partido dos Trabalhadores (PT). Militante dos movimentos sociais, sindicalista, ativista cultural e ambiental, comunicadora popular \u00e1reas em que tem se especializado na academia e \u00e0s executando no cotidiano das lutas populares, Jucy tem se destacado na defesa dos interesses coletivos da popula\u00e7\u00e3o dos vales do Cotinguiba e Japaratuba, das suas reivindica\u00e7\u00f5es hist\u00f3ricas e imediatas.\" \/>\n<meta property=\"og:url\" content=\"https:\/\/tribunadapraia.com.br\/?p=677\" \/>\n<meta property=\"og:site_name\" content=\"TRIBUNA DA PRAIA\" \/>\n<meta property=\"article:publisher\" content=\"https:\/\/www.facebook.com\/tribunadapraiaonline\/\" \/>\n<meta property=\"article:published_time\" content=\"2020-03-20T14:19:42+00:00\" \/>\n<meta property=\"og:image\" content=\"https:\/\/tribunadapraia.com.br\/wp-content\/uploads\/2020\/03\/IMG-20200320-WA0032.jpg\" \/>\n\t<meta property=\"og:image:width\" content=\"540\" \/>\n\t<meta property=\"og:image:height\" content=\"532\" \/>\n<meta name=\"twitter:card\" content=\"summary_large_image\" \/>\n<meta name=\"twitter:creator\" content=\"@Claudomir21\" \/>\n<meta name=\"twitter:site\" content=\"@Claudomir21\" \/>\n<meta name=\"twitter:label1\" content=\"Est. tempo de leitura\">\n\t<meta name=\"twitter:data1\" content=\"1 minuto\">\n<script type=\"application\/ld+json\" class=\"yoast-schema-graph\">{\"@context\":\"https:\/\/schema.org\",\"@graph\":[{\"@type\":\"Organization\",\"@id\":\"https:\/\/tribunadapraia.com.br\/#organization\",\"name\":\"Tribuna da Praia\",\"url\":\"https:\/\/tribunadapraia.com.br\/\",\"sameAs\":[\"https:\/\/www.facebook.com\/tribunadapraiaonline\/\",\"https:\/\/www.instagram.com\/claudomirtavares\/\",\"https:\/\/www.youtube.com\/channel\/UCwQf80nxiMzCefAyjbp53Rw\",\"https:\/\/twitter.com\/Claudomir21\"],\"logo\":{\"@type\":\"ImageObject\",\"@id\":\"https:\/\/tribunadapraia.com.br\/#logo\",\"inLanguage\":\"pt-BR\",\"url\":\"https:\/\/tribunadapraia.com.br\/wp-content\/uploads\/2020\/02\/logo.png\",\"contentUrl\":\"https:\/\/tribunadapraia.com.br\/wp-content\/uploads\/2020\/02\/logo.png\",\"width\":501,\"height\":121,\"caption\":\"Tribuna da Praia\"},\"image\":{\"@id\":\"https:\/\/tribunadapraia.com.br\/#logo\"}},{\"@type\":\"WebSite\",\"@id\":\"https:\/\/tribunadapraia.com.br\/#website\",\"url\":\"https:\/\/tribunadapraia.com.br\/\",\"name\":\"TRIBUNA DA PRAIA\",\"description\":\"O 1\\u00ba jornal do interior de Sergipe na internet\",\"publisher\":{\"@id\":\"https:\/\/tribunadapraia.com.br\/#organization\"},\"potentialAction\":[{\"@type\":\"SearchAction\",\"target\":\"https:\/\/tribunadapraia.com.br\/?s={search_term_string}\",\"query-input\":\"required name=search_term_string\"}],\"inLanguage\":\"pt-BR\"},{\"@type\":\"ImageObject\",\"@id\":\"https:\/\/tribunadapraia.com.br\/?p=677#primaryimage\",\"inLanguage\":\"pt-BR\",\"url\":\"https:\/\/tribunadapraia.com.br\/wp-content\/uploads\/2020\/03\/IMG-20200320-WA0032.jpg\",\"contentUrl\":\"https:\/\/tribunadapraia.com.br\/wp-content\/uploads\/2020\/03\/IMG-20200320-WA0032.jpg\",\"width\":540,\"height\":532},{\"@type\":\"WebPage\",\"@id\":\"https:\/\/tribunadapraia.com.br\/?p=677#webpage\",\"url\":\"https:\/\/tribunadapraia.com.br\/?p=677\",\"name\":\"A CAMINHO: Jucy Tavares estar\\u00e1 se filiando ao Partido dos Trabalhadores e se habilitando para disputar \\u00e0s elei\\u00e7\\u00f5es 2020 - TRIBUNA DA PRAIA\",\"isPartOf\":{\"@id\":\"https:\/\/tribunadapraia.com.br\/#website\"},\"primaryImageOfPage\":{\"@id\":\"https:\/\/tribunadapraia.com.br\/?p=677#primaryimage\"},\"datePublished\":\"2020-03-20T14:19:42+00:00\",\"dateModified\":\"2020-03-20T14:19:42+00:00\",\"breadcrumb\":{\"@id\":\"https:\/\/tribunadapraia.com.br\/?p=677#breadcrumb\"},\"inLanguage\":\"pt-BR\",\"potentialAction\":[{\"@type\":\"ReadAction\",\"target\":[\"https:\/\/tribunadapraia.com.br\/?p=677\"]}]},{\"@type\":\"BreadcrumbList\",\"@id\":\"https:\/\/tribunadapraia.com.br\/?p=677#breadcrumb\",\"itemListElement\":[{\"@type\":\"ListItem\",\"position\":1,\"item\":{\"@type\":\"WebPage\",\"@id\":\"https:\/\/tribunadapraia.com.br\/\",\"url\":\"https:\/\/tribunadapraia.com.br\/\",\"name\":\"In\\u00edcio\"}},{\"@type\":\"ListItem\",\"position\":2,\"item\":{\"@id\":\"https:\/\/tribunadapraia.com.br\/?p=677#webpage\"}}]},{\"@type\":\"Article\",\"@id\":\"https:\/\/tribunadapraia.com.br\/?p=677#article\",\"isPartOf\":{\"@id\":\"https:\/\/tribunadapraia.com.br\/?p=677#webpage\"},\"author\":{\"@id\":\"https:\/\/tribunadapraia.com.br\/#\/schema\/person\/099fbbf59acc5895c0d7d52b4fc46c97\"},\"headline\":\"A CAMINHO: Jucy Tavares estar\\u00e1 se filiando ao Partido dos Trabalhadores e se habilitando para disputar \\u00e0s elei\\u00e7\\u00f5es 2020\",\"datePublished\":\"2020-03-20T14:19:42+00:00\",\"dateModified\":\"2020-03-20T14:19:42+00:00\",\"mainEntityOfPage\":{\"@id\":\"https:\/\/tribunadapraia.com.br\/?p=677#webpage\"},\"wordCount\":156,\"commentCount\":0,\"publisher\":{\"@id\":\"https:\/\/tribunadapraia.com.br\/#organization\"},\"image\":{\"@id\":\"https:\/\/tribunadapraia.com.br\/?p=677#primaryimage\"},\"thumbnailUrl\":\"https:\/\/tribunadapraia.com.br\/wp-content\/uploads\/2020\/03\/IMG-20200320-WA0032.jpg\",\"articleSection\":[\"Not\\u00edcias\"],\"inLanguage\":\"pt-BR\",\"potentialAction\":[{\"@type\":\"CommentAction\",\"name\":\"Comment\",\"target\":[\"https:\/\/tribunadapraia.com.br\/?p=677#respond\"]}]},{\"@type\":\"Person\",\"@id\":\"https:\/\/tribunadapraia.com.br\/#\/schema\/person\/099fbbf59acc5895c0d7d52b4fc46c97\",\"name\":\"Reda\\u00e7\\u00e3o\",\"image\":{\"@type\":\"ImageObject\",\"@id\":\"https:\/\/tribunadapraia.com.br\/#personlogo\",\"inLanguage\":\"pt-BR\",\"url\":\"https:\/\/secure.gravatar.com\/avatar\/91c8b91d2bfd7784eac5c3e055361f64?s=96&d=identicon&r=g\",\"contentUrl\":\"https:\/\/secure.gravatar.com\/avatar\/91c8b91d2bfd7784eac5c3e055361f64?s=96&d=identicon&r=g\",\"caption\":\"Reda\\u00e7\\u00e3o\"}}]}<\/script>\n<!-- \/ Yoast SEO plugin. -->","wps_subtitle":"","_links":{"self":[{"href":"https:\/\/tribunadapraia.com.br\/index.php?rest_route=\/wp\/v2\/posts\/677"}],"collection":[{"href":"https:\/\/tribunadapraia.com.br\/index.php?rest_route=\/wp\/v2\/posts"}],"about":[{"href":"https:\/\/tribunadapraia.com.br\/index.php?rest_route=\/wp\/v2\/types\/post"}],"author":[{"embeddable":true,"href":"https:\/\/tribunadapraia.com.br\/index.php?rest_route=\/wp\/v2\/users\/3"}],"replies":[{"embeddable":true,"href":"https:\/\/tribunadapraia.com.br\/index.php?rest_route=%2Fwp%2Fv2%2Fcomments&post=677"}],"version-history":[{"count":1,"href":"https:\/\/tribunadapraia.com.br\/index.php?rest_route=\/wp\/v2\/posts\/677\/revisions"}],"predecessor-version":[{"id":679,"href":"https:\/\/tribunadapraia.com.br\/index.php?rest_route=\/wp\/v2\/posts\/677\/revisions\/679"}],"wp:featuredmedia":[{"embeddable":true,"href":"https:\/\/tribunadapraia.com.br\/index.php?rest_route=\/wp\/v2\/media\/678"}],"wp:attachment":[{"href":"https:\/\/tribunadapraia.com.br\/index.php?rest_route=%2Fwp%2Fv2%2Fmedia&parent=677"}],"wp:term":[{"taxonomy":"category","embeddable":true,"href":"https:\/\/tribunadapraia.com.br\/index.php?rest_route=%2Fwp%2Fv2%2Fcategories&post=677"},{"taxonomy":"post_tag","embeddable":true,"href":"https:\/\/tribunadapraia.com.br\/index.php?rest_route=%2Fwp%2Fv2%2Ftags&post=677"}],"curies":[{"name":"wp","href":"https:\/\/api.w.org\/{rel}","templated":true}]}}