{"id":667,"date":"2020-03-20T10:39:24","date_gmt":"2020-03-20T13:39:24","guid":{"rendered":"https:\/\/tribunadapraia.com.br\/?p=667"},"modified":"2020-03-20T10:39:24","modified_gmt":"2020-03-20T13:39:24","slug":"alcool-gel-ungido-antonio-samarone","status":"publish","type":"post","link":"https:\/\/tribunadapraia.com.br\/?p=667","title":{"rendered":"\u00c1lcool Gel Ungido&#8230; (Antonio Samarone)"},"content":{"rendered":"<p>&#8220;Se podes olhar, v\u00ea. Se podes ver, repara.&#8221; Saramago.<\/p>\n<p>A humanidade acreditava que as Pestes decorriam dos miasmas, desregramentos morais, desalinhamento dos corpos celestes, passagem de cometas ou castigo divino. A direita brasileira acredita que o Covid \u2013 19 \u00e9 obra do Comunismo Chin\u00eas.<\/p>\n<p>Os argumentos n\u00e3o t\u00eam valia contra as paix\u00f5es.<\/p>\n<p>A verdade \u00e9 que, a ci\u00eancia ainda sabe pouco sobre a Pandemia. O mundo cient\u00edfico est\u00e1 buscando as \u201cevid\u00eancias\u201d.<\/p>\n<p>Enquanto isso, j\u00e1 est\u00e3o vendendo \u201c\u00e1lcool gel ungido\u201d, no mercado livre. Surgem not\u00edcias sobre rem\u00e9dios que podem curar a Peste. A multid\u00e3o corre \u00e0s farm\u00e1cias e em poucas horas o estoque acaba.<\/p>\n<p>As pesquisas cientificas s\u00e3o influenciadas pelo contexto s\u00f3cio-hist\u00f3rico-culturais. Nesse momento, a corrida por uma vacina ou tratamento para o Covid \u2013 19 \u00e9 coordenada pela ind\u00fastria farmac\u00eautica. A ci\u00eancia \u00e9 parceira do mercado.<\/p>\n<p>Karl Polanyi, demonstrou em seu livro, \u201cA Grande Transforma\u00e7\u00e3o\u201d, como o pensamento socioecon\u00f4mico contribuiu para a constru\u00e7\u00e3o das concep\u00e7\u00f5es cient\u00edficas sobre a natureza humana. Sem refer\u00eancia social, a ci\u00eancia pode se transformar numa religi\u00e3o.<\/p>\n<p>\u201cIsso n\u00e3o significa que a ci\u00eancia seja uma ilus\u00e3o. Ilus\u00e3o seria imaginar que aquilo que a ci\u00eancia n\u00e3o nos pode dar, podemos conseguir em outro lugar.\u201d Freud.<\/p>\n<p>Outra coisa \u00e9 tratarmos a ci\u00eancia com fantasia.<\/p>\n<p>A medicina n\u00e3o sabe por que nem sempre o cont\u00e1gio causa a doen\u00e7a. N\u00e3o sabe explicar como se adoece. O v\u00edrus \u00e9 necess\u00e1rio, mas n\u00e3o suficiente. N\u00e3o se sabe o que efetivamente desencadeia a doen\u00e7a e determina sua severidade. No Covid \u2013 19 os mais afetados s\u00e3o os idosos, na Gripe Espanhola eram os adultos jovens.<\/p>\n<p>A teoria sint\u00e9tica da evolu\u00e7\u00e3o \u00e9 o dogma central da biologia. A ideia, \u00e9 que os organismos s\u00e3o campos de batalha entre for\u00e7as internas e externas. A teoria biol\u00f3gica reproduz as nossas rela\u00e7\u00f5es sociais: guerra, sele\u00e7\u00e3o dos mais aptos, competi\u00e7\u00e3o, controle, instru\u00e7\u00e3o pela informa\u00e7\u00e3o e ataque contra defesa.<\/p>\n<p>\u201cO grande erro: \u00e9 muito dif\u00edcil n\u00e3o olhar para o Covid -19, como o grande inimigo da humanidade. A preocupa\u00e7\u00e3o sempre foi com um invasor, um inimigo externo pronto para nos exterminar, um meio hostil contra o qual devemos nos defender. Na esteira deste estilo, a imunologia constr\u00f3i o seu arcabou\u00e7o conceitual.\u201d Mourth\u00e9.<\/p>\n<p>\u201cA amea\u00e7a atual pelo Covid-19 torna claro que ainda vivemos uma imunologia Pasteuriana, apoiada na teoria dos germes, segundo a qual o cont\u00e1gio eventual com um agente patog\u00eanico conduz ao adoecer. Na aus\u00eancia de drogas anti-virais eficazes ficamos com a esperan\u00e7a de uma vacina que nos proteja do covid-19. N\u00e3o h\u00e1 garantia de que ela seja sequer poss\u00edvel; as vacinas ainda s\u00e3o inventadas por tentativa e erro, como fazia Pasteur.\u201d Nelson Vaz.<\/p>\n<p>Como explicar os \u201cportadores s\u00e3os\u201d \u2014 os transportadores sadios de agentes patog\u00eanicos?<\/p>\n<p>A Peste de Covid \u2013 19 n\u00e3o \u00e9 compreens\u00edvel apenas sob o \u00e2ngulo da biologia e da imunologia Pasteuriana. O fen\u00f4meno \u00e9 bem mais amplo. Quest\u00f5es ambientais, econ\u00f4micas, populacionais, culturais precisam ser levadas em considera\u00e7\u00e3o.<\/p>\n<p>O nosso modo de vida n\u00e3o \u00e9 saud\u00e1vel, eis a quest\u00e3o!<\/p>\n<p>Por enquanto, vamos seguindo as recomenda\u00e7\u00f5es da Sa\u00fade P\u00fablica.<\/p>\n<p>Antonio Samarone.<\/p>\n","protected":false},"excerpt":{"rendered":"<p>&#8220;Se podes olhar, v\u00ea. Se podes ver, repara.&#8221; Saramago. A humanidade acreditava que as Pestes decorriam dos miasmas, desregramentos morais, desalinhamento dos corpos celestes, passagem de cometas ou castigo divino. A direita brasileira acredita que o Covid \u2013 19 \u00e9 obra do Comunismo Chin\u00eas. Os argumentos n\u00e3o t\u00eam valia contra as paix\u00f5es. A verdade \u00e9 que, a ci\u00eancia ainda sabe pouco sobre a Pandemia. O mundo cient\u00edfico est\u00e1 buscando as<\/p>\n","protected":false},"author":3,"featured_media":668,"comment_status":"open","ping_status":"open","sticky":false,"template":"","format":"standard","meta":[],"categories":[18],"tags":[],"yoast_head":"<!-- This site is optimized with the Yoast SEO plugin v16.3 - https:\/\/yoast.com\/wordpress\/plugins\/seo\/ -->\n<title>\u00c1lcool Gel Ungido... (Antonio Samarone) - TRIBUNA DA PRAIA<\/title>\n<meta name=\"robots\" content=\"index, follow, max-snippet:-1, max-image-preview:large, max-video-preview:-1\" \/>\n<link rel=\"canonical\" href=\"https:\/\/tribunadapraia.com.br\/?p=667\" \/>\n<meta property=\"og:locale\" content=\"pt_BR\" \/>\n<meta property=\"og:type\" content=\"article\" \/>\n<meta property=\"og:title\" content=\"\u00c1lcool Gel Ungido... (Antonio Samarone) - TRIBUNA DA PRAIA\" \/>\n<meta property=\"og:description\" content=\"&#8220;Se podes olhar, v\u00ea. Se podes ver, repara.&#8221; Saramago. A humanidade acreditava que as Pestes decorriam dos miasmas, desregramentos morais, desalinhamento dos corpos celestes, passagem de cometas ou castigo divino. A direita brasileira acredita que o Covid \u2013 19 \u00e9 obra do Comunismo Chin\u00eas. Os argumentos n\u00e3o t\u00eam valia contra as paix\u00f5es. A verdade \u00e9 que, a ci\u00eancia ainda sabe pouco sobre a Pandemia. O mundo cient\u00edfico est\u00e1 buscando as\" \/>\n<meta property=\"og:url\" content=\"https:\/\/tribunadapraia.com.br\/?p=667\" \/>\n<meta property=\"og:site_name\" content=\"TRIBUNA DA PRAIA\" \/>\n<meta property=\"article:publisher\" content=\"https:\/\/www.facebook.com\/tribunadapraiaonline\/\" \/>\n<meta property=\"article:published_time\" content=\"2020-03-20T13:39:24+00:00\" \/>\n<meta property=\"og:image\" content=\"https:\/\/tribunadapraia.com.br\/wp-content\/uploads\/2020\/03\/IMG-20200320-WA0062.jpg\" \/>\n\t<meta property=\"og:image:width\" content=\"900\" \/>\n\t<meta property=\"og:image:height\" content=\"558\" \/>\n<meta name=\"twitter:card\" content=\"summary_large_image\" \/>\n<meta name=\"twitter:creator\" content=\"@Claudomir21\" \/>\n<meta name=\"twitter:site\" content=\"@Claudomir21\" \/>\n<meta name=\"twitter:label1\" content=\"Est. tempo de leitura\">\n\t<meta name=\"twitter:data1\" content=\"3 minutos\">\n<script type=\"application\/ld+json\" class=\"yoast-schema-graph\">{\"@context\":\"https:\/\/schema.org\",\"@graph\":[{\"@type\":\"Organization\",\"@id\":\"https:\/\/tribunadapraia.com.br\/#organization\",\"name\":\"Tribuna da Praia\",\"url\":\"https:\/\/tribunadapraia.com.br\/\",\"sameAs\":[\"https:\/\/www.facebook.com\/tribunadapraiaonline\/\",\"https:\/\/www.instagram.com\/claudomirtavares\/\",\"https:\/\/www.youtube.com\/channel\/UCwQf80nxiMzCefAyjbp53Rw\",\"https:\/\/twitter.com\/Claudomir21\"],\"logo\":{\"@type\":\"ImageObject\",\"@id\":\"https:\/\/tribunadapraia.com.br\/#logo\",\"inLanguage\":\"pt-BR\",\"url\":\"https:\/\/tribunadapraia.com.br\/wp-content\/uploads\/2020\/02\/logo.png\",\"contentUrl\":\"https:\/\/tribunadapraia.com.br\/wp-content\/uploads\/2020\/02\/logo.png\",\"width\":501,\"height\":121,\"caption\":\"Tribuna da Praia\"},\"image\":{\"@id\":\"https:\/\/tribunadapraia.com.br\/#logo\"}},{\"@type\":\"WebSite\",\"@id\":\"https:\/\/tribunadapraia.com.br\/#website\",\"url\":\"https:\/\/tribunadapraia.com.br\/\",\"name\":\"TRIBUNA DA PRAIA\",\"description\":\"O 1\\u00ba jornal do interior de Sergipe na internet\",\"publisher\":{\"@id\":\"https:\/\/tribunadapraia.com.br\/#organization\"},\"potentialAction\":[{\"@type\":\"SearchAction\",\"target\":\"https:\/\/tribunadapraia.com.br\/?s={search_term_string}\",\"query-input\":\"required name=search_term_string\"}],\"inLanguage\":\"pt-BR\"},{\"@type\":\"ImageObject\",\"@id\":\"https:\/\/tribunadapraia.com.br\/?p=667#primaryimage\",\"inLanguage\":\"pt-BR\",\"url\":\"https:\/\/tribunadapraia.com.br\/wp-content\/uploads\/2020\/03\/IMG-20200320-WA0062.jpg\",\"contentUrl\":\"https:\/\/tribunadapraia.com.br\/wp-content\/uploads\/2020\/03\/IMG-20200320-WA0062.jpg\",\"width\":900,\"height\":558},{\"@type\":\"WebPage\",\"@id\":\"https:\/\/tribunadapraia.com.br\/?p=667#webpage\",\"url\":\"https:\/\/tribunadapraia.com.br\/?p=667\",\"name\":\"\\u00c1lcool Gel Ungido... (Antonio Samarone) - TRIBUNA DA PRAIA\",\"isPartOf\":{\"@id\":\"https:\/\/tribunadapraia.com.br\/#website\"},\"primaryImageOfPage\":{\"@id\":\"https:\/\/tribunadapraia.com.br\/?p=667#primaryimage\"},\"datePublished\":\"2020-03-20T13:39:24+00:00\",\"dateModified\":\"2020-03-20T13:39:24+00:00\",\"breadcrumb\":{\"@id\":\"https:\/\/tribunadapraia.com.br\/?p=667#breadcrumb\"},\"inLanguage\":\"pt-BR\",\"potentialAction\":[{\"@type\":\"ReadAction\",\"target\":[\"https:\/\/tribunadapraia.com.br\/?p=667\"]}]},{\"@type\":\"BreadcrumbList\",\"@id\":\"https:\/\/tribunadapraia.com.br\/?p=667#breadcrumb\",\"itemListElement\":[{\"@type\":\"ListItem\",\"position\":1,\"item\":{\"@type\":\"WebPage\",\"@id\":\"https:\/\/tribunadapraia.com.br\/\",\"url\":\"https:\/\/tribunadapraia.com.br\/\",\"name\":\"In\\u00edcio\"}},{\"@type\":\"ListItem\",\"position\":2,\"item\":{\"@id\":\"https:\/\/tribunadapraia.com.br\/?p=667#webpage\"}}]},{\"@type\":\"Article\",\"@id\":\"https:\/\/tribunadapraia.com.br\/?p=667#article\",\"isPartOf\":{\"@id\":\"https:\/\/tribunadapraia.com.br\/?p=667#webpage\"},\"author\":{\"@id\":\"https:\/\/tribunadapraia.com.br\/#\/schema\/person\/099fbbf59acc5895c0d7d52b4fc46c97\"},\"headline\":\"\\u00c1lcool Gel Ungido&#8230; (Antonio Samarone)\",\"datePublished\":\"2020-03-20T13:39:24+00:00\",\"dateModified\":\"2020-03-20T13:39:24+00:00\",\"mainEntityOfPage\":{\"@id\":\"https:\/\/tribunadapraia.com.br\/?p=667#webpage\"},\"wordCount\":567,\"commentCount\":0,\"publisher\":{\"@id\":\"https:\/\/tribunadapraia.com.br\/#organization\"},\"image\":{\"@id\":\"https:\/\/tribunadapraia.com.br\/?p=667#primaryimage\"},\"thumbnailUrl\":\"https:\/\/tribunadapraia.com.br\/wp-content\/uploads\/2020\/03\/IMG-20200320-WA0062.jpg\",\"articleSection\":[\"Not\\u00edcias\"],\"inLanguage\":\"pt-BR\",\"potentialAction\":[{\"@type\":\"CommentAction\",\"name\":\"Comment\",\"target\":[\"https:\/\/tribunadapraia.com.br\/?p=667#respond\"]}]},{\"@type\":\"Person\",\"@id\":\"https:\/\/tribunadapraia.com.br\/#\/schema\/person\/099fbbf59acc5895c0d7d52b4fc46c97\",\"name\":\"Reda\\u00e7\\u00e3o\",\"image\":{\"@type\":\"ImageObject\",\"@id\":\"https:\/\/tribunadapraia.com.br\/#personlogo\",\"inLanguage\":\"pt-BR\",\"url\":\"https:\/\/secure.gravatar.com\/avatar\/91c8b91d2bfd7784eac5c3e055361f64?s=96&d=identicon&r=g\",\"contentUrl\":\"https:\/\/secure.gravatar.com\/avatar\/91c8b91d2bfd7784eac5c3e055361f64?s=96&d=identicon&r=g\",\"caption\":\"Reda\\u00e7\\u00e3o\"}}]}<\/script>\n<!-- \/ Yoast SEO plugin. -->","wps_subtitle":"","_links":{"self":[{"href":"https:\/\/tribunadapraia.com.br\/index.php?rest_route=\/wp\/v2\/posts\/667"}],"collection":[{"href":"https:\/\/tribunadapraia.com.br\/index.php?rest_route=\/wp\/v2\/posts"}],"about":[{"href":"https:\/\/tribunadapraia.com.br\/index.php?rest_route=\/wp\/v2\/types\/post"}],"author":[{"embeddable":true,"href":"https:\/\/tribunadapraia.com.br\/index.php?rest_route=\/wp\/v2\/users\/3"}],"replies":[{"embeddable":true,"href":"https:\/\/tribunadapraia.com.br\/index.php?rest_route=%2Fwp%2Fv2%2Fcomments&post=667"}],"version-history":[{"count":1,"href":"https:\/\/tribunadapraia.com.br\/index.php?rest_route=\/wp\/v2\/posts\/667\/revisions"}],"predecessor-version":[{"id":669,"href":"https:\/\/tribunadapraia.com.br\/index.php?rest_route=\/wp\/v2\/posts\/667\/revisions\/669"}],"wp:featuredmedia":[{"embeddable":true,"href":"https:\/\/tribunadapraia.com.br\/index.php?rest_route=\/wp\/v2\/media\/668"}],"wp:attachment":[{"href":"https:\/\/tribunadapraia.com.br\/index.php?rest_route=%2Fwp%2Fv2%2Fmedia&parent=667"}],"wp:term":[{"taxonomy":"category","embeddable":true,"href":"https:\/\/tribunadapraia.com.br\/index.php?rest_route=%2Fwp%2Fv2%2Fcategories&post=667"},{"taxonomy":"post_tag","embeddable":true,"href":"https:\/\/tribunadapraia.com.br\/index.php?rest_route=%2Fwp%2Fv2%2Ftags&post=667"}],"curies":[{"name":"wp","href":"https:\/\/api.w.org\/{rel}","templated":true}]}}