{"id":6550,"date":"2023-08-02T10:17:21","date_gmt":"2023-08-02T13:17:21","guid":{"rendered":"https:\/\/tribunadapraia.com.br\/?p=6550"},"modified":"2024-04-18T09:53:32","modified_gmt":"2024-04-18T12:53:32","slug":"40-anos-da-tribuna-da-praia-uma-trincheira-em-defesa-da-sociedade","status":"publish","type":"post","link":"https:\/\/tribunadapraia.com.br\/?p=6550","title":{"rendered":"40 Anos do Tribuna da Praia: Uma trincheira em defesa da sociedade."},"content":{"rendered":"<p><img loading=\"lazy\" class=\"alignnone size-medium wp-image-6559\" src=\"https:\/\/tribunadapraia.com.br\/wp-content\/uploads\/2023\/08\/IMG-20230801-WA0041-300x300.jpg\" alt=\"\" width=\"300\" height=\"300\" srcset=\"https:\/\/tribunadapraia.com.br\/wp-content\/uploads\/2023\/08\/IMG-20230801-WA0041-300x300.jpg 300w, https:\/\/tribunadapraia.com.br\/wp-content\/uploads\/2023\/08\/IMG-20230801-WA0041-150x150.jpg 150w, https:\/\/tribunadapraia.com.br\/wp-content\/uploads\/2023\/08\/IMG-20230801-WA0041-250x250.jpg 250w, https:\/\/tribunadapraia.com.br\/wp-content\/uploads\/2023\/08\/IMG-20230801-WA0041.jpg 446w\" sizes=\"(max-width: 300px) 100vw, 300px\" \/><\/p>\r\n\r\n<p><br \/>H\u00e1 40 anos era lan\u00e7ado em 23 de agosto de1983 na ent\u00e3o denominada Escola de 1\u00b0 grau Jos\u00e9 Amaral Lemos, em Pirambu, como um resultado da disciplina de Educa\u00e7\u00e3o Art\u00edstica ( que corresponde a atual Artes ),o jornal O Clarim, n\u00facleo embrion\u00e1rio que iria desaguar no jornal Tribuna da Praia, que depois de se chamar Jornal de Pirambu,O Atl\u00e2ntico, Acorda Pirambu e em definitivo Tribuna da Praia, sendo em Sergipe um dos mais respeitados ve\u00edculos de comunica\u00e7\u00e3o alternativa do interior do estado. Durante o processo o jornal evoluiu do formato mural,para of\u00edcio 02 e depois A4,do standart para o A3, e da\u00ed para internet, estando desde 2014 na modalidade digital, padr\u00e3o que o fez retornar em 2019,seguindo uma tend\u00eancia de principais jornais do mundo. <br \/>Imprensa Livre- Acreditamos que &#8220;a fun\u00e7\u00e3o da imprensa \u00e9 ser o c\u00e3o &#8211; de &#8211; guarda, o denunciador incans\u00e1vel dos opressores, o olho onipresente e a boca onipotente do povo que guarda com ci\u00fame sua liberdade[&#8230;] o dever da imprensa \u00e9 tomar a palavra em favor dos oprimidos a sua volta[ &#8230;] o primeiro dever da imprensa \u00e9 minar todas as bases do sistema pol\u00edtico existente&#8221; como nos ensinou Karl Marx. E assim, seguimos nossa trajet\u00f3ria. <br \/>Este ano, h\u00e1 poucos meses o\u00a0 jornal Tribuna da Praia perdeu seu fundador Claudomir Tavares (in memoriam). A r\u00e1dio que leva o mesmo nome, por\u00e9m funciona em plataforma diferente e com outra equipe a conduzi-la, tamb\u00e9m est\u00e1 em sua trajet\u00f3ria.\u00a0<br \/>Claudomir fez a parte dele, sonhou, criticou, construiu um sonho de sociedade melhor. Nosso papel \u00e9 seguir sonhando e trabalhando para manter seu legado.<br \/><br \/>Fonte: Cedoc\/ Claudomir Tavares <br \/><br \/>Por Equipe Tribuna da Praia<\/p>\r\n","protected":false},"excerpt":{"rendered":"<p>H\u00e1 40 anos era lan\u00e7ado em 23 de agosto de1983 na ent\u00e3o denominada Escola de 1\u00b0 grau Jos\u00e9 Amaral Lemos, em Pirambu, como um resultado da disciplina de Educa\u00e7\u00e3o Art\u00edstica ( que corresponde a atual Artes ),o jornal O Clarim, n\u00facleo embrion\u00e1rio que iria desaguar no jornal Tribuna da Praia, que depois de se chamar Jornal de Pirambu,O Atl\u00e2ntico, Acorda Pirambu e em definitivo Tribuna da Praia, sendo em Sergipe<\/p>\n","protected":false},"author":3,"featured_media":0,"comment_status":"open","ping_status":"open","sticky":false,"template":"","format":"standard","meta":[],"categories":[20],"tags":[],"yoast_head":"<!-- This site is optimized with the Yoast SEO plugin v16.3 - https:\/\/yoast.com\/wordpress\/plugins\/seo\/ -->\n<title>40 Anos do Tribuna da Praia: Uma trincheira em defesa da sociedade. - TRIBUNA DA PRAIA<\/title>\n<meta name=\"robots\" content=\"index, follow, max-snippet:-1, max-image-preview:large, max-video-preview:-1\" \/>\n<link rel=\"canonical\" href=\"https:\/\/tribunadapraia.com.br\/?p=6550\" \/>\n<meta property=\"og:locale\" content=\"pt_BR\" \/>\n<meta property=\"og:type\" content=\"article\" \/>\n<meta property=\"og:title\" content=\"40 Anos do Tribuna da Praia: Uma trincheira em defesa da sociedade. - TRIBUNA DA PRAIA\" \/>\n<meta property=\"og:description\" content=\"H\u00e1 40 anos era lan\u00e7ado em 23 de agosto de1983 na ent\u00e3o denominada Escola de 1\u00b0 grau Jos\u00e9 Amaral Lemos, em Pirambu, como um resultado da disciplina de Educa\u00e7\u00e3o Art\u00edstica ( que corresponde a atual Artes ),o jornal O Clarim, n\u00facleo embrion\u00e1rio que iria desaguar no jornal Tribuna da Praia, que depois de se chamar Jornal de Pirambu,O Atl\u00e2ntico, Acorda Pirambu e em definitivo Tribuna da Praia, sendo em Sergipe\" \/>\n<meta property=\"og:url\" content=\"https:\/\/tribunadapraia.com.br\/?p=6550\" \/>\n<meta property=\"og:site_name\" content=\"TRIBUNA DA PRAIA\" \/>\n<meta property=\"article:publisher\" content=\"https:\/\/www.facebook.com\/tribunadapraiaonline\/\" \/>\n<meta property=\"article:published_time\" content=\"2023-08-02T13:17:21+00:00\" \/>\n<meta property=\"article:modified_time\" content=\"2024-04-18T12:53:32+00:00\" \/>\n<meta property=\"og:image\" content=\"https:\/\/tribunadapraia.com.br\/wp-content\/uploads\/2023\/08\/IMG-20230801-WA0041-300x300.jpg\" \/>\n<meta name=\"twitter:card\" content=\"summary_large_image\" \/>\n<meta name=\"twitter:creator\" content=\"@Claudomir21\" \/>\n<meta name=\"twitter:site\" content=\"@Claudomir21\" \/>\n<meta name=\"twitter:label1\" content=\"Est. tempo de leitura\">\n\t<meta name=\"twitter:data1\" content=\"2 minutos\">\n<script type=\"application\/ld+json\" class=\"yoast-schema-graph\">{\"@context\":\"https:\/\/schema.org\",\"@graph\":[{\"@type\":\"Organization\",\"@id\":\"https:\/\/tribunadapraia.com.br\/#organization\",\"name\":\"Tribuna da Praia\",\"url\":\"https:\/\/tribunadapraia.com.br\/\",\"sameAs\":[\"https:\/\/www.facebook.com\/tribunadapraiaonline\/\",\"https:\/\/www.instagram.com\/claudomirtavares\/\",\"https:\/\/www.youtube.com\/channel\/UCwQf80nxiMzCefAyjbp53Rw\",\"https:\/\/twitter.com\/Claudomir21\"],\"logo\":{\"@type\":\"ImageObject\",\"@id\":\"https:\/\/tribunadapraia.com.br\/#logo\",\"inLanguage\":\"pt-BR\",\"url\":\"https:\/\/tribunadapraia.com.br\/wp-content\/uploads\/2020\/02\/logo.png\",\"contentUrl\":\"https:\/\/tribunadapraia.com.br\/wp-content\/uploads\/2020\/02\/logo.png\",\"width\":501,\"height\":121,\"caption\":\"Tribuna da Praia\"},\"image\":{\"@id\":\"https:\/\/tribunadapraia.com.br\/#logo\"}},{\"@type\":\"WebSite\",\"@id\":\"https:\/\/tribunadapraia.com.br\/#website\",\"url\":\"https:\/\/tribunadapraia.com.br\/\",\"name\":\"TRIBUNA DA PRAIA\",\"description\":\"O 1\\u00ba jornal do interior de Sergipe na internet\",\"publisher\":{\"@id\":\"https:\/\/tribunadapraia.com.br\/#organization\"},\"potentialAction\":[{\"@type\":\"SearchAction\",\"target\":\"https:\/\/tribunadapraia.com.br\/?s={search_term_string}\",\"query-input\":\"required name=search_term_string\"}],\"inLanguage\":\"pt-BR\"},{\"@type\":\"ImageObject\",\"@id\":\"https:\/\/tribunadapraia.com.br\/?p=6550#primaryimage\",\"inLanguage\":\"pt-BR\",\"url\":\"https:\/\/tribunadapraia.com.br\/wp-content\/uploads\/2023\/08\/IMG-20230801-WA0041.jpg\",\"contentUrl\":\"https:\/\/tribunadapraia.com.br\/wp-content\/uploads\/2023\/08\/IMG-20230801-WA0041.jpg\",\"width\":446,\"height\":446},{\"@type\":\"WebPage\",\"@id\":\"https:\/\/tribunadapraia.com.br\/?p=6550#webpage\",\"url\":\"https:\/\/tribunadapraia.com.br\/?p=6550\",\"name\":\"40 Anos do Tribuna da Praia: Uma trincheira em defesa da sociedade. - TRIBUNA DA PRAIA\",\"isPartOf\":{\"@id\":\"https:\/\/tribunadapraia.com.br\/#website\"},\"primaryImageOfPage\":{\"@id\":\"https:\/\/tribunadapraia.com.br\/?p=6550#primaryimage\"},\"datePublished\":\"2023-08-02T13:17:21+00:00\",\"dateModified\":\"2024-04-18T12:53:32+00:00\",\"breadcrumb\":{\"@id\":\"https:\/\/tribunadapraia.com.br\/?p=6550#breadcrumb\"},\"inLanguage\":\"pt-BR\",\"potentialAction\":[{\"@type\":\"ReadAction\",\"target\":[\"https:\/\/tribunadapraia.com.br\/?p=6550\"]}]},{\"@type\":\"BreadcrumbList\",\"@id\":\"https:\/\/tribunadapraia.com.br\/?p=6550#breadcrumb\",\"itemListElement\":[{\"@type\":\"ListItem\",\"position\":1,\"item\":{\"@type\":\"WebPage\",\"@id\":\"https:\/\/tribunadapraia.com.br\/\",\"url\":\"https:\/\/tribunadapraia.com.br\/\",\"name\":\"In\\u00edcio\"}},{\"@type\":\"ListItem\",\"position\":2,\"item\":{\"@id\":\"https:\/\/tribunadapraia.com.br\/?p=6550#webpage\"}}]},{\"@type\":\"Article\",\"@id\":\"https:\/\/tribunadapraia.com.br\/?p=6550#article\",\"isPartOf\":{\"@id\":\"https:\/\/tribunadapraia.com.br\/?p=6550#webpage\"},\"author\":{\"@id\":\"https:\/\/tribunadapraia.com.br\/#\/schema\/person\/099fbbf59acc5895c0d7d52b4fc46c97\"},\"headline\":\"40 Anos do Tribuna da Praia: Uma trincheira em defesa da sociedade.\",\"datePublished\":\"2023-08-02T13:17:21+00:00\",\"dateModified\":\"2024-04-18T12:53:32+00:00\",\"mainEntityOfPage\":{\"@id\":\"https:\/\/tribunadapraia.com.br\/?p=6550#webpage\"},\"wordCount\":298,\"commentCount\":0,\"publisher\":{\"@id\":\"https:\/\/tribunadapraia.com.br\/#organization\"},\"image\":{\"@id\":\"https:\/\/tribunadapraia.com.br\/?p=6550#primaryimage\"},\"thumbnailUrl\":\"https:\/\/tribunadapraia.com.br\/wp-content\/uploads\/2023\/08\/IMG-20230801-WA0041-300x300.jpg\",\"articleSection\":[\"Nossa Hist\\u00f3ria\"],\"inLanguage\":\"pt-BR\",\"potentialAction\":[{\"@type\":\"CommentAction\",\"name\":\"Comment\",\"target\":[\"https:\/\/tribunadapraia.com.br\/?p=6550#respond\"]}]},{\"@type\":\"Person\",\"@id\":\"https:\/\/tribunadapraia.com.br\/#\/schema\/person\/099fbbf59acc5895c0d7d52b4fc46c97\",\"name\":\"Reda\\u00e7\\u00e3o\",\"image\":{\"@type\":\"ImageObject\",\"@id\":\"https:\/\/tribunadapraia.com.br\/#personlogo\",\"inLanguage\":\"pt-BR\",\"url\":\"https:\/\/secure.gravatar.com\/avatar\/91c8b91d2bfd7784eac5c3e055361f64?s=96&d=identicon&r=g\",\"contentUrl\":\"https:\/\/secure.gravatar.com\/avatar\/91c8b91d2bfd7784eac5c3e055361f64?s=96&d=identicon&r=g\",\"caption\":\"Reda\\u00e7\\u00e3o\"}}]}<\/script>\n<!-- \/ Yoast SEO plugin. -->","wps_subtitle":"","_links":{"self":[{"href":"https:\/\/tribunadapraia.com.br\/index.php?rest_route=\/wp\/v2\/posts\/6550"}],"collection":[{"href":"https:\/\/tribunadapraia.com.br\/index.php?rest_route=\/wp\/v2\/posts"}],"about":[{"href":"https:\/\/tribunadapraia.com.br\/index.php?rest_route=\/wp\/v2\/types\/post"}],"author":[{"embeddable":true,"href":"https:\/\/tribunadapraia.com.br\/index.php?rest_route=\/wp\/v2\/users\/3"}],"replies":[{"embeddable":true,"href":"https:\/\/tribunadapraia.com.br\/index.php?rest_route=%2Fwp%2Fv2%2Fcomments&post=6550"}],"version-history":[{"count":5,"href":"https:\/\/tribunadapraia.com.br\/index.php?rest_route=\/wp\/v2\/posts\/6550\/revisions"}],"predecessor-version":[{"id":6633,"href":"https:\/\/tribunadapraia.com.br\/index.php?rest_route=\/wp\/v2\/posts\/6550\/revisions\/6633"}],"wp:attachment":[{"href":"https:\/\/tribunadapraia.com.br\/index.php?rest_route=%2Fwp%2Fv2%2Fmedia&parent=6550"}],"wp:term":[{"taxonomy":"category","embeddable":true,"href":"https:\/\/tribunadapraia.com.br\/index.php?rest_route=%2Fwp%2Fv2%2Fcategories&post=6550"},{"taxonomy":"post_tag","embeddable":true,"href":"https:\/\/tribunadapraia.com.br\/index.php?rest_route=%2Fwp%2Fv2%2Ftags&post=6550"}],"curies":[{"name":"wp","href":"https:\/\/api.w.org\/{rel}","templated":true}]}}