{"id":6545,"date":"2023-07-29T20:43:08","date_gmt":"2023-07-29T23:43:08","guid":{"rendered":"https:\/\/tribunadapraia.com.br\/?p=6545"},"modified":"2023-07-29T21:13:57","modified_gmt":"2023-07-30T00:13:57","slug":"reuniao-de-consolidacao-da-associacao-sergipana-de-web-radio","status":"publish","type":"post","link":"https:\/\/tribunadapraia.com.br\/?p=6545","title":{"rendered":"Reuni\u00e3o de consolida\u00e7\u00e3o da Associa\u00e7\u00e3o Sergipana de Web R\u00e1dio."},"content":{"rendered":"<p><img loading=\"lazy\" class=\"alignnone size-medium wp-image-6551\" src=\"https:\/\/tribunadapraia.com.br\/wp-content\/uploads\/2023\/07\/IMG_20230729_133518_613-300x225.jpg\" alt=\"\" width=\"300\" height=\"225\" srcset=\"https:\/\/tribunadapraia.com.br\/wp-content\/uploads\/2023\/07\/IMG_20230729_133518_613-300x225.jpg 300w, https:\/\/tribunadapraia.com.br\/wp-content\/uploads\/2023\/07\/IMG_20230729_133518_613-1024x768.jpg 1024w, https:\/\/tribunadapraia.com.br\/wp-content\/uploads\/2023\/07\/IMG_20230729_133518_613-768x576.jpg 768w, https:\/\/tribunadapraia.com.br\/wp-content\/uploads\/2023\/07\/IMG_20230729_133518_613-1536x1152.jpg 1536w, https:\/\/tribunadapraia.com.br\/wp-content\/uploads\/2023\/07\/IMG_20230729_133518_613.jpg 1600w\" sizes=\"(max-width: 300px) 100vw, 300px\" \/><\/p>\r\n\r\n<p><br \/>Na manh\u00e3 deste s\u00e1bado, na sede da\u00a0 ACDS em Aracaju, foi realizado mais um encontro decisivo na constru\u00e7\u00e3o da Associa\u00e7\u00e3o Sergipana de Web R\u00e1dio e Web TV (ASWRWTV). Idealizada inicialmente pelo professor Claudomir ( in memoriam), a atual diretoria segue dando continuidade ao projeto. <br \/>Os pontos discutidos foram o andamento da documenta\u00e7\u00e3o da entidade, esclarecimento financeiro, data da posse e homenagens.<br \/>Participaram do encontro de decis\u00f5es, o presidente Paulo J\u00fanior (History Web)e os diretores Adel Ribeiro (Mar Web), M\u00e1rio Bezerra (Poderoso Drag\u00e3o), Jucileide Tavares (Tribuna da Praia Web) e M\u00e1rcio Donizeti (Cidade Web).<\/p>\r\n<p>Uma perspectiva de novos rumos, para aqueles e aquelas que fazem web r\u00e1dio no estado em Sergipe.\u00a0<\/p>\r\n<p><br \/>Equipe Tribuna da Praia<\/p>\r\n","protected":false},"excerpt":{"rendered":"<p>Na manh\u00e3 deste s\u00e1bado, na sede da\u00a0 ACDS em Aracaju, foi realizado mais um encontro decisivo na constru\u00e7\u00e3o da Associa\u00e7\u00e3o Sergipana de Web R\u00e1dio e Web TV (ASWRWTV). Idealizada inicialmente pelo professor Claudomir ( in memoriam), a atual diretoria segue dando continuidade ao projeto. Os pontos discutidos foram o andamento da documenta\u00e7\u00e3o da entidade, esclarecimento financeiro, data da posse e homenagens.Participaram do encontro de decis\u00f5es, o presidente Paulo J\u00fanior (History<\/p>\n","protected":false},"author":3,"featured_media":0,"comment_status":"open","ping_status":"open","sticky":false,"template":"","format":"standard","meta":[],"categories":[18],"tags":[],"yoast_head":"<!-- This site is optimized with the Yoast SEO plugin v16.3 - https:\/\/yoast.com\/wordpress\/plugins\/seo\/ -->\n<title>Reuni\u00e3o de consolida\u00e7\u00e3o da Associa\u00e7\u00e3o Sergipana de Web R\u00e1dio. - TRIBUNA DA PRAIA<\/title>\n<meta name=\"robots\" content=\"index, follow, max-snippet:-1, max-image-preview:large, max-video-preview:-1\" \/>\n<link rel=\"canonical\" href=\"https:\/\/tribunadapraia.com.br\/?p=6545\" \/>\n<meta property=\"og:locale\" content=\"pt_BR\" \/>\n<meta property=\"og:type\" content=\"article\" \/>\n<meta property=\"og:title\" content=\"Reuni\u00e3o de consolida\u00e7\u00e3o da Associa\u00e7\u00e3o Sergipana de Web R\u00e1dio. - TRIBUNA DA PRAIA\" \/>\n<meta property=\"og:description\" content=\"Na manh\u00e3 deste s\u00e1bado, na sede da\u00a0 ACDS em Aracaju, foi realizado mais um encontro decisivo na constru\u00e7\u00e3o da Associa\u00e7\u00e3o Sergipana de Web R\u00e1dio e Web TV (ASWRWTV). Idealizada inicialmente pelo professor Claudomir ( in memoriam), a atual diretoria segue dando continuidade ao projeto. Os pontos discutidos foram o andamento da documenta\u00e7\u00e3o da entidade, esclarecimento financeiro, data da posse e homenagens.Participaram do encontro de decis\u00f5es, o presidente Paulo J\u00fanior (History\" \/>\n<meta property=\"og:url\" content=\"https:\/\/tribunadapraia.com.br\/?p=6545\" \/>\n<meta property=\"og:site_name\" content=\"TRIBUNA DA PRAIA\" \/>\n<meta property=\"article:publisher\" content=\"https:\/\/www.facebook.com\/tribunadapraiaonline\/\" \/>\n<meta property=\"article:published_time\" content=\"2023-07-29T23:43:08+00:00\" \/>\n<meta property=\"article:modified_time\" content=\"2023-07-30T00:13:57+00:00\" \/>\n<meta property=\"og:image\" content=\"https:\/\/tribunadapraia.com.br\/wp-content\/uploads\/2023\/07\/IMG_20230729_133518_613-300x225.jpg\" \/>\n<meta name=\"twitter:card\" content=\"summary_large_image\" \/>\n<meta name=\"twitter:creator\" content=\"@Claudomir21\" \/>\n<meta name=\"twitter:site\" content=\"@Claudomir21\" \/>\n<meta name=\"twitter:label1\" content=\"Est. tempo de leitura\">\n\t<meta name=\"twitter:data1\" content=\"1 minuto\">\n<script type=\"application\/ld+json\" class=\"yoast-schema-graph\">{\"@context\":\"https:\/\/schema.org\",\"@graph\":[{\"@type\":\"Organization\",\"@id\":\"https:\/\/tribunadapraia.com.br\/#organization\",\"name\":\"Tribuna da Praia\",\"url\":\"https:\/\/tribunadapraia.com.br\/\",\"sameAs\":[\"https:\/\/www.facebook.com\/tribunadapraiaonline\/\",\"https:\/\/www.instagram.com\/claudomirtavares\/\",\"https:\/\/www.youtube.com\/channel\/UCwQf80nxiMzCefAyjbp53Rw\",\"https:\/\/twitter.com\/Claudomir21\"],\"logo\":{\"@type\":\"ImageObject\",\"@id\":\"https:\/\/tribunadapraia.com.br\/#logo\",\"inLanguage\":\"pt-BR\",\"url\":\"https:\/\/tribunadapraia.com.br\/wp-content\/uploads\/2020\/02\/logo.png\",\"contentUrl\":\"https:\/\/tribunadapraia.com.br\/wp-content\/uploads\/2020\/02\/logo.png\",\"width\":501,\"height\":121,\"caption\":\"Tribuna da Praia\"},\"image\":{\"@id\":\"https:\/\/tribunadapraia.com.br\/#logo\"}},{\"@type\":\"WebSite\",\"@id\":\"https:\/\/tribunadapraia.com.br\/#website\",\"url\":\"https:\/\/tribunadapraia.com.br\/\",\"name\":\"TRIBUNA DA PRAIA\",\"description\":\"O 1\\u00ba jornal do interior de Sergipe na internet\",\"publisher\":{\"@id\":\"https:\/\/tribunadapraia.com.br\/#organization\"},\"potentialAction\":[{\"@type\":\"SearchAction\",\"target\":\"https:\/\/tribunadapraia.com.br\/?s={search_term_string}\",\"query-input\":\"required name=search_term_string\"}],\"inLanguage\":\"pt-BR\"},{\"@type\":\"ImageObject\",\"@id\":\"https:\/\/tribunadapraia.com.br\/?p=6545#primaryimage\",\"inLanguage\":\"pt-BR\",\"url\":\"https:\/\/tribunadapraia.com.br\/wp-content\/uploads\/2023\/07\/IMG_20230729_133518_613.jpg\",\"contentUrl\":\"https:\/\/tribunadapraia.com.br\/wp-content\/uploads\/2023\/07\/IMG_20230729_133518_613.jpg\",\"width\":1600,\"height\":1200},{\"@type\":\"WebPage\",\"@id\":\"https:\/\/tribunadapraia.com.br\/?p=6545#webpage\",\"url\":\"https:\/\/tribunadapraia.com.br\/?p=6545\",\"name\":\"Reuni\\u00e3o de consolida\\u00e7\\u00e3o da Associa\\u00e7\\u00e3o Sergipana de Web R\\u00e1dio. - TRIBUNA DA PRAIA\",\"isPartOf\":{\"@id\":\"https:\/\/tribunadapraia.com.br\/#website\"},\"primaryImageOfPage\":{\"@id\":\"https:\/\/tribunadapraia.com.br\/?p=6545#primaryimage\"},\"datePublished\":\"2023-07-29T23:43:08+00:00\",\"dateModified\":\"2023-07-30T00:13:57+00:00\",\"breadcrumb\":{\"@id\":\"https:\/\/tribunadapraia.com.br\/?p=6545#breadcrumb\"},\"inLanguage\":\"pt-BR\",\"potentialAction\":[{\"@type\":\"ReadAction\",\"target\":[\"https:\/\/tribunadapraia.com.br\/?p=6545\"]}]},{\"@type\":\"BreadcrumbList\",\"@id\":\"https:\/\/tribunadapraia.com.br\/?p=6545#breadcrumb\",\"itemListElement\":[{\"@type\":\"ListItem\",\"position\":1,\"item\":{\"@type\":\"WebPage\",\"@id\":\"https:\/\/tribunadapraia.com.br\/\",\"url\":\"https:\/\/tribunadapraia.com.br\/\",\"name\":\"In\\u00edcio\"}},{\"@type\":\"ListItem\",\"position\":2,\"item\":{\"@id\":\"https:\/\/tribunadapraia.com.br\/?p=6545#webpage\"}}]},{\"@type\":\"Article\",\"@id\":\"https:\/\/tribunadapraia.com.br\/?p=6545#article\",\"isPartOf\":{\"@id\":\"https:\/\/tribunadapraia.com.br\/?p=6545#webpage\"},\"author\":{\"@id\":\"https:\/\/tribunadapraia.com.br\/#\/schema\/person\/099fbbf59acc5895c0d7d52b4fc46c97\"},\"headline\":\"Reuni\\u00e3o de consolida\\u00e7\\u00e3o da Associa\\u00e7\\u00e3o Sergipana de Web R\\u00e1dio.\",\"datePublished\":\"2023-07-29T23:43:08+00:00\",\"dateModified\":\"2023-07-30T00:13:57+00:00\",\"mainEntityOfPage\":{\"@id\":\"https:\/\/tribunadapraia.com.br\/?p=6545#webpage\"},\"wordCount\":138,\"commentCount\":0,\"publisher\":{\"@id\":\"https:\/\/tribunadapraia.com.br\/#organization\"},\"image\":{\"@id\":\"https:\/\/tribunadapraia.com.br\/?p=6545#primaryimage\"},\"thumbnailUrl\":\"https:\/\/tribunadapraia.com.br\/wp-content\/uploads\/2023\/07\/IMG_20230729_133518_613-300x225.jpg\",\"articleSection\":[\"Not\\u00edcias\"],\"inLanguage\":\"pt-BR\",\"potentialAction\":[{\"@type\":\"CommentAction\",\"name\":\"Comment\",\"target\":[\"https:\/\/tribunadapraia.com.br\/?p=6545#respond\"]}]},{\"@type\":\"Person\",\"@id\":\"https:\/\/tribunadapraia.com.br\/#\/schema\/person\/099fbbf59acc5895c0d7d52b4fc46c97\",\"name\":\"Reda\\u00e7\\u00e3o\",\"image\":{\"@type\":\"ImageObject\",\"@id\":\"https:\/\/tribunadapraia.com.br\/#personlogo\",\"inLanguage\":\"pt-BR\",\"url\":\"https:\/\/secure.gravatar.com\/avatar\/91c8b91d2bfd7784eac5c3e055361f64?s=96&d=identicon&r=g\",\"contentUrl\":\"https:\/\/secure.gravatar.com\/avatar\/91c8b91d2bfd7784eac5c3e055361f64?s=96&d=identicon&r=g\",\"caption\":\"Reda\\u00e7\\u00e3o\"}}]}<\/script>\n<!-- \/ Yoast SEO plugin. -->","wps_subtitle":"","_links":{"self":[{"href":"https:\/\/tribunadapraia.com.br\/index.php?rest_route=\/wp\/v2\/posts\/6545"}],"collection":[{"href":"https:\/\/tribunadapraia.com.br\/index.php?rest_route=\/wp\/v2\/posts"}],"about":[{"href":"https:\/\/tribunadapraia.com.br\/index.php?rest_route=\/wp\/v2\/types\/post"}],"author":[{"embeddable":true,"href":"https:\/\/tribunadapraia.com.br\/index.php?rest_route=\/wp\/v2\/users\/3"}],"replies":[{"embeddable":true,"href":"https:\/\/tribunadapraia.com.br\/index.php?rest_route=%2Fwp%2Fv2%2Fcomments&post=6545"}],"version-history":[{"count":5,"href":"https:\/\/tribunadapraia.com.br\/index.php?rest_route=\/wp\/v2\/posts\/6545\/revisions"}],"predecessor-version":[{"id":6553,"href":"https:\/\/tribunadapraia.com.br\/index.php?rest_route=\/wp\/v2\/posts\/6545\/revisions\/6553"}],"wp:attachment":[{"href":"https:\/\/tribunadapraia.com.br\/index.php?rest_route=%2Fwp%2Fv2%2Fmedia&parent=6545"}],"wp:term":[{"taxonomy":"category","embeddable":true,"href":"https:\/\/tribunadapraia.com.br\/index.php?rest_route=%2Fwp%2Fv2%2Fcategories&post=6545"},{"taxonomy":"post_tag","embeddable":true,"href":"https:\/\/tribunadapraia.com.br\/index.php?rest_route=%2Fwp%2Fv2%2Ftags&post=6545"}],"curies":[{"name":"wp","href":"https:\/\/api.w.org\/{rel}","templated":true}]}}