{"id":6543,"date":"2023-07-24T11:09:46","date_gmt":"2023-07-24T14:09:46","guid":{"rendered":"https:\/\/tribunadapraia.com.br\/?p=6543"},"modified":"2023-07-24T11:09:46","modified_gmt":"2023-07-24T14:09:46","slug":"fique-de-olho-por-culpa-da-administracao-publica-municipal-os-professores-e-as-professoras-de-pirambu-poderao-cair-na-chamada-malha-fiscal-da-receita-federal","status":"publish","type":"post","link":"https:\/\/tribunadapraia.com.br\/?p=6543","title":{"rendered":"FIQUE DE OLHO: Por culpa da administra\u00e7\u00e3o p\u00fablica municipal, os professores e as professoras de Pirambu poder\u00e3o cair na chamada malha fiscal da Receita Federal"},"content":{"rendered":"<p><img loading=\"lazy\" class=\"alignnone size-medium wp-image-6546\" src=\"https:\/\/tribunadapraia.com.br\/wp-content\/uploads\/2023\/07\/bfdf8170-5cd8-11ec-a243-9510b0eeb5dd-300x177.jpeg\" alt=\"\" width=\"300\" height=\"177\" srcset=\"https:\/\/tribunadapraia.com.br\/wp-content\/uploads\/2023\/07\/bfdf8170-5cd8-11ec-a243-9510b0eeb5dd-300x177.jpeg 300w, https:\/\/tribunadapraia.com.br\/wp-content\/uploads\/2023\/07\/bfdf8170-5cd8-11ec-a243-9510b0eeb5dd-768x452.jpeg 768w, https:\/\/tribunadapraia.com.br\/wp-content\/uploads\/2023\/07\/bfdf8170-5cd8-11ec-a243-9510b0eeb5dd.jpeg 870w\" sizes=\"(max-width: 300px) 100vw, 300px\" \/><\/p>\r\n\r\n<p><br \/>Impedidos de receber suas restitui\u00e7\u00f5es do imposto de renda, e ainda sujeitos a cair na malha fiscal, os professores e professoras de Pirambu est\u00e3o preocupados com a situa\u00e7\u00e3o. <br \/>Ocorre que administra\u00e7\u00e3o do munic\u00edpio n\u00e3o encaminhou a DIRF para a Receita Federal e dever\u00e1 arcar com as consequ\u00eancias.<br \/>A equipe do SINTESE, est\u00e1 orientando professores a como proceder, para que o munic\u00edpio responda por sua falta de zelo pelas quest\u00f5es p\u00fablicas e a vida financeira e profissional dos professores.<br \/><br \/>Procurando compreender as raz\u00f5es da administra\u00e7\u00e3o p\u00fablica municipal de Pirambu, possa ter negligenciado e n\u00e3o ter entregue a DIRF dos servidores municipais na Secretaria da Receita Federal.<br \/>O munic\u00edpio alegou, que Pirambu n\u00e3o entregou a DIRF porque estava sem cadastro atualizado dos respons\u00e1veis pelo munic\u00edpio junto a Receita Federal. Por isso, o munic\u00edpio de Pirambu continua sem entregar a DIRF referente a 2022, pois somente o pode fazer, quando o cadastro dos gestores for aprovado pela Receita Federal.<br \/>Ademais, uma outra problem\u00e1tica que assusta a categoria do magist\u00e9rio e que precisa ser analisada \u00e9 a quest\u00e3o do repasse do INSS.<br \/>Os professores e professoras, aguarda que administra\u00e7\u00e3o p\u00fablica municipal de Pirambu, honre os princ\u00edpios de trabalhar a favor do interesse p\u00fablico, dos direitos e interesses dos seus servidores e da popula\u00e7\u00e3o, como assim diz a lei.<br \/><br \/>Equipe Tribuna da Praia<\/p>\r\n","protected":false},"excerpt":{"rendered":"<p>Impedidos de receber suas restitui\u00e7\u00f5es do imposto de renda, e ainda sujeitos a cair na malha fiscal, os professores e professoras de Pirambu est\u00e3o preocupados com a situa\u00e7\u00e3o. Ocorre que administra\u00e7\u00e3o do munic\u00edpio n\u00e3o encaminhou a DIRF para a Receita Federal e dever\u00e1 arcar com as consequ\u00eancias.A equipe do SINTESE, est\u00e1 orientando professores a como proceder, para que o munic\u00edpio responda por sua falta de zelo pelas quest\u00f5es p\u00fablicas e<\/p>\n","protected":false},"author":3,"featured_media":0,"comment_status":"open","ping_status":"open","sticky":false,"template":"","format":"standard","meta":[],"categories":[18],"tags":[],"yoast_head":"<!-- This site is optimized with the Yoast SEO plugin v16.3 - https:\/\/yoast.com\/wordpress\/plugins\/seo\/ -->\n<title>FIQUE DE OLHO: Por culpa da administra\u00e7\u00e3o p\u00fablica municipal, os professores e as professoras de Pirambu poder\u00e3o cair na chamada malha fiscal da Receita Federal - TRIBUNA DA PRAIA<\/title>\n<meta name=\"robots\" content=\"index, follow, max-snippet:-1, max-image-preview:large, max-video-preview:-1\" \/>\n<link rel=\"canonical\" href=\"https:\/\/tribunadapraia.com.br\/?p=6543\" \/>\n<meta property=\"og:locale\" content=\"pt_BR\" \/>\n<meta property=\"og:type\" content=\"article\" \/>\n<meta property=\"og:title\" content=\"FIQUE DE OLHO: Por culpa da administra\u00e7\u00e3o p\u00fablica municipal, os professores e as professoras de Pirambu poder\u00e3o cair na chamada malha fiscal da Receita Federal - TRIBUNA DA PRAIA\" \/>\n<meta property=\"og:description\" content=\"Impedidos de receber suas restitui\u00e7\u00f5es do imposto de renda, e ainda sujeitos a cair na malha fiscal, os professores e professoras de Pirambu est\u00e3o preocupados com a situa\u00e7\u00e3o. Ocorre que administra\u00e7\u00e3o do munic\u00edpio n\u00e3o encaminhou a DIRF para a Receita Federal e dever\u00e1 arcar com as consequ\u00eancias.A equipe do SINTESE, est\u00e1 orientando professores a como proceder, para que o munic\u00edpio responda por sua falta de zelo pelas quest\u00f5es p\u00fablicas e\" \/>\n<meta property=\"og:url\" content=\"https:\/\/tribunadapraia.com.br\/?p=6543\" \/>\n<meta property=\"og:site_name\" content=\"TRIBUNA DA PRAIA\" \/>\n<meta property=\"article:publisher\" content=\"https:\/\/www.facebook.com\/tribunadapraiaonline\/\" \/>\n<meta property=\"article:published_time\" content=\"2023-07-24T14:09:46+00:00\" \/>\n<meta property=\"og:image\" content=\"https:\/\/tribunadapraia.com.br\/wp-content\/uploads\/2023\/07\/bfdf8170-5cd8-11ec-a243-9510b0eeb5dd-300x177.jpeg\" \/>\n<meta name=\"twitter:card\" content=\"summary_large_image\" \/>\n<meta name=\"twitter:creator\" content=\"@Claudomir21\" \/>\n<meta name=\"twitter:site\" content=\"@Claudomir21\" \/>\n<meta name=\"twitter:label1\" content=\"Est. tempo de leitura\">\n\t<meta name=\"twitter:data1\" content=\"2 minutos\">\n<script type=\"application\/ld+json\" class=\"yoast-schema-graph\">{\"@context\":\"https:\/\/schema.org\",\"@graph\":[{\"@type\":\"Organization\",\"@id\":\"https:\/\/tribunadapraia.com.br\/#organization\",\"name\":\"Tribuna da Praia\",\"url\":\"https:\/\/tribunadapraia.com.br\/\",\"sameAs\":[\"https:\/\/www.facebook.com\/tribunadapraiaonline\/\",\"https:\/\/www.instagram.com\/claudomirtavares\/\",\"https:\/\/www.youtube.com\/channel\/UCwQf80nxiMzCefAyjbp53Rw\",\"https:\/\/twitter.com\/Claudomir21\"],\"logo\":{\"@type\":\"ImageObject\",\"@id\":\"https:\/\/tribunadapraia.com.br\/#logo\",\"inLanguage\":\"pt-BR\",\"url\":\"https:\/\/tribunadapraia.com.br\/wp-content\/uploads\/2020\/02\/logo.png\",\"contentUrl\":\"https:\/\/tribunadapraia.com.br\/wp-content\/uploads\/2020\/02\/logo.png\",\"width\":501,\"height\":121,\"caption\":\"Tribuna da Praia\"},\"image\":{\"@id\":\"https:\/\/tribunadapraia.com.br\/#logo\"}},{\"@type\":\"WebSite\",\"@id\":\"https:\/\/tribunadapraia.com.br\/#website\",\"url\":\"https:\/\/tribunadapraia.com.br\/\",\"name\":\"TRIBUNA DA PRAIA\",\"description\":\"O 1\\u00ba jornal do interior de Sergipe na internet\",\"publisher\":{\"@id\":\"https:\/\/tribunadapraia.com.br\/#organization\"},\"potentialAction\":[{\"@type\":\"SearchAction\",\"target\":\"https:\/\/tribunadapraia.com.br\/?s={search_term_string}\",\"query-input\":\"required name=search_term_string\"}],\"inLanguage\":\"pt-BR\"},{\"@type\":\"ImageObject\",\"@id\":\"https:\/\/tribunadapraia.com.br\/?p=6543#primaryimage\",\"inLanguage\":\"pt-BR\",\"url\":\"https:\/\/tribunadapraia.com.br\/wp-content\/uploads\/2023\/07\/bfdf8170-5cd8-11ec-a243-9510b0eeb5dd.jpeg\",\"contentUrl\":\"https:\/\/tribunadapraia.com.br\/wp-content\/uploads\/2023\/07\/bfdf8170-5cd8-11ec-a243-9510b0eeb5dd.jpeg\",\"width\":870,\"height\":512},{\"@type\":\"WebPage\",\"@id\":\"https:\/\/tribunadapraia.com.br\/?p=6543#webpage\",\"url\":\"https:\/\/tribunadapraia.com.br\/?p=6543\",\"name\":\"FIQUE DE OLHO: Por culpa da administra\\u00e7\\u00e3o p\\u00fablica municipal, os professores e as professoras de Pirambu poder\\u00e3o cair na chamada malha fiscal da Receita Federal - TRIBUNA DA PRAIA\",\"isPartOf\":{\"@id\":\"https:\/\/tribunadapraia.com.br\/#website\"},\"primaryImageOfPage\":{\"@id\":\"https:\/\/tribunadapraia.com.br\/?p=6543#primaryimage\"},\"datePublished\":\"2023-07-24T14:09:46+00:00\",\"dateModified\":\"2023-07-24T14:09:46+00:00\",\"breadcrumb\":{\"@id\":\"https:\/\/tribunadapraia.com.br\/?p=6543#breadcrumb\"},\"inLanguage\":\"pt-BR\",\"potentialAction\":[{\"@type\":\"ReadAction\",\"target\":[\"https:\/\/tribunadapraia.com.br\/?p=6543\"]}]},{\"@type\":\"BreadcrumbList\",\"@id\":\"https:\/\/tribunadapraia.com.br\/?p=6543#breadcrumb\",\"itemListElement\":[{\"@type\":\"ListItem\",\"position\":1,\"item\":{\"@type\":\"WebPage\",\"@id\":\"https:\/\/tribunadapraia.com.br\/\",\"url\":\"https:\/\/tribunadapraia.com.br\/\",\"name\":\"In\\u00edcio\"}},{\"@type\":\"ListItem\",\"position\":2,\"item\":{\"@id\":\"https:\/\/tribunadapraia.com.br\/?p=6543#webpage\"}}]},{\"@type\":\"Article\",\"@id\":\"https:\/\/tribunadapraia.com.br\/?p=6543#article\",\"isPartOf\":{\"@id\":\"https:\/\/tribunadapraia.com.br\/?p=6543#webpage\"},\"author\":{\"@id\":\"https:\/\/tribunadapraia.com.br\/#\/schema\/person\/099fbbf59acc5895c0d7d52b4fc46c97\"},\"headline\":\"FIQUE DE OLHO: Por culpa da administra\\u00e7\\u00e3o p\\u00fablica municipal, os professores e as professoras de Pirambu poder\\u00e3o cair na chamada malha fiscal da Receita Federal\",\"datePublished\":\"2023-07-24T14:09:46+00:00\",\"dateModified\":\"2023-07-24T14:09:46+00:00\",\"mainEntityOfPage\":{\"@id\":\"https:\/\/tribunadapraia.com.br\/?p=6543#webpage\"},\"wordCount\":271,\"commentCount\":0,\"publisher\":{\"@id\":\"https:\/\/tribunadapraia.com.br\/#organization\"},\"image\":{\"@id\":\"https:\/\/tribunadapraia.com.br\/?p=6543#primaryimage\"},\"thumbnailUrl\":\"https:\/\/tribunadapraia.com.br\/wp-content\/uploads\/2023\/07\/bfdf8170-5cd8-11ec-a243-9510b0eeb5dd-300x177.jpeg\",\"articleSection\":[\"Not\\u00edcias\"],\"inLanguage\":\"pt-BR\",\"potentialAction\":[{\"@type\":\"CommentAction\",\"name\":\"Comment\",\"target\":[\"https:\/\/tribunadapraia.com.br\/?p=6543#respond\"]}]},{\"@type\":\"Person\",\"@id\":\"https:\/\/tribunadapraia.com.br\/#\/schema\/person\/099fbbf59acc5895c0d7d52b4fc46c97\",\"name\":\"Reda\\u00e7\\u00e3o\",\"image\":{\"@type\":\"ImageObject\",\"@id\":\"https:\/\/tribunadapraia.com.br\/#personlogo\",\"inLanguage\":\"pt-BR\",\"url\":\"https:\/\/secure.gravatar.com\/avatar\/91c8b91d2bfd7784eac5c3e055361f64?s=96&d=identicon&r=g\",\"contentUrl\":\"https:\/\/secure.gravatar.com\/avatar\/91c8b91d2bfd7784eac5c3e055361f64?s=96&d=identicon&r=g\",\"caption\":\"Reda\\u00e7\\u00e3o\"}}]}<\/script>\n<!-- \/ Yoast SEO plugin. -->","wps_subtitle":"","_links":{"self":[{"href":"https:\/\/tribunadapraia.com.br\/index.php?rest_route=\/wp\/v2\/posts\/6543"}],"collection":[{"href":"https:\/\/tribunadapraia.com.br\/index.php?rest_route=\/wp\/v2\/posts"}],"about":[{"href":"https:\/\/tribunadapraia.com.br\/index.php?rest_route=\/wp\/v2\/types\/post"}],"author":[{"embeddable":true,"href":"https:\/\/tribunadapraia.com.br\/index.php?rest_route=\/wp\/v2\/users\/3"}],"replies":[{"embeddable":true,"href":"https:\/\/tribunadapraia.com.br\/index.php?rest_route=%2Fwp%2Fv2%2Fcomments&post=6543"}],"version-history":[{"count":2,"href":"https:\/\/tribunadapraia.com.br\/index.php?rest_route=\/wp\/v2\/posts\/6543\/revisions"}],"predecessor-version":[{"id":6547,"href":"https:\/\/tribunadapraia.com.br\/index.php?rest_route=\/wp\/v2\/posts\/6543\/revisions\/6547"}],"wp:attachment":[{"href":"https:\/\/tribunadapraia.com.br\/index.php?rest_route=%2Fwp%2Fv2%2Fmedia&parent=6543"}],"wp:term":[{"taxonomy":"category","embeddable":true,"href":"https:\/\/tribunadapraia.com.br\/index.php?rest_route=%2Fwp%2Fv2%2Fcategories&post=6543"},{"taxonomy":"post_tag","embeddable":true,"href":"https:\/\/tribunadapraia.com.br\/index.php?rest_route=%2Fwp%2Fv2%2Ftags&post=6543"}],"curies":[{"name":"wp","href":"https:\/\/api.w.org\/{rel}","templated":true}]}}