{"id":654,"date":"2020-03-19T07:56:20","date_gmt":"2020-03-19T10:56:20","guid":{"rendered":"https:\/\/tribunadapraia.com.br\/?p=654"},"modified":"2020-03-19T07:56:20","modified_gmt":"2020-03-19T10:56:20","slug":"antonio-samarone-carta-aberta-ao-governador-de-sergipe-e-ao-prefeito-de-aracaju-excelencias","status":"publish","type":"post","link":"https:\/\/tribunadapraia.com.br\/?p=654","title":{"rendered":"ANT\u00d4NIO SAMARONE: Carta Aberta ao Governador de Sergipe e ao Prefeito de Aracaju  Excel\u00eancias&#8230;"},"content":{"rendered":"<p>Excel\u00eancias..<\/p>\n<p>O mundo est\u00e1 assombrado com a Pandemia. Vejam o que est\u00e1 ocorrendo na It\u00e1lia.<\/p>\n<p>O maior problema \u00e9 a falta de leitos para atender os pacientes graves. A mortalidade cresceu muito por conta dessa defici\u00eancia.<\/p>\n<p>A China montou um hospital de mil leitos em oito dias.<\/p>\n<p>Voc\u00eas est\u00e3o esperando o qu\u00ea para montar uma estrutura de atendimento? Para formar as equipes de profissionais, estabelecer os protocolos de atendimento?<\/p>\n<p>Para onde encaminhar os primeiros doentes graves?<\/p>\n<p>A Prefeitura apresentou como Plano de Conting\u00eancia um &#8220;Power Point&#8221; de obviedades. Vergonhoso!<\/p>\n<p>Voc\u00eas est\u00e3o atolados na politicagem! Assinam decretos, d\u00e3o entrevistas coletivas, jogam para a plateia. Fazendo de conta que est\u00e3o preocupados.<\/p>\n<p>Mostrem-se \u00e0 altura da gravidade do momento! Entreguem o comando aos profissionais de sa\u00fade capacitados. E saiam dos holofotes.<\/p>\n<p>Urge provid\u00eancias para se atenuar as sequelas da Peste que nos amea\u00e7a.<\/p>\n<p>Voc\u00eas est\u00e3o apostando que Sergipe ficar\u00e1 de fora? \u00c9 uma aposta irrespons\u00e1vel!<\/p>\n<p>Ou voc\u00eas est\u00e3o esperando os primeiros \u00f3bitos, para montarem uma estrutura b\u00e1sica para o atendimento? Ser\u00e1 tarde&#8230;<\/p>\n<p>_* Antonio Samarone \u00e9 m\u00e9dico sanitarista e professor de Sa\u00fade P\u00fablica da UFS_<\/p>\n","protected":false},"excerpt":{"rendered":"<p>Excel\u00eancias.. O mundo est\u00e1 assombrado com a Pandemia. Vejam o que est\u00e1 ocorrendo na It\u00e1lia. O maior problema \u00e9 a falta de leitos para atender os pacientes graves. A mortalidade cresceu muito por conta dessa defici\u00eancia. A China montou um hospital de mil leitos em oito dias. Voc\u00eas est\u00e3o esperando o qu\u00ea para montar uma estrutura de atendimento? Para formar as equipes de profissionais, estabelecer os protocolos de atendimento? Para<\/p>\n","protected":false},"author":3,"featured_media":655,"comment_status":"open","ping_status":"open","sticky":false,"template":"","format":"standard","meta":[],"categories":[18],"tags":[],"yoast_head":"<!-- This site is optimized with the Yoast SEO plugin v16.3 - https:\/\/yoast.com\/wordpress\/plugins\/seo\/ -->\n<title>ANT\u00d4NIO SAMARONE: Carta Aberta ao Governador de Sergipe e ao Prefeito de Aracaju Excel\u00eancias... - TRIBUNA DA PRAIA<\/title>\n<meta name=\"robots\" content=\"index, follow, max-snippet:-1, max-image-preview:large, max-video-preview:-1\" \/>\n<link rel=\"canonical\" href=\"https:\/\/tribunadapraia.com.br\/?p=654\" \/>\n<meta property=\"og:locale\" content=\"pt_BR\" \/>\n<meta property=\"og:type\" content=\"article\" \/>\n<meta property=\"og:title\" content=\"ANT\u00d4NIO SAMARONE: Carta Aberta ao Governador de Sergipe e ao Prefeito de Aracaju Excel\u00eancias... - TRIBUNA DA PRAIA\" \/>\n<meta property=\"og:description\" content=\"Excel\u00eancias.. O mundo est\u00e1 assombrado com a Pandemia. Vejam o que est\u00e1 ocorrendo na It\u00e1lia. O maior problema \u00e9 a falta de leitos para atender os pacientes graves. A mortalidade cresceu muito por conta dessa defici\u00eancia. A China montou um hospital de mil leitos em oito dias. Voc\u00eas est\u00e3o esperando o qu\u00ea para montar uma estrutura de atendimento? Para formar as equipes de profissionais, estabelecer os protocolos de atendimento? Para\" \/>\n<meta property=\"og:url\" content=\"https:\/\/tribunadapraia.com.br\/?p=654\" \/>\n<meta property=\"og:site_name\" content=\"TRIBUNA DA PRAIA\" \/>\n<meta property=\"article:publisher\" content=\"https:\/\/www.facebook.com\/tribunadapraiaonline\/\" \/>\n<meta property=\"article:published_time\" content=\"2020-03-19T10:56:20+00:00\" \/>\n<meta property=\"og:image\" content=\"https:\/\/tribunadapraia.com.br\/wp-content\/uploads\/2020\/03\/IMG-20200319-WA0020.jpg\" \/>\n\t<meta property=\"og:image:width\" content=\"750\" \/>\n\t<meta property=\"og:image:height\" content=\"423\" \/>\n<meta name=\"twitter:card\" content=\"summary_large_image\" \/>\n<meta name=\"twitter:creator\" content=\"@Claudomir21\" \/>\n<meta name=\"twitter:site\" content=\"@Claudomir21\" \/>\n<meta name=\"twitter:label1\" content=\"Est. tempo de leitura\">\n\t<meta name=\"twitter:data1\" content=\"1 minuto\">\n<script type=\"application\/ld+json\" class=\"yoast-schema-graph\">{\"@context\":\"https:\/\/schema.org\",\"@graph\":[{\"@type\":\"Organization\",\"@id\":\"https:\/\/tribunadapraia.com.br\/#organization\",\"name\":\"Tribuna da Praia\",\"url\":\"https:\/\/tribunadapraia.com.br\/\",\"sameAs\":[\"https:\/\/www.facebook.com\/tribunadapraiaonline\/\",\"https:\/\/www.instagram.com\/claudomirtavares\/\",\"https:\/\/www.youtube.com\/channel\/UCwQf80nxiMzCefAyjbp53Rw\",\"https:\/\/twitter.com\/Claudomir21\"],\"logo\":{\"@type\":\"ImageObject\",\"@id\":\"https:\/\/tribunadapraia.com.br\/#logo\",\"inLanguage\":\"pt-BR\",\"url\":\"https:\/\/tribunadapraia.com.br\/wp-content\/uploads\/2020\/02\/logo.png\",\"contentUrl\":\"https:\/\/tribunadapraia.com.br\/wp-content\/uploads\/2020\/02\/logo.png\",\"width\":501,\"height\":121,\"caption\":\"Tribuna da Praia\"},\"image\":{\"@id\":\"https:\/\/tribunadapraia.com.br\/#logo\"}},{\"@type\":\"WebSite\",\"@id\":\"https:\/\/tribunadapraia.com.br\/#website\",\"url\":\"https:\/\/tribunadapraia.com.br\/\",\"name\":\"TRIBUNA DA PRAIA\",\"description\":\"O 1\\u00ba jornal do interior de Sergipe na internet\",\"publisher\":{\"@id\":\"https:\/\/tribunadapraia.com.br\/#organization\"},\"potentialAction\":[{\"@type\":\"SearchAction\",\"target\":\"https:\/\/tribunadapraia.com.br\/?s={search_term_string}\",\"query-input\":\"required name=search_term_string\"}],\"inLanguage\":\"pt-BR\"},{\"@type\":\"ImageObject\",\"@id\":\"https:\/\/tribunadapraia.com.br\/?p=654#primaryimage\",\"inLanguage\":\"pt-BR\",\"url\":\"https:\/\/tribunadapraia.com.br\/wp-content\/uploads\/2020\/03\/IMG-20200319-WA0020.jpg\",\"contentUrl\":\"https:\/\/tribunadapraia.com.br\/wp-content\/uploads\/2020\/03\/IMG-20200319-WA0020.jpg\",\"width\":750,\"height\":423},{\"@type\":\"WebPage\",\"@id\":\"https:\/\/tribunadapraia.com.br\/?p=654#webpage\",\"url\":\"https:\/\/tribunadapraia.com.br\/?p=654\",\"name\":\"ANT\\u00d4NIO SAMARONE: Carta Aberta ao Governador de Sergipe e ao Prefeito de Aracaju Excel\\u00eancias... - TRIBUNA DA PRAIA\",\"isPartOf\":{\"@id\":\"https:\/\/tribunadapraia.com.br\/#website\"},\"primaryImageOfPage\":{\"@id\":\"https:\/\/tribunadapraia.com.br\/?p=654#primaryimage\"},\"datePublished\":\"2020-03-19T10:56:20+00:00\",\"dateModified\":\"2020-03-19T10:56:20+00:00\",\"breadcrumb\":{\"@id\":\"https:\/\/tribunadapraia.com.br\/?p=654#breadcrumb\"},\"inLanguage\":\"pt-BR\",\"potentialAction\":[{\"@type\":\"ReadAction\",\"target\":[\"https:\/\/tribunadapraia.com.br\/?p=654\"]}]},{\"@type\":\"BreadcrumbList\",\"@id\":\"https:\/\/tribunadapraia.com.br\/?p=654#breadcrumb\",\"itemListElement\":[{\"@type\":\"ListItem\",\"position\":1,\"item\":{\"@type\":\"WebPage\",\"@id\":\"https:\/\/tribunadapraia.com.br\/\",\"url\":\"https:\/\/tribunadapraia.com.br\/\",\"name\":\"In\\u00edcio\"}},{\"@type\":\"ListItem\",\"position\":2,\"item\":{\"@id\":\"https:\/\/tribunadapraia.com.br\/?p=654#webpage\"}}]},{\"@type\":\"Article\",\"@id\":\"https:\/\/tribunadapraia.com.br\/?p=654#article\",\"isPartOf\":{\"@id\":\"https:\/\/tribunadapraia.com.br\/?p=654#webpage\"},\"author\":{\"@id\":\"https:\/\/tribunadapraia.com.br\/#\/schema\/person\/099fbbf59acc5895c0d7d52b4fc46c97\"},\"headline\":\"ANT\\u00d4NIO SAMARONE: Carta Aberta ao Governador de Sergipe e ao Prefeito de Aracaju Excel\\u00eancias&#8230;\",\"datePublished\":\"2020-03-19T10:56:20+00:00\",\"dateModified\":\"2020-03-19T10:56:20+00:00\",\"mainEntityOfPage\":{\"@id\":\"https:\/\/tribunadapraia.com.br\/?p=654#webpage\"},\"wordCount\":215,\"commentCount\":0,\"publisher\":{\"@id\":\"https:\/\/tribunadapraia.com.br\/#organization\"},\"image\":{\"@id\":\"https:\/\/tribunadapraia.com.br\/?p=654#primaryimage\"},\"thumbnailUrl\":\"https:\/\/tribunadapraia.com.br\/wp-content\/uploads\/2020\/03\/IMG-20200319-WA0020.jpg\",\"articleSection\":[\"Not\\u00edcias\"],\"inLanguage\":\"pt-BR\",\"potentialAction\":[{\"@type\":\"CommentAction\",\"name\":\"Comment\",\"target\":[\"https:\/\/tribunadapraia.com.br\/?p=654#respond\"]}]},{\"@type\":\"Person\",\"@id\":\"https:\/\/tribunadapraia.com.br\/#\/schema\/person\/099fbbf59acc5895c0d7d52b4fc46c97\",\"name\":\"Reda\\u00e7\\u00e3o\",\"image\":{\"@type\":\"ImageObject\",\"@id\":\"https:\/\/tribunadapraia.com.br\/#personlogo\",\"inLanguage\":\"pt-BR\",\"url\":\"https:\/\/secure.gravatar.com\/avatar\/91c8b91d2bfd7784eac5c3e055361f64?s=96&d=identicon&r=g\",\"contentUrl\":\"https:\/\/secure.gravatar.com\/avatar\/91c8b91d2bfd7784eac5c3e055361f64?s=96&d=identicon&r=g\",\"caption\":\"Reda\\u00e7\\u00e3o\"}}]}<\/script>\n<!-- \/ Yoast SEO plugin. -->","wps_subtitle":"","_links":{"self":[{"href":"https:\/\/tribunadapraia.com.br\/index.php?rest_route=\/wp\/v2\/posts\/654"}],"collection":[{"href":"https:\/\/tribunadapraia.com.br\/index.php?rest_route=\/wp\/v2\/posts"}],"about":[{"href":"https:\/\/tribunadapraia.com.br\/index.php?rest_route=\/wp\/v2\/types\/post"}],"author":[{"embeddable":true,"href":"https:\/\/tribunadapraia.com.br\/index.php?rest_route=\/wp\/v2\/users\/3"}],"replies":[{"embeddable":true,"href":"https:\/\/tribunadapraia.com.br\/index.php?rest_route=%2Fwp%2Fv2%2Fcomments&post=654"}],"version-history":[{"count":1,"href":"https:\/\/tribunadapraia.com.br\/index.php?rest_route=\/wp\/v2\/posts\/654\/revisions"}],"predecessor-version":[{"id":656,"href":"https:\/\/tribunadapraia.com.br\/index.php?rest_route=\/wp\/v2\/posts\/654\/revisions\/656"}],"wp:featuredmedia":[{"embeddable":true,"href":"https:\/\/tribunadapraia.com.br\/index.php?rest_route=\/wp\/v2\/media\/655"}],"wp:attachment":[{"href":"https:\/\/tribunadapraia.com.br\/index.php?rest_route=%2Fwp%2Fv2%2Fmedia&parent=654"}],"wp:term":[{"taxonomy":"category","embeddable":true,"href":"https:\/\/tribunadapraia.com.br\/index.php?rest_route=%2Fwp%2Fv2%2Fcategories&post=654"},{"taxonomy":"post_tag","embeddable":true,"href":"https:\/\/tribunadapraia.com.br\/index.php?rest_route=%2Fwp%2Fv2%2Ftags&post=654"}],"curies":[{"name":"wp","href":"https:\/\/api.w.org\/{rel}","templated":true}]}}