{"id":6530,"date":"2023-07-06T20:37:09","date_gmt":"2023-07-06T23:37:09","guid":{"rendered":"https:\/\/tribunadapraia.com.br\/?p=6530"},"modified":"2023-07-06T20:42:22","modified_gmt":"2023-07-06T23:42:22","slug":"reuniao-do-peac-no-povoado-lagoa-redonda-elegera-representante-da-comunidade","status":"publish","type":"post","link":"https:\/\/tribunadapraia.com.br\/?p=6530","title":{"rendered":"Reuni\u00e3o do PEAC no povoado Lagoa Redonda eleger\u00e1 representante da comunidade"},"content":{"rendered":"<p><img loading=\"lazy\" class=\"alignnone size-medium wp-image-6539\" src=\"https:\/\/tribunadapraia.com.br\/wp-content\/uploads\/2023\/07\/Screenshot_20230706-202101_Instagram-300x285.jpg\" alt=\"\" width=\"300\" height=\"285\" srcset=\"https:\/\/tribunadapraia.com.br\/wp-content\/uploads\/2023\/07\/Screenshot_20230706-202101_Instagram-300x285.jpg 300w, https:\/\/tribunadapraia.com.br\/wp-content\/uploads\/2023\/07\/Screenshot_20230706-202101_Instagram.jpg 606w\" sizes=\"(max-width: 300px) 100vw, 300px\" \/><\/p>\r\n\r\n<p><br \/>Nesta sexta-feira, dia 07 de julho, haver\u00e1 reuni\u00e3o do PEAC para elei\u00e7\u00e3o dos\/das representantes do povoado Lagoa Redonda,para participar do 12\u00b0 Encontro do PEAC (Programa de Educa\u00e7\u00e3o Ambiental com Comunidades Costeiras) que \u00e9 realizado pelas UFS (Universidade Federal de Sergipe). A reuni\u00e3o ser\u00e1 \u00e0s 16h,na Capela de Santo Ant\u00f4nio em Lagoa Redonda. <br \/><br \/>O encontro estadual do PEAC dever\u00e1 reunir 98 comunidades do litoral de Sergipe,visando o fortalecimento da luta em defesa dos territ\u00f3rios dos povos e comunidades tradicionais (como pescadores, marisqueiras e catadoras de mangaba).<br \/><br \/>O encontro que ocorre anualmente,vai eleger tamb\u00e9m o novo Conselho Gestor do PEAC, para acompanhar e fiscalizar a execu\u00e7\u00e3o das obriga\u00e7\u00f5es da Petrobr\u00e1s junto \u00e0s comunidades, por conta da explora\u00e7\u00e3o de petr\u00f3leo no mar.<br \/>A realiza\u00e7\u00e3o do PEAC \u00e9 uma medida de mitiga\u00e7\u00e3o exigida pelo licenciamento ambiental federal conduzido pelo Ibama.<br \/><br \/>Fonte:PEAC<br \/><br \/>Por: Equipe Tribuna da Praia<\/p>\r\n","protected":false},"excerpt":{"rendered":"<p>Nesta sexta-feira, dia 07 de julho, haver\u00e1 reuni\u00e3o do PEAC para elei\u00e7\u00e3o dos\/das representantes do povoado Lagoa Redonda,para participar do 12\u00b0 Encontro do PEAC (Programa de Educa\u00e7\u00e3o Ambiental com Comunidades Costeiras) que \u00e9 realizado pelas UFS (Universidade Federal de Sergipe). A reuni\u00e3o ser\u00e1 \u00e0s 16h,na Capela de Santo Ant\u00f4nio em Lagoa Redonda. O encontro estadual do PEAC dever\u00e1 reunir 98 comunidades do litoral de Sergipe,visando o fortalecimento da luta em<\/p>\n","protected":false},"author":3,"featured_media":0,"comment_status":"open","ping_status":"open","sticky":false,"template":"","format":"standard","meta":[],"categories":[18],"tags":[],"yoast_head":"<!-- This site is optimized with the Yoast SEO plugin v16.3 - https:\/\/yoast.com\/wordpress\/plugins\/seo\/ -->\n<title>Reuni\u00e3o do PEAC no povoado Lagoa Redonda eleger\u00e1 representante da comunidade - TRIBUNA DA PRAIA<\/title>\n<meta name=\"robots\" content=\"index, follow, max-snippet:-1, max-image-preview:large, max-video-preview:-1\" \/>\n<link rel=\"canonical\" href=\"https:\/\/tribunadapraia.com.br\/?p=6530\" \/>\n<meta property=\"og:locale\" content=\"pt_BR\" \/>\n<meta property=\"og:type\" content=\"article\" \/>\n<meta property=\"og:title\" content=\"Reuni\u00e3o do PEAC no povoado Lagoa Redonda eleger\u00e1 representante da comunidade - TRIBUNA DA PRAIA\" \/>\n<meta property=\"og:description\" content=\"Nesta sexta-feira, dia 07 de julho, haver\u00e1 reuni\u00e3o do PEAC para elei\u00e7\u00e3o dos\/das representantes do povoado Lagoa Redonda,para participar do 12\u00b0 Encontro do PEAC (Programa de Educa\u00e7\u00e3o Ambiental com Comunidades Costeiras) que \u00e9 realizado pelas UFS (Universidade Federal de Sergipe). A reuni\u00e3o ser\u00e1 \u00e0s 16h,na Capela de Santo Ant\u00f4nio em Lagoa Redonda. O encontro estadual do PEAC dever\u00e1 reunir 98 comunidades do litoral de Sergipe,visando o fortalecimento da luta em\" \/>\n<meta property=\"og:url\" content=\"https:\/\/tribunadapraia.com.br\/?p=6530\" \/>\n<meta property=\"og:site_name\" content=\"TRIBUNA DA PRAIA\" \/>\n<meta property=\"article:publisher\" content=\"https:\/\/www.facebook.com\/tribunadapraiaonline\/\" \/>\n<meta property=\"article:published_time\" content=\"2023-07-06T23:37:09+00:00\" \/>\n<meta property=\"article:modified_time\" content=\"2023-07-06T23:42:22+00:00\" \/>\n<meta property=\"og:image\" content=\"https:\/\/tribunadapraia.com.br\/wp-content\/uploads\/2023\/07\/Screenshot_20230706-202101_Instagram-300x285.jpg\" \/>\n<meta name=\"twitter:card\" content=\"summary_large_image\" \/>\n<meta name=\"twitter:creator\" content=\"@Claudomir21\" \/>\n<meta name=\"twitter:site\" content=\"@Claudomir21\" \/>\n<meta name=\"twitter:label1\" content=\"Est. tempo de leitura\">\n\t<meta name=\"twitter:data1\" content=\"1 minuto\">\n<script type=\"application\/ld+json\" class=\"yoast-schema-graph\">{\"@context\":\"https:\/\/schema.org\",\"@graph\":[{\"@type\":\"Organization\",\"@id\":\"https:\/\/tribunadapraia.com.br\/#organization\",\"name\":\"Tribuna da Praia\",\"url\":\"https:\/\/tribunadapraia.com.br\/\",\"sameAs\":[\"https:\/\/www.facebook.com\/tribunadapraiaonline\/\",\"https:\/\/www.instagram.com\/claudomirtavares\/\",\"https:\/\/www.youtube.com\/channel\/UCwQf80nxiMzCefAyjbp53Rw\",\"https:\/\/twitter.com\/Claudomir21\"],\"logo\":{\"@type\":\"ImageObject\",\"@id\":\"https:\/\/tribunadapraia.com.br\/#logo\",\"inLanguage\":\"pt-BR\",\"url\":\"https:\/\/tribunadapraia.com.br\/wp-content\/uploads\/2020\/02\/logo.png\",\"contentUrl\":\"https:\/\/tribunadapraia.com.br\/wp-content\/uploads\/2020\/02\/logo.png\",\"width\":501,\"height\":121,\"caption\":\"Tribuna da Praia\"},\"image\":{\"@id\":\"https:\/\/tribunadapraia.com.br\/#logo\"}},{\"@type\":\"WebSite\",\"@id\":\"https:\/\/tribunadapraia.com.br\/#website\",\"url\":\"https:\/\/tribunadapraia.com.br\/\",\"name\":\"TRIBUNA DA PRAIA\",\"description\":\"O 1\\u00ba jornal do interior de Sergipe na internet\",\"publisher\":{\"@id\":\"https:\/\/tribunadapraia.com.br\/#organization\"},\"potentialAction\":[{\"@type\":\"SearchAction\",\"target\":\"https:\/\/tribunadapraia.com.br\/?s={search_term_string}\",\"query-input\":\"required name=search_term_string\"}],\"inLanguage\":\"pt-BR\"},{\"@type\":\"ImageObject\",\"@id\":\"https:\/\/tribunadapraia.com.br\/?p=6530#primaryimage\",\"inLanguage\":\"pt-BR\",\"url\":\"https:\/\/tribunadapraia.com.br\/wp-content\/uploads\/2023\/07\/Screenshot_20230706-202101_Instagram.jpg\",\"contentUrl\":\"https:\/\/tribunadapraia.com.br\/wp-content\/uploads\/2023\/07\/Screenshot_20230706-202101_Instagram.jpg\",\"width\":606,\"height\":576},{\"@type\":\"WebPage\",\"@id\":\"https:\/\/tribunadapraia.com.br\/?p=6530#webpage\",\"url\":\"https:\/\/tribunadapraia.com.br\/?p=6530\",\"name\":\"Reuni\\u00e3o do PEAC no povoado Lagoa Redonda eleger\\u00e1 representante da comunidade - TRIBUNA DA PRAIA\",\"isPartOf\":{\"@id\":\"https:\/\/tribunadapraia.com.br\/#website\"},\"primaryImageOfPage\":{\"@id\":\"https:\/\/tribunadapraia.com.br\/?p=6530#primaryimage\"},\"datePublished\":\"2023-07-06T23:37:09+00:00\",\"dateModified\":\"2023-07-06T23:42:22+00:00\",\"breadcrumb\":{\"@id\":\"https:\/\/tribunadapraia.com.br\/?p=6530#breadcrumb\"},\"inLanguage\":\"pt-BR\",\"potentialAction\":[{\"@type\":\"ReadAction\",\"target\":[\"https:\/\/tribunadapraia.com.br\/?p=6530\"]}]},{\"@type\":\"BreadcrumbList\",\"@id\":\"https:\/\/tribunadapraia.com.br\/?p=6530#breadcrumb\",\"itemListElement\":[{\"@type\":\"ListItem\",\"position\":1,\"item\":{\"@type\":\"WebPage\",\"@id\":\"https:\/\/tribunadapraia.com.br\/\",\"url\":\"https:\/\/tribunadapraia.com.br\/\",\"name\":\"In\\u00edcio\"}},{\"@type\":\"ListItem\",\"position\":2,\"item\":{\"@id\":\"https:\/\/tribunadapraia.com.br\/?p=6530#webpage\"}}]},{\"@type\":\"Article\",\"@id\":\"https:\/\/tribunadapraia.com.br\/?p=6530#article\",\"isPartOf\":{\"@id\":\"https:\/\/tribunadapraia.com.br\/?p=6530#webpage\"},\"author\":{\"@id\":\"https:\/\/tribunadapraia.com.br\/#\/schema\/person\/099fbbf59acc5895c0d7d52b4fc46c97\"},\"headline\":\"Reuni\\u00e3o do PEAC no povoado Lagoa Redonda eleger\\u00e1 representante da comunidade\",\"datePublished\":\"2023-07-06T23:37:09+00:00\",\"dateModified\":\"2023-07-06T23:42:22+00:00\",\"mainEntityOfPage\":{\"@id\":\"https:\/\/tribunadapraia.com.br\/?p=6530#webpage\"},\"wordCount\":168,\"commentCount\":0,\"publisher\":{\"@id\":\"https:\/\/tribunadapraia.com.br\/#organization\"},\"image\":{\"@id\":\"https:\/\/tribunadapraia.com.br\/?p=6530#primaryimage\"},\"thumbnailUrl\":\"https:\/\/tribunadapraia.com.br\/wp-content\/uploads\/2023\/07\/Screenshot_20230706-202101_Instagram-300x285.jpg\",\"articleSection\":[\"Not\\u00edcias\"],\"inLanguage\":\"pt-BR\",\"potentialAction\":[{\"@type\":\"CommentAction\",\"name\":\"Comment\",\"target\":[\"https:\/\/tribunadapraia.com.br\/?p=6530#respond\"]}]},{\"@type\":\"Person\",\"@id\":\"https:\/\/tribunadapraia.com.br\/#\/schema\/person\/099fbbf59acc5895c0d7d52b4fc46c97\",\"name\":\"Reda\\u00e7\\u00e3o\",\"image\":{\"@type\":\"ImageObject\",\"@id\":\"https:\/\/tribunadapraia.com.br\/#personlogo\",\"inLanguage\":\"pt-BR\",\"url\":\"https:\/\/secure.gravatar.com\/avatar\/91c8b91d2bfd7784eac5c3e055361f64?s=96&d=identicon&r=g\",\"contentUrl\":\"https:\/\/secure.gravatar.com\/avatar\/91c8b91d2bfd7784eac5c3e055361f64?s=96&d=identicon&r=g\",\"caption\":\"Reda\\u00e7\\u00e3o\"}}]}<\/script>\n<!-- \/ Yoast SEO plugin. -->","wps_subtitle":"","_links":{"self":[{"href":"https:\/\/tribunadapraia.com.br\/index.php?rest_route=\/wp\/v2\/posts\/6530"}],"collection":[{"href":"https:\/\/tribunadapraia.com.br\/index.php?rest_route=\/wp\/v2\/posts"}],"about":[{"href":"https:\/\/tribunadapraia.com.br\/index.php?rest_route=\/wp\/v2\/types\/post"}],"author":[{"embeddable":true,"href":"https:\/\/tribunadapraia.com.br\/index.php?rest_route=\/wp\/v2\/users\/3"}],"replies":[{"embeddable":true,"href":"https:\/\/tribunadapraia.com.br\/index.php?rest_route=%2Fwp%2Fv2%2Fcomments&post=6530"}],"version-history":[{"count":4,"href":"https:\/\/tribunadapraia.com.br\/index.php?rest_route=\/wp\/v2\/posts\/6530\/revisions"}],"predecessor-version":[{"id":6542,"href":"https:\/\/tribunadapraia.com.br\/index.php?rest_route=\/wp\/v2\/posts\/6530\/revisions\/6542"}],"wp:attachment":[{"href":"https:\/\/tribunadapraia.com.br\/index.php?rest_route=%2Fwp%2Fv2%2Fmedia&parent=6530"}],"wp:term":[{"taxonomy":"category","embeddable":true,"href":"https:\/\/tribunadapraia.com.br\/index.php?rest_route=%2Fwp%2Fv2%2Fcategories&post=6530"},{"taxonomy":"post_tag","embeddable":true,"href":"https:\/\/tribunadapraia.com.br\/index.php?rest_route=%2Fwp%2Fv2%2Ftags&post=6530"}],"curies":[{"name":"wp","href":"https:\/\/api.w.org\/{rel}","templated":true}]}}