{"id":6523,"date":"2023-06-23T08:20:05","date_gmt":"2023-06-23T11:20:05","guid":{"rendered":"https:\/\/tribunadapraia.com.br\/?p=6523"},"modified":"2023-06-23T08:20:05","modified_gmt":"2023-06-23T11:20:05","slug":"e-hoje-ogia-desfila-alegria-e-cultura-popular-nas-ruas-de-pirambu","status":"publish","type":"post","link":"https:\/\/tribunadapraia.com.br\/?p=6523","title":{"rendered":"\u00c9 hoje! Ogia: Desfila  alegria e cultura popular nas ruas de Pirambu."},"content":{"rendered":"<p><img loading=\"lazy\" class=\"alignnone size-medium wp-image-6526\" src=\"https:\/\/tribunadapraia.com.br\/wp-content\/uploads\/2023\/06\/Screenshot_20230623-080359_WhatsApp-227x300.jpg\" alt=\"\" width=\"227\" height=\"300\" srcset=\"https:\/\/tribunadapraia.com.br\/wp-content\/uploads\/2023\/06\/Screenshot_20230623-080359_WhatsApp-227x300.jpg 227w, https:\/\/tribunadapraia.com.br\/wp-content\/uploads\/2023\/06\/Screenshot_20230623-080359_WhatsApp.jpg 720w\" sizes=\"(max-width: 227px) 100vw, 227px\" \/><\/p>\r\n\r\n<p><br \/>Este ano, no S\u00e3o Jo\u00e3o de Pirambu, haver\u00e1 um resgate hist\u00f3rico e cultural importante: a volta da <br \/>Ogia, que ir\u00e1 se apresentar na sexta-feira, dia 23, \u00e0 partir das 19h, a concentra\u00e7\u00e3o ocorre no bar da amendoeira e em seguida percorrer\u00e1 \u00e0s ruas da cidade.<br \/>A organiza\u00e7\u00e3o do grupo est\u00e1 a cargo do mestre Tonho Grande, juntamente com os integrantes veteranos de outras edi\u00e7\u00f5es do folguedo e novos integrantes. <br \/>O resgate cultural da Ogia, que n\u00e3o se apresenta desde de 2014, tem sido uma iniciativa, que acende a fogueira dos cora\u00e7\u00f5es dos pirambuenses.<br \/>Em 2023 os ensaios come\u00e7aram h\u00e1 alguns meses, no bar da amendoeira. E como tradicionalmente, se apresentar\u00e1 na noite de v\u00e9spera de S\u00e3o Jo\u00e3o. <br \/>&#8220;A ogia representa,uma das mais belas e significativas manifesta\u00e7\u00f5es da cultura popular de Pirambu\/SE, a qual simboliza e festeja o santo cat\u00f3lico S\u00e3o Jo\u00e3o menino. Ela retrata de uma forma simples,a festividade que \u00e9 bem compreendida pela popula\u00e7\u00e3o mais humilde. Difere,das outras manifesta\u00e7\u00f5es contidas na regi\u00e3o, mas mant\u00e9m-se semelhante na uni\u00e3o do profano e sagrado. Nas noites de S\u00e3o Jo\u00e3o o sagrado se funde com o profano num misticismo de cores,fitas,passos, alegrias, tristeza,cantos e encantos, para exaltar o santo do ciclo junino S\u00e3o Jo\u00e3o menino.&#8221; <br \/>(Thiagony Hellen)<br \/><br \/>O mais recente resgate cultural demandou um trabalho de reescrita das cantigas. A seguir, come\u00e7aram os ensaios. O folclore \u00e9 din\u00e2mico por excel\u00eancia. Assim sendo, a Ogia e seus integrantes, neste ano de 2023 saem \u00e0s ruas n\u00e3o exatamente igual a do in\u00edcio dos anos 70, mas \u00e0s m\u00fasicas, dan\u00e7as e figurinos foram estruturados da forma mais aut\u00eantica poss\u00edvel.<br \/>Portanto, \u00e9 importante ressaltar que essa tradi\u00e7\u00e3o \u00e9 muito importante para Pirambu, pois a Ogia \u00e9 um folclore tradicional do munic\u00edpio e que precisa ser respeitado e preservado. <br \/><br \/>Equipe Tribuna da Praia<\/p>\r\n","protected":false},"excerpt":{"rendered":"<p>Este ano, no S\u00e3o Jo\u00e3o de Pirambu, haver\u00e1 um resgate hist\u00f3rico e cultural importante: a volta da Ogia, que ir\u00e1 se apresentar na sexta-feira, dia 23, \u00e0 partir das 19h, a concentra\u00e7\u00e3o ocorre no bar da amendoeira e em seguida percorrer\u00e1 \u00e0s ruas da cidade.A organiza\u00e7\u00e3o do grupo est\u00e1 a cargo do mestre Tonho Grande, juntamente com os integrantes veteranos de outras edi\u00e7\u00f5es do folguedo e novos integrantes. O resgate<\/p>\n","protected":false},"author":3,"featured_media":0,"comment_status":"open","ping_status":"open","sticky":false,"template":"","format":"standard","meta":[],"categories":[18],"tags":[],"yoast_head":"<!-- This site is optimized with the Yoast SEO plugin v16.3 - https:\/\/yoast.com\/wordpress\/plugins\/seo\/ -->\n<title>\u00c9 hoje! Ogia: Desfila alegria e cultura popular nas ruas de Pirambu. - TRIBUNA DA PRAIA<\/title>\n<meta name=\"robots\" content=\"index, follow, max-snippet:-1, max-image-preview:large, max-video-preview:-1\" \/>\n<link rel=\"canonical\" href=\"https:\/\/tribunadapraia.com.br\/?p=6523\" \/>\n<meta property=\"og:locale\" content=\"pt_BR\" \/>\n<meta property=\"og:type\" content=\"article\" \/>\n<meta property=\"og:title\" content=\"\u00c9 hoje! Ogia: Desfila alegria e cultura popular nas ruas de Pirambu. - TRIBUNA DA PRAIA\" \/>\n<meta property=\"og:description\" content=\"Este ano, no S\u00e3o Jo\u00e3o de Pirambu, haver\u00e1 um resgate hist\u00f3rico e cultural importante: a volta da Ogia, que ir\u00e1 se apresentar na sexta-feira, dia 23, \u00e0 partir das 19h, a concentra\u00e7\u00e3o ocorre no bar da amendoeira e em seguida percorrer\u00e1 \u00e0s ruas da cidade.A organiza\u00e7\u00e3o do grupo est\u00e1 a cargo do mestre Tonho Grande, juntamente com os integrantes veteranos de outras edi\u00e7\u00f5es do folguedo e novos integrantes. O resgate\" \/>\n<meta property=\"og:url\" content=\"https:\/\/tribunadapraia.com.br\/?p=6523\" \/>\n<meta property=\"og:site_name\" content=\"TRIBUNA DA PRAIA\" \/>\n<meta property=\"article:publisher\" content=\"https:\/\/www.facebook.com\/tribunadapraiaonline\/\" \/>\n<meta property=\"article:published_time\" content=\"2023-06-23T11:20:05+00:00\" \/>\n<meta property=\"og:image\" content=\"https:\/\/tribunadapraia.com.br\/wp-content\/uploads\/2023\/06\/Screenshot_20230623-080359_WhatsApp-227x300.jpg\" \/>\n<meta name=\"twitter:card\" content=\"summary_large_image\" \/>\n<meta name=\"twitter:creator\" content=\"@Claudomir21\" \/>\n<meta name=\"twitter:site\" content=\"@Claudomir21\" \/>\n<meta name=\"twitter:label1\" content=\"Est. tempo de leitura\">\n\t<meta name=\"twitter:data1\" content=\"2 minutos\">\n<script type=\"application\/ld+json\" class=\"yoast-schema-graph\">{\"@context\":\"https:\/\/schema.org\",\"@graph\":[{\"@type\":\"Organization\",\"@id\":\"https:\/\/tribunadapraia.com.br\/#organization\",\"name\":\"Tribuna da Praia\",\"url\":\"https:\/\/tribunadapraia.com.br\/\",\"sameAs\":[\"https:\/\/www.facebook.com\/tribunadapraiaonline\/\",\"https:\/\/www.instagram.com\/claudomirtavares\/\",\"https:\/\/www.youtube.com\/channel\/UCwQf80nxiMzCefAyjbp53Rw\",\"https:\/\/twitter.com\/Claudomir21\"],\"logo\":{\"@type\":\"ImageObject\",\"@id\":\"https:\/\/tribunadapraia.com.br\/#logo\",\"inLanguage\":\"pt-BR\",\"url\":\"https:\/\/tribunadapraia.com.br\/wp-content\/uploads\/2020\/02\/logo.png\",\"contentUrl\":\"https:\/\/tribunadapraia.com.br\/wp-content\/uploads\/2020\/02\/logo.png\",\"width\":501,\"height\":121,\"caption\":\"Tribuna da Praia\"},\"image\":{\"@id\":\"https:\/\/tribunadapraia.com.br\/#logo\"}},{\"@type\":\"WebSite\",\"@id\":\"https:\/\/tribunadapraia.com.br\/#website\",\"url\":\"https:\/\/tribunadapraia.com.br\/\",\"name\":\"TRIBUNA DA PRAIA\",\"description\":\"O 1\\u00ba jornal do interior de Sergipe na internet\",\"publisher\":{\"@id\":\"https:\/\/tribunadapraia.com.br\/#organization\"},\"potentialAction\":[{\"@type\":\"SearchAction\",\"target\":\"https:\/\/tribunadapraia.com.br\/?s={search_term_string}\",\"query-input\":\"required name=search_term_string\"}],\"inLanguage\":\"pt-BR\"},{\"@type\":\"ImageObject\",\"@id\":\"https:\/\/tribunadapraia.com.br\/?p=6523#primaryimage\",\"inLanguage\":\"pt-BR\",\"url\":\"https:\/\/tribunadapraia.com.br\/wp-content\/uploads\/2023\/06\/Screenshot_20230623-080359_WhatsApp.jpg\",\"contentUrl\":\"https:\/\/tribunadapraia.com.br\/wp-content\/uploads\/2023\/06\/Screenshot_20230623-080359_WhatsApp.jpg\",\"width\":720,\"height\":951},{\"@type\":\"WebPage\",\"@id\":\"https:\/\/tribunadapraia.com.br\/?p=6523#webpage\",\"url\":\"https:\/\/tribunadapraia.com.br\/?p=6523\",\"name\":\"\\u00c9 hoje! Ogia: Desfila alegria e cultura popular nas ruas de Pirambu. - TRIBUNA DA PRAIA\",\"isPartOf\":{\"@id\":\"https:\/\/tribunadapraia.com.br\/#website\"},\"primaryImageOfPage\":{\"@id\":\"https:\/\/tribunadapraia.com.br\/?p=6523#primaryimage\"},\"datePublished\":\"2023-06-23T11:20:05+00:00\",\"dateModified\":\"2023-06-23T11:20:05+00:00\",\"breadcrumb\":{\"@id\":\"https:\/\/tribunadapraia.com.br\/?p=6523#breadcrumb\"},\"inLanguage\":\"pt-BR\",\"potentialAction\":[{\"@type\":\"ReadAction\",\"target\":[\"https:\/\/tribunadapraia.com.br\/?p=6523\"]}]},{\"@type\":\"BreadcrumbList\",\"@id\":\"https:\/\/tribunadapraia.com.br\/?p=6523#breadcrumb\",\"itemListElement\":[{\"@type\":\"ListItem\",\"position\":1,\"item\":{\"@type\":\"WebPage\",\"@id\":\"https:\/\/tribunadapraia.com.br\/\",\"url\":\"https:\/\/tribunadapraia.com.br\/\",\"name\":\"In\\u00edcio\"}},{\"@type\":\"ListItem\",\"position\":2,\"item\":{\"@id\":\"https:\/\/tribunadapraia.com.br\/?p=6523#webpage\"}}]},{\"@type\":\"Article\",\"@id\":\"https:\/\/tribunadapraia.com.br\/?p=6523#article\",\"isPartOf\":{\"@id\":\"https:\/\/tribunadapraia.com.br\/?p=6523#webpage\"},\"author\":{\"@id\":\"https:\/\/tribunadapraia.com.br\/#\/schema\/person\/099fbbf59acc5895c0d7d52b4fc46c97\"},\"headline\":\"\\u00c9 hoje! Ogia: Desfila alegria e cultura popular nas ruas de Pirambu.\",\"datePublished\":\"2023-06-23T11:20:05+00:00\",\"dateModified\":\"2023-06-23T11:20:05+00:00\",\"mainEntityOfPage\":{\"@id\":\"https:\/\/tribunadapraia.com.br\/?p=6523#webpage\"},\"wordCount\":338,\"commentCount\":0,\"publisher\":{\"@id\":\"https:\/\/tribunadapraia.com.br\/#organization\"},\"image\":{\"@id\":\"https:\/\/tribunadapraia.com.br\/?p=6523#primaryimage\"},\"thumbnailUrl\":\"https:\/\/tribunadapraia.com.br\/wp-content\/uploads\/2023\/06\/Screenshot_20230623-080359_WhatsApp-227x300.jpg\",\"articleSection\":[\"Not\\u00edcias\"],\"inLanguage\":\"pt-BR\",\"potentialAction\":[{\"@type\":\"CommentAction\",\"name\":\"Comment\",\"target\":[\"https:\/\/tribunadapraia.com.br\/?p=6523#respond\"]}]},{\"@type\":\"Person\",\"@id\":\"https:\/\/tribunadapraia.com.br\/#\/schema\/person\/099fbbf59acc5895c0d7d52b4fc46c97\",\"name\":\"Reda\\u00e7\\u00e3o\",\"image\":{\"@type\":\"ImageObject\",\"@id\":\"https:\/\/tribunadapraia.com.br\/#personlogo\",\"inLanguage\":\"pt-BR\",\"url\":\"https:\/\/secure.gravatar.com\/avatar\/91c8b91d2bfd7784eac5c3e055361f64?s=96&d=identicon&r=g\",\"contentUrl\":\"https:\/\/secure.gravatar.com\/avatar\/91c8b91d2bfd7784eac5c3e055361f64?s=96&d=identicon&r=g\",\"caption\":\"Reda\\u00e7\\u00e3o\"}}]}<\/script>\n<!-- \/ Yoast SEO plugin. -->","wps_subtitle":"","_links":{"self":[{"href":"https:\/\/tribunadapraia.com.br\/index.php?rest_route=\/wp\/v2\/posts\/6523"}],"collection":[{"href":"https:\/\/tribunadapraia.com.br\/index.php?rest_route=\/wp\/v2\/posts"}],"about":[{"href":"https:\/\/tribunadapraia.com.br\/index.php?rest_route=\/wp\/v2\/types\/post"}],"author":[{"embeddable":true,"href":"https:\/\/tribunadapraia.com.br\/index.php?rest_route=\/wp\/v2\/users\/3"}],"replies":[{"embeddable":true,"href":"https:\/\/tribunadapraia.com.br\/index.php?rest_route=%2Fwp%2Fv2%2Fcomments&post=6523"}],"version-history":[{"count":3,"href":"https:\/\/tribunadapraia.com.br\/index.php?rest_route=\/wp\/v2\/posts\/6523\/revisions"}],"predecessor-version":[{"id":6528,"href":"https:\/\/tribunadapraia.com.br\/index.php?rest_route=\/wp\/v2\/posts\/6523\/revisions\/6528"}],"wp:attachment":[{"href":"https:\/\/tribunadapraia.com.br\/index.php?rest_route=%2Fwp%2Fv2%2Fmedia&parent=6523"}],"wp:term":[{"taxonomy":"category","embeddable":true,"href":"https:\/\/tribunadapraia.com.br\/index.php?rest_route=%2Fwp%2Fv2%2Fcategories&post=6523"},{"taxonomy":"post_tag","embeddable":true,"href":"https:\/\/tribunadapraia.com.br\/index.php?rest_route=%2Fwp%2Fv2%2Ftags&post=6523"}],"curies":[{"name":"wp","href":"https:\/\/api.w.org\/{rel}","templated":true}]}}