{"id":649,"date":"2020-03-19T02:37:47","date_gmt":"2020-03-19T05:37:47","guid":{"rendered":"https:\/\/tribunadapraia.com.br\/?p=649"},"modified":"2020-03-19T02:48:41","modified_gmt":"2020-03-19T05:48:41","slug":"protestos-contra-bolsonaro-viralizam-nas-redes-e-panelacos-se-espalham-pelo-pais","status":"publish","type":"post","link":"https:\/\/tribunadapraia.com.br\/?p=649","title":{"rendered":"Protestos contra Bolsonaro viralizam nas redes e &#8220;panela\u00e7os&#8221; se espalham pelo pa\u00eds"},"content":{"rendered":"<p>Pelo segundo dia consecutivo, presidente foi alvo de protestos em diversas cidades brasileiras<\/p>\n<p>Nara Lacerda<br \/>\nBrasil de Fato | S\u00e3o Paulo (SP) | 18 de Mar\u00e7o de 2020 \u00e0s 21:34<br \/>\nprotesto fora bolsonaro<\/p>\n<p>Proje\u00e7\u00e3o em S\u00e3o Paulo mostra bolsonaro confuso com m\u00e1scara de prote\u00e7\u00e3o &#8211; Reprodu\u00e7\u00e3o<br \/>\nO movimento que come\u00e7ou nesta ter\u00e7a-feira (17) em algumas cidades brasileiras, tomou corpo novamente nesta quarta (18) e diversas regi\u00f5es registraram panela\u00e7os contra o governo de Jair Bolsonaro (sem partido). No Twitter a express\u00e3o &#8220;Fora Bolsonaros&#8221; ficou em primeiro lugar entre os assuntos mais comentados mundialmente. Na lista dos dez temas mais mencionados na rede social no Brasil estava tamb\u00e9m a express\u00e3o &#8220;Panela\u00e7o Contra Bolsonaro&#8221;.<\/p>\n<p>::Comitiva de Bolsonaro tem 17 infectados por coronav\u00edrus::<\/p>\n<p>As rea\u00e7\u00f5es da popula\u00e7\u00e3o s\u00e3o uma resposta \u00e0 postura do capit\u00e3o reformado diante da crise do coronav\u00edrus. Enquanto a \u00e1rea de sa\u00fade do governo divulga a\u00e7\u00f5es e alertas di\u00e1rios sobre a propaga\u00e7\u00e3o da doen\u00e7a no pa\u00eds, o presidente vinha minimizando o tema. Desde a semana passada, Bolsonaro tem afirmado em diversas declara\u00e7\u00f5es que a rea\u00e7\u00e3o ao v\u00edrus tem car\u00e1ter hist\u00e9rico.<\/p>\n<p>::De m\u00e1scara, Bolsonaro nega ter minimizado coronav\u00edrus e anuncia medidas de conten\u00e7\u00e3o::<\/p>\n<p>Ele condena tamb\u00e9m as recomenda\u00e7\u00f5es para que a popula\u00e7\u00e3o evite aglomera\u00e7\u00f5es. No domingo (15) foi a um protesto contra o Congresso Nacional e o Supremo Tribunal Federal sem m\u00e1scara, cumprimentou manifestantes com apertos de m\u00e3o e tirou fotos.<\/p>\n<p>Em S\u00e3o Paulo (SP) capital alguns bairros, como Barra Funda, Higien\u00f3polis, Consola\u00e7\u00e3o, Bela Vista e Santa Cec\u00edlia, tiveram manifesta\u00e7\u00f5es por mais de meia hora. Pelo menos dez bairros da cidade registraram protestos e, em alguns deles, os manifestantes tocaram instrumentos e fizeram proje\u00e7\u00f5es em pr\u00e9dios. Em Santa Cec\u00edlia, uma foto do presidente usando m\u00e1scara de prote\u00e7\u00e3o de maneira equivocada foi projetada.<\/p>\n<p>Bairros de periferia da Zona Sul e da Zona Leste de S\u00e3o Paulo tamb\u00e9m aderiram, entre eles a comunidade de Heli\u00f3polis, maior da cidade. Em Bras\u00edlia, Ceil\u00e2ndia, Samambaia, regi\u00f5es que foram criadas a partir de assentamentos e moradias populares, registraram muitas manifesta\u00e7\u00f5es. No Rio de Janeiro (RJ) as favelas da Rocinha e do Vidigal n\u00e3o s\u00f3 bateram panelas, registraram tamb\u00e9m vizinhos tocando m\u00fasicas de protesto.<\/p>\n<p>Em Bras\u00edlia (DF), regi\u00f5es de classe m\u00e9dia tamb\u00e9m registraram protesto, entre elas est\u00e1 \u00c1guas Claras, reduto bolsonarista em que o presidente teve vota\u00e7\u00e3o expressiva nas elei\u00e7\u00f5es. Na capital paranaense, Curitiba (PR), onde mais de 70% da popula\u00e7\u00e3o votou em Bolsonaro, a regi\u00e3o central tamb\u00e9m foi tomada por panela\u00e7os e gritos.<\/p>\n<p>Al\u00e9m disso, em outras cidades tamb\u00e9m ocorreram protestos, como Goi\u00e2nia (GO), Rio de Janeiro (RJ), Porto Alegre (RS), Bel\u00e9m (PA), Fortaleza (CE), Recife (PE), Salvador (BA), Aracaju (SE), Florian\u00f3polis (SC), Vit\u00f3ria da Conquista (BA), Tabo\u00e3o da Serra (SP), Vit\u00f3ria (ES), Juiz de Fora (MG), entre outras.<\/p>\n<p>Edi\u00e7\u00e3o: Rodrigo Chagas | Brasil de Fato<\/p>\n","protected":false},"excerpt":{"rendered":"<p>Pelo segundo dia consecutivo, presidente foi alvo de protestos em diversas cidades brasileiras Nara Lacerda Brasil de Fato | S\u00e3o Paulo (SP) | 18 de Mar\u00e7o de 2020 \u00e0s 21:34 protesto fora bolsonaro Proje\u00e7\u00e3o em S\u00e3o Paulo mostra bolsonaro confuso com m\u00e1scara de prote\u00e7\u00e3o &#8211; Reprodu\u00e7\u00e3o O movimento que come\u00e7ou nesta ter\u00e7a-feira (17) em algumas cidades brasileiras, tomou corpo novamente nesta quarta (18) e diversas regi\u00f5es registraram panela\u00e7os contra o<\/p>\n","protected":false},"author":3,"featured_media":650,"comment_status":"open","ping_status":"open","sticky":false,"template":"","format":"standard","meta":[],"categories":[18],"tags":[],"yoast_head":"<!-- This site is optimized with the Yoast SEO plugin v16.3 - https:\/\/yoast.com\/wordpress\/plugins\/seo\/ -->\n<title>Protestos contra Bolsonaro viralizam nas redes e &quot;panela\u00e7os&quot; se espalham pelo pa\u00eds - TRIBUNA DA PRAIA<\/title>\n<meta name=\"robots\" content=\"index, follow, max-snippet:-1, max-image-preview:large, max-video-preview:-1\" \/>\n<link rel=\"canonical\" href=\"https:\/\/tribunadapraia.com.br\/?p=649\" \/>\n<meta property=\"og:locale\" content=\"pt_BR\" \/>\n<meta property=\"og:type\" content=\"article\" \/>\n<meta property=\"og:title\" content=\"Protestos contra Bolsonaro viralizam nas redes e &quot;panela\u00e7os&quot; se espalham pelo pa\u00eds - TRIBUNA DA PRAIA\" \/>\n<meta property=\"og:description\" content=\"Pelo segundo dia consecutivo, presidente foi alvo de protestos em diversas cidades brasileiras Nara Lacerda Brasil de Fato | S\u00e3o Paulo (SP) | 18 de Mar\u00e7o de 2020 \u00e0s 21:34 protesto fora bolsonaro Proje\u00e7\u00e3o em S\u00e3o Paulo mostra bolsonaro confuso com m\u00e1scara de prote\u00e7\u00e3o &#8211; Reprodu\u00e7\u00e3o O movimento que come\u00e7ou nesta ter\u00e7a-feira (17) em algumas cidades brasileiras, tomou corpo novamente nesta quarta (18) e diversas regi\u00f5es registraram panela\u00e7os contra o\" \/>\n<meta property=\"og:url\" content=\"https:\/\/tribunadapraia.com.br\/?p=649\" \/>\n<meta property=\"og:site_name\" content=\"TRIBUNA DA PRAIA\" \/>\n<meta property=\"article:publisher\" content=\"https:\/\/www.facebook.com\/tribunadapraiaonline\/\" \/>\n<meta property=\"article:published_time\" content=\"2020-03-19T05:37:47+00:00\" \/>\n<meta property=\"article:modified_time\" content=\"2020-03-19T05:48:41+00:00\" \/>\n<meta property=\"og:image\" content=\"https:\/\/tribunadapraia.com.br\/wp-content\/uploads\/2020\/03\/IMG-20200319-WA0012.jpg\" \/>\n\t<meta property=\"og:image:width\" content=\"540\" \/>\n\t<meta property=\"og:image:height\" content=\"517\" \/>\n<meta name=\"twitter:card\" content=\"summary_large_image\" \/>\n<meta name=\"twitter:creator\" content=\"@Claudomir21\" \/>\n<meta name=\"twitter:site\" content=\"@Claudomir21\" \/>\n<meta name=\"twitter:label1\" content=\"Est. tempo de leitura\">\n\t<meta name=\"twitter:data1\" content=\"3 minutos\">\n<script type=\"application\/ld+json\" class=\"yoast-schema-graph\">{\"@context\":\"https:\/\/schema.org\",\"@graph\":[{\"@type\":\"Organization\",\"@id\":\"https:\/\/tribunadapraia.com.br\/#organization\",\"name\":\"Tribuna da Praia\",\"url\":\"https:\/\/tribunadapraia.com.br\/\",\"sameAs\":[\"https:\/\/www.facebook.com\/tribunadapraiaonline\/\",\"https:\/\/www.instagram.com\/claudomirtavares\/\",\"https:\/\/www.youtube.com\/channel\/UCwQf80nxiMzCefAyjbp53Rw\",\"https:\/\/twitter.com\/Claudomir21\"],\"logo\":{\"@type\":\"ImageObject\",\"@id\":\"https:\/\/tribunadapraia.com.br\/#logo\",\"inLanguage\":\"pt-BR\",\"url\":\"https:\/\/tribunadapraia.com.br\/wp-content\/uploads\/2020\/02\/logo.png\",\"contentUrl\":\"https:\/\/tribunadapraia.com.br\/wp-content\/uploads\/2020\/02\/logo.png\",\"width\":501,\"height\":121,\"caption\":\"Tribuna da Praia\"},\"image\":{\"@id\":\"https:\/\/tribunadapraia.com.br\/#logo\"}},{\"@type\":\"WebSite\",\"@id\":\"https:\/\/tribunadapraia.com.br\/#website\",\"url\":\"https:\/\/tribunadapraia.com.br\/\",\"name\":\"TRIBUNA DA PRAIA\",\"description\":\"O 1\\u00ba jornal do interior de Sergipe na internet\",\"publisher\":{\"@id\":\"https:\/\/tribunadapraia.com.br\/#organization\"},\"potentialAction\":[{\"@type\":\"SearchAction\",\"target\":\"https:\/\/tribunadapraia.com.br\/?s={search_term_string}\",\"query-input\":\"required name=search_term_string\"}],\"inLanguage\":\"pt-BR\"},{\"@type\":\"ImageObject\",\"@id\":\"https:\/\/tribunadapraia.com.br\/?p=649#primaryimage\",\"inLanguage\":\"pt-BR\",\"url\":\"https:\/\/tribunadapraia.com.br\/wp-content\/uploads\/2020\/03\/IMG-20200319-WA0012.jpg\",\"contentUrl\":\"https:\/\/tribunadapraia.com.br\/wp-content\/uploads\/2020\/03\/IMG-20200319-WA0012.jpg\",\"width\":540,\"height\":517},{\"@type\":\"WebPage\",\"@id\":\"https:\/\/tribunadapraia.com.br\/?p=649#webpage\",\"url\":\"https:\/\/tribunadapraia.com.br\/?p=649\",\"name\":\"Protestos contra Bolsonaro viralizam nas redes e \\\"panela\\u00e7os\\\" se espalham pelo pa\\u00eds - TRIBUNA DA PRAIA\",\"isPartOf\":{\"@id\":\"https:\/\/tribunadapraia.com.br\/#website\"},\"primaryImageOfPage\":{\"@id\":\"https:\/\/tribunadapraia.com.br\/?p=649#primaryimage\"},\"datePublished\":\"2020-03-19T05:37:47+00:00\",\"dateModified\":\"2020-03-19T05:48:41+00:00\",\"breadcrumb\":{\"@id\":\"https:\/\/tribunadapraia.com.br\/?p=649#breadcrumb\"},\"inLanguage\":\"pt-BR\",\"potentialAction\":[{\"@type\":\"ReadAction\",\"target\":[\"https:\/\/tribunadapraia.com.br\/?p=649\"]}]},{\"@type\":\"BreadcrumbList\",\"@id\":\"https:\/\/tribunadapraia.com.br\/?p=649#breadcrumb\",\"itemListElement\":[{\"@type\":\"ListItem\",\"position\":1,\"item\":{\"@type\":\"WebPage\",\"@id\":\"https:\/\/tribunadapraia.com.br\/\",\"url\":\"https:\/\/tribunadapraia.com.br\/\",\"name\":\"In\\u00edcio\"}},{\"@type\":\"ListItem\",\"position\":2,\"item\":{\"@id\":\"https:\/\/tribunadapraia.com.br\/?p=649#webpage\"}}]},{\"@type\":\"Article\",\"@id\":\"https:\/\/tribunadapraia.com.br\/?p=649#article\",\"isPartOf\":{\"@id\":\"https:\/\/tribunadapraia.com.br\/?p=649#webpage\"},\"author\":{\"@id\":\"https:\/\/tribunadapraia.com.br\/#\/schema\/person\/099fbbf59acc5895c0d7d52b4fc46c97\"},\"headline\":\"Protestos contra Bolsonaro viralizam nas redes e &#8220;panela\\u00e7os&#8221; se espalham pelo pa\\u00eds\",\"datePublished\":\"2020-03-19T05:37:47+00:00\",\"dateModified\":\"2020-03-19T05:48:41+00:00\",\"mainEntityOfPage\":{\"@id\":\"https:\/\/tribunadapraia.com.br\/?p=649#webpage\"},\"wordCount\":540,\"commentCount\":0,\"publisher\":{\"@id\":\"https:\/\/tribunadapraia.com.br\/#organization\"},\"image\":{\"@id\":\"https:\/\/tribunadapraia.com.br\/?p=649#primaryimage\"},\"thumbnailUrl\":\"https:\/\/tribunadapraia.com.br\/wp-content\/uploads\/2020\/03\/IMG-20200319-WA0012.jpg\",\"articleSection\":[\"Not\\u00edcias\"],\"inLanguage\":\"pt-BR\",\"potentialAction\":[{\"@type\":\"CommentAction\",\"name\":\"Comment\",\"target\":[\"https:\/\/tribunadapraia.com.br\/?p=649#respond\"]}]},{\"@type\":\"Person\",\"@id\":\"https:\/\/tribunadapraia.com.br\/#\/schema\/person\/099fbbf59acc5895c0d7d52b4fc46c97\",\"name\":\"Reda\\u00e7\\u00e3o\",\"image\":{\"@type\":\"ImageObject\",\"@id\":\"https:\/\/tribunadapraia.com.br\/#personlogo\",\"inLanguage\":\"pt-BR\",\"url\":\"https:\/\/secure.gravatar.com\/avatar\/91c8b91d2bfd7784eac5c3e055361f64?s=96&d=identicon&r=g\",\"contentUrl\":\"https:\/\/secure.gravatar.com\/avatar\/91c8b91d2bfd7784eac5c3e055361f64?s=96&d=identicon&r=g\",\"caption\":\"Reda\\u00e7\\u00e3o\"}}]}<\/script>\n<!-- \/ Yoast SEO plugin. -->","wps_subtitle":"","_links":{"self":[{"href":"https:\/\/tribunadapraia.com.br\/index.php?rest_route=\/wp\/v2\/posts\/649"}],"collection":[{"href":"https:\/\/tribunadapraia.com.br\/index.php?rest_route=\/wp\/v2\/posts"}],"about":[{"href":"https:\/\/tribunadapraia.com.br\/index.php?rest_route=\/wp\/v2\/types\/post"}],"author":[{"embeddable":true,"href":"https:\/\/tribunadapraia.com.br\/index.php?rest_route=\/wp\/v2\/users\/3"}],"replies":[{"embeddable":true,"href":"https:\/\/tribunadapraia.com.br\/index.php?rest_route=%2Fwp%2Fv2%2Fcomments&post=649"}],"version-history":[{"count":2,"href":"https:\/\/tribunadapraia.com.br\/index.php?rest_route=\/wp\/v2\/posts\/649\/revisions"}],"predecessor-version":[{"id":652,"href":"https:\/\/tribunadapraia.com.br\/index.php?rest_route=\/wp\/v2\/posts\/649\/revisions\/652"}],"wp:featuredmedia":[{"embeddable":true,"href":"https:\/\/tribunadapraia.com.br\/index.php?rest_route=\/wp\/v2\/media\/650"}],"wp:attachment":[{"href":"https:\/\/tribunadapraia.com.br\/index.php?rest_route=%2Fwp%2Fv2%2Fmedia&parent=649"}],"wp:term":[{"taxonomy":"category","embeddable":true,"href":"https:\/\/tribunadapraia.com.br\/index.php?rest_route=%2Fwp%2Fv2%2Fcategories&post=649"},{"taxonomy":"post_tag","embeddable":true,"href":"https:\/\/tribunadapraia.com.br\/index.php?rest_route=%2Fwp%2Fv2%2Ftags&post=649"}],"curies":[{"name":"wp","href":"https:\/\/api.w.org\/{rel}","templated":true}]}}