{"id":6433,"date":"2023-04-07T08:28:42","date_gmt":"2023-04-07T11:28:42","guid":{"rendered":"https:\/\/tribunadapraia.com.br\/?p=6433"},"modified":"2023-04-07T08:54:52","modified_gmt":"2023-04-07T11:54:52","slug":"tribuna-da-praia-o-primeiro-jornal-do-interior-de-sergipe-na-internet-pirambu-se-ano-xl-n-03-8a-fase-abril-de-2023","status":"publish","type":"post","link":"https:\/\/tribunadapraia.com.br\/?p=6433","title":{"rendered":"TRIBUNA DA PRAIA, o primeiro jornal do interior de Sergipe na internet | Pirambu (SE) &#8211; Ano XL &#8211; N\u00b0 03 (8\u00aa Fase) Abril de 2023"},"content":{"rendered":"<p><strong>A QUEM INTERESSA A PRIVATIZA\u00c7\u00c3O DA DESO?<\/strong><\/p>\n<p style=\"text-align: center;\"><img loading=\"lazy\" class=\"alignnone size-medium wp-image-6425\" src=\"https:\/\/tribunadapraia.com.br\/wp-content\/uploads\/2023\/04\/IMG-20230405-WA00671-217x300.jpg\" alt=\"\" width=\"217\" height=\"300\" srcset=\"https:\/\/tribunadapraia.com.br\/wp-content\/uploads\/2023\/04\/IMG-20230405-WA00671-217x300.jpg 217w, https:\/\/tribunadapraia.com.br\/wp-content\/uploads\/2023\/04\/IMG-20230405-WA00671-741x1024.jpg 741w, https:\/\/tribunadapraia.com.br\/wp-content\/uploads\/2023\/04\/IMG-20230405-WA00671-768x1061.jpg 768w, https:\/\/tribunadapraia.com.br\/wp-content\/uploads\/2023\/04\/IMG-20230405-WA00671.jpg 869w\" sizes=\"(max-width: 217px) 100vw, 217px\" \/><\/p>\n<p><em>A DESO \u00e9 a maior empresa do estado de Sergipe, atendendo 72 dos 75 munic\u00edpios sergipanos<\/em><\/p>\n<p><strong>NESTA EDI\u00c7\u00c3O<\/strong><\/p>\n<p><strong>\u25a0 Opini\u00e3o &#8211; P\u00e1g. 02<\/strong><\/p>\n<p>&#8211; Editorial: Site Tribuna da Praia, 19 anos no ar<br \/>\n&#8211; Opini\u00e3o: Um jornal que n\u00e3o cabe no bolso do poder pol\u00edtico e econ\u00f4mico<\/p>\n<p><strong>\u25a0 Pol\u00edtica &#8211; P\u00e1g. 03<\/strong><\/p>\n<p>&#8211; Fique de Olho: Em Porto Real do Col\u00e9gio,<br \/>\numa vela para Deus e<br \/>\noutra para o Diabo<\/p>\n<p><strong>\u25a0 Entrevista<\/strong> &#8211; P\u00e1g. 04<\/p>\n<p>&#8211; A professora Ac\u00e1cia Dias da Cruz Ribeiro, secret\u00e1ria da Educa\u00e7\u00e3o<br \/>\nem Pirambu, fez um balan\u00e7o do primeiro ano de implanta\u00e7\u00e3o<br \/>\ndo ensino em tempo integral na rede municipal, experi\u00eancia<br \/>\nque est\u00e1 em seu segundo ano<\/p>\n<p><strong>\u25a0 Painel &#8211; P\u00e1gina 05<\/strong><\/p>\n<p>&#8211; AVAN\u00c7A BARRA: Prefeito ALBERTO MACEDO anuncia implanta\u00e7\u00e3o da Telemedicina em Barra dos Coqueiros<br \/>\n&#8211; VEM A\u00cd: 1\u00aa Semana da Pesca de Pirambu<\/p>\n<p><strong>\u25a0 Mem\u00f3ria &#8211; P\u00e1g 06<\/strong><\/p>\n<p>&#8211; \u262d PCB: 101 anos de luta pelo Socialismo!<\/p>\n<p><strong>\u25a0 Cultura &#8211; P\u00e1gs. 07 e 08<\/strong><\/p>\n<p>&#8211; Poeminha: Os olhos e o cora\u00e7\u00e3o de Izabel Cristina &#8211; Por Ckaudomir Herzog<br \/>\n&#8211; Seja Leve &#8211; Poema de Edilene Oliveira<br \/>\n&#8211; O encantador de serpentes: uma met\u00e1fora da vida &#8211; Cr\u00f4nica de Walber Gon\u00e7alves)<\/p>\n<p><strong>\u25a0 Artigo &#8211; P\u00e1g. 09<\/strong><\/p>\n<p>&#8211; A quem interessa a privatiza\u00e7\u00e3o da Deso? &#8211; Por Rafael Barros<\/p>\n<p><strong>\u25a0 Especial &#8211; P\u00e1g. 10<\/strong><\/p>\n<p>&#8211; Sexta-feira Santa<\/p>\n<ul>\n<li>Baixe e leia o arquivo em PDF \ud83d\udc49\ud83c\udffd <a href=\"https:\/\/tribunadapraia.com.br\/wp-content\/uploads\/2023\/04\/TRIBUNA-DA-PRAIA-ABRIL-1.pdf\">TRIBUNA DA PRAIA ABRIL-1<\/a><\/li>\n<\/ul>\n","protected":false},"excerpt":{"rendered":"<p>A QUEM INTERESSA A PRIVATIZA\u00c7\u00c3O DA DESO? A DESO \u00e9 a maior empresa do estado de Sergipe, atendendo 72 dos 75 munic\u00edpios sergipanos NESTA EDI\u00c7\u00c3O \u25a0 Opini\u00e3o &#8211; P\u00e1g. 02 &#8211; Editorial: Site Tribuna da Praia, 19 anos no ar &#8211; Opini\u00e3o: Um jornal que n\u00e3o cabe no bolso do poder pol\u00edtico e econ\u00f4mico \u25a0 Pol\u00edtica &#8211; P\u00e1g. 03 &#8211; Fique de Olho: Em Porto Real do Col\u00e9gio, uma vela<\/p>\n","protected":false},"author":1,"featured_media":6236,"comment_status":"open","ping_status":"open","sticky":false,"template":"","format":"standard","meta":[],"categories":[18],"tags":[],"yoast_head":"<!-- This site is optimized with the Yoast SEO plugin v16.3 - https:\/\/yoast.com\/wordpress\/plugins\/seo\/ -->\n<title>TRIBUNA DA PRAIA, o primeiro jornal do interior de Sergipe na internet | Pirambu (SE) - Ano XL - N\u00b0 03 (8\u00aa Fase) Abril de 2023 - TRIBUNA DA PRAIA<\/title>\n<meta name=\"robots\" content=\"index, follow, max-snippet:-1, max-image-preview:large, max-video-preview:-1\" \/>\n<link rel=\"canonical\" href=\"https:\/\/tribunadapraia.com.br\/?p=6433\" \/>\n<meta property=\"og:locale\" content=\"pt_BR\" \/>\n<meta property=\"og:type\" content=\"article\" \/>\n<meta property=\"og:title\" content=\"TRIBUNA DA PRAIA, o primeiro jornal do interior de Sergipe na internet | Pirambu (SE) - Ano XL - N\u00b0 03 (8\u00aa Fase) Abril de 2023 - TRIBUNA DA PRAIA\" \/>\n<meta property=\"og:description\" content=\"A QUEM INTERESSA A PRIVATIZA\u00c7\u00c3O DA DESO? A DESO \u00e9 a maior empresa do estado de Sergipe, atendendo 72 dos 75 munic\u00edpios sergipanos NESTA EDI\u00c7\u00c3O \u25a0 Opini\u00e3o &#8211; P\u00e1g. 02 &#8211; Editorial: Site Tribuna da Praia, 19 anos no ar &#8211; Opini\u00e3o: Um jornal que n\u00e3o cabe no bolso do poder pol\u00edtico e econ\u00f4mico \u25a0 Pol\u00edtica &#8211; P\u00e1g. 03 &#8211; Fique de Olho: Em Porto Real do Col\u00e9gio, uma vela\" \/>\n<meta property=\"og:url\" content=\"https:\/\/tribunadapraia.com.br\/?p=6433\" \/>\n<meta property=\"og:site_name\" content=\"TRIBUNA DA PRAIA\" \/>\n<meta property=\"article:publisher\" content=\"https:\/\/www.facebook.com\/tribunadapraiaonline\/\" \/>\n<meta property=\"article:published_time\" content=\"2023-04-07T11:28:42+00:00\" \/>\n<meta property=\"article:modified_time\" content=\"2023-04-07T11:54:52+00:00\" \/>\n<meta property=\"og:image\" content=\"https:\/\/tribunadapraia.com.br\/wp-content\/uploads\/2023\/03\/agua-privatizada.jpg\" \/>\n\t<meta property=\"og:image:width\" content=\"595\" \/>\n\t<meta property=\"og:image:height\" content=\"325\" \/>\n<meta name=\"twitter:card\" content=\"summary_large_image\" \/>\n<meta name=\"twitter:creator\" content=\"@Claudomir21\" \/>\n<meta name=\"twitter:site\" content=\"@Claudomir21\" \/>\n<meta name=\"twitter:label1\" content=\"Est. tempo de leitura\">\n\t<meta name=\"twitter:data1\" content=\"2 minutos\">\n<script type=\"application\/ld+json\" class=\"yoast-schema-graph\">{\"@context\":\"https:\/\/schema.org\",\"@graph\":[{\"@type\":\"Organization\",\"@id\":\"https:\/\/tribunadapraia.com.br\/#organization\",\"name\":\"Tribuna da Praia\",\"url\":\"https:\/\/tribunadapraia.com.br\/\",\"sameAs\":[\"https:\/\/www.facebook.com\/tribunadapraiaonline\/\",\"https:\/\/www.instagram.com\/claudomirtavares\/\",\"https:\/\/www.youtube.com\/channel\/UCwQf80nxiMzCefAyjbp53Rw\",\"https:\/\/twitter.com\/Claudomir21\"],\"logo\":{\"@type\":\"ImageObject\",\"@id\":\"https:\/\/tribunadapraia.com.br\/#logo\",\"inLanguage\":\"pt-BR\",\"url\":\"https:\/\/tribunadapraia.com.br\/wp-content\/uploads\/2020\/02\/logo.png\",\"contentUrl\":\"https:\/\/tribunadapraia.com.br\/wp-content\/uploads\/2020\/02\/logo.png\",\"width\":501,\"height\":121,\"caption\":\"Tribuna da Praia\"},\"image\":{\"@id\":\"https:\/\/tribunadapraia.com.br\/#logo\"}},{\"@type\":\"WebSite\",\"@id\":\"https:\/\/tribunadapraia.com.br\/#website\",\"url\":\"https:\/\/tribunadapraia.com.br\/\",\"name\":\"TRIBUNA DA PRAIA\",\"description\":\"O 1\\u00ba jornal do interior de Sergipe na internet\",\"publisher\":{\"@id\":\"https:\/\/tribunadapraia.com.br\/#organization\"},\"potentialAction\":[{\"@type\":\"SearchAction\",\"target\":\"https:\/\/tribunadapraia.com.br\/?s={search_term_string}\",\"query-input\":\"required name=search_term_string\"}],\"inLanguage\":\"pt-BR\"},{\"@type\":\"ImageObject\",\"@id\":\"https:\/\/tribunadapraia.com.br\/?p=6433#primaryimage\",\"inLanguage\":\"pt-BR\",\"url\":\"https:\/\/tribunadapraia.com.br\/wp-content\/uploads\/2023\/03\/agua-privatizada.jpg\",\"contentUrl\":\"https:\/\/tribunadapraia.com.br\/wp-content\/uploads\/2023\/03\/agua-privatizada.jpg\",\"width\":595,\"height\":325},{\"@type\":\"WebPage\",\"@id\":\"https:\/\/tribunadapraia.com.br\/?p=6433#webpage\",\"url\":\"https:\/\/tribunadapraia.com.br\/?p=6433\",\"name\":\"TRIBUNA DA PRAIA, o primeiro jornal do interior de Sergipe na internet | Pirambu (SE) - Ano XL - N\\u00b0 03 (8\\u00aa Fase) Abril de 2023 - TRIBUNA DA PRAIA\",\"isPartOf\":{\"@id\":\"https:\/\/tribunadapraia.com.br\/#website\"},\"primaryImageOfPage\":{\"@id\":\"https:\/\/tribunadapraia.com.br\/?p=6433#primaryimage\"},\"datePublished\":\"2023-04-07T11:28:42+00:00\",\"dateModified\":\"2023-04-07T11:54:52+00:00\",\"breadcrumb\":{\"@id\":\"https:\/\/tribunadapraia.com.br\/?p=6433#breadcrumb\"},\"inLanguage\":\"pt-BR\",\"potentialAction\":[{\"@type\":\"ReadAction\",\"target\":[\"https:\/\/tribunadapraia.com.br\/?p=6433\"]}]},{\"@type\":\"BreadcrumbList\",\"@id\":\"https:\/\/tribunadapraia.com.br\/?p=6433#breadcrumb\",\"itemListElement\":[{\"@type\":\"ListItem\",\"position\":1,\"item\":{\"@type\":\"WebPage\",\"@id\":\"https:\/\/tribunadapraia.com.br\/\",\"url\":\"https:\/\/tribunadapraia.com.br\/\",\"name\":\"In\\u00edcio\"}},{\"@type\":\"ListItem\",\"position\":2,\"item\":{\"@id\":\"https:\/\/tribunadapraia.com.br\/?p=6433#webpage\"}}]},{\"@type\":\"Article\",\"@id\":\"https:\/\/tribunadapraia.com.br\/?p=6433#article\",\"isPartOf\":{\"@id\":\"https:\/\/tribunadapraia.com.br\/?p=6433#webpage\"},\"author\":{\"@id\":\"https:\/\/tribunadapraia.com.br\/#\/schema\/person\/326b0a9f3163b479142c64eba4928de0\"},\"headline\":\"TRIBUNA DA PRAIA, o primeiro jornal do interior de Sergipe na internet | Pirambu (SE) &#8211; Ano XL &#8211; N\\u00b0 03 (8\\u00aa Fase) Abril de 2023\",\"datePublished\":\"2023-04-07T11:28:42+00:00\",\"dateModified\":\"2023-04-07T11:54:52+00:00\",\"mainEntityOfPage\":{\"@id\":\"https:\/\/tribunadapraia.com.br\/?p=6433#webpage\"},\"wordCount\":269,\"commentCount\":0,\"publisher\":{\"@id\":\"https:\/\/tribunadapraia.com.br\/#organization\"},\"image\":{\"@id\":\"https:\/\/tribunadapraia.com.br\/?p=6433#primaryimage\"},\"thumbnailUrl\":\"https:\/\/tribunadapraia.com.br\/wp-content\/uploads\/2023\/03\/agua-privatizada.jpg\",\"articleSection\":[\"Not\\u00edcias\"],\"inLanguage\":\"pt-BR\",\"potentialAction\":[{\"@type\":\"CommentAction\",\"name\":\"Comment\",\"target\":[\"https:\/\/tribunadapraia.com.br\/?p=6433#respond\"]}]},{\"@type\":\"Person\",\"@id\":\"https:\/\/tribunadapraia.com.br\/#\/schema\/person\/326b0a9f3163b479142c64eba4928de0\",\"name\":\"tribunadapraia\",\"image\":{\"@type\":\"ImageObject\",\"@id\":\"https:\/\/tribunadapraia.com.br\/#personlogo\",\"inLanguage\":\"pt-BR\",\"url\":\"https:\/\/secure.gravatar.com\/avatar\/38b019c74762496076b7355024a0dad9?s=96&d=identicon&r=g\",\"contentUrl\":\"https:\/\/secure.gravatar.com\/avatar\/38b019c74762496076b7355024a0dad9?s=96&d=identicon&r=g\",\"caption\":\"tribunadapraia\"}}]}<\/script>\n<!-- \/ Yoast SEO plugin. -->","wps_subtitle":"","_links":{"self":[{"href":"https:\/\/tribunadapraia.com.br\/index.php?rest_route=\/wp\/v2\/posts\/6433"}],"collection":[{"href":"https:\/\/tribunadapraia.com.br\/index.php?rest_route=\/wp\/v2\/posts"}],"about":[{"href":"https:\/\/tribunadapraia.com.br\/index.php?rest_route=\/wp\/v2\/types\/post"}],"author":[{"embeddable":true,"href":"https:\/\/tribunadapraia.com.br\/index.php?rest_route=\/wp\/v2\/users\/1"}],"replies":[{"embeddable":true,"href":"https:\/\/tribunadapraia.com.br\/index.php?rest_route=%2Fwp%2Fv2%2Fcomments&post=6433"}],"version-history":[{"count":4,"href":"https:\/\/tribunadapraia.com.br\/index.php?rest_route=\/wp\/v2\/posts\/6433\/revisions"}],"predecessor-version":[{"id":6437,"href":"https:\/\/tribunadapraia.com.br\/index.php?rest_route=\/wp\/v2\/posts\/6433\/revisions\/6437"}],"wp:featuredmedia":[{"embeddable":true,"href":"https:\/\/tribunadapraia.com.br\/index.php?rest_route=\/wp\/v2\/media\/6236"}],"wp:attachment":[{"href":"https:\/\/tribunadapraia.com.br\/index.php?rest_route=%2Fwp%2Fv2%2Fmedia&parent=6433"}],"wp:term":[{"taxonomy":"category","embeddable":true,"href":"https:\/\/tribunadapraia.com.br\/index.php?rest_route=%2Fwp%2Fv2%2Fcategories&post=6433"},{"taxonomy":"post_tag","embeddable":true,"href":"https:\/\/tribunadapraia.com.br\/index.php?rest_route=%2Fwp%2Fv2%2Ftags&post=6433"}],"curies":[{"name":"wp","href":"https:\/\/api.w.org\/{rel}","templated":true}]}}