{"id":6428,"date":"2023-04-06T09:11:55","date_gmt":"2023-04-06T12:11:55","guid":{"rendered":"https:\/\/tribunadapraia.com.br\/?p=6428"},"modified":"2023-04-06T09:15:38","modified_gmt":"2023-04-06T12:15:38","slug":"caducha-e-nomeado-para-a-superintendencia-regional-do-trabalho-em-sergipe","status":"publish","type":"post","link":"https:\/\/tribunadapraia.com.br\/?p=6428","title":{"rendered":"Caducha \u00e9 nomeado para a Superintend\u00eancia Regional do Trabalho em Sergipe"},"content":{"rendered":"<ul>\n<li><span style=\"color: #ff6600;\">Por Eug\u00eanio Nascimento<\/span><\/li>\n<\/ul>\n<p>Portaria do Minist\u00e9rio do Trabalho e Emprego divulgada ontem, 05, nomeia Jos\u00e9 Cl\u00e1udio Silva Barreto, mais conhecido como Caducha, para o cargo de superintendente regional do trabalho em Sergipe.<\/p>\n<p style=\"text-align: center;\"><img loading=\"lazy\" class=\"alignnone size-medium wp-image-6259\" src=\"https:\/\/tribunadapraia.com.br\/wp-content\/uploads\/2023\/03\/CRIATIVE-300x133.jpg\" alt=\"\" width=\"300\" height=\"133\" srcset=\"https:\/\/tribunadapraia.com.br\/wp-content\/uploads\/2023\/03\/CRIATIVE-300x133.jpg 300w, https:\/\/tribunadapraia.com.br\/wp-content\/uploads\/2023\/03\/CRIATIVE-1024x454.jpg 1024w, https:\/\/tribunadapraia.com.br\/wp-content\/uploads\/2023\/03\/CRIATIVE-768x340.jpg 768w, https:\/\/tribunadapraia.com.br\/wp-content\/uploads\/2023\/03\/CRIATIVE.jpg 1280w\" sizes=\"(max-width: 300px) 100vw, 300px\" \/><\/p>\n<p>Caducha \u00e9 sergipano da cidade de Barra dos Coqueiros. Ativista social, Professor, M\u00fasico. \u00c9 formado em Hist\u00f3ria pela UFS, P\u00f3s Graduado em Gest\u00e3o da Informa\u00e7\u00e3o, Gest\u00e3o Urbana e Planejamento Municipal pela UFS-FAPESE, tamb\u00e9m P\u00f3s Graduado em Pol\u00edticas P\u00fablicas pela Faculdade Escola de Sociologia e Pol\u00edtica de S\u00e3o Paulo \u2013 FESPESP\/SP, Mestre em Ci\u00eancias Sociais pela Faculdade Latinoamericana de Ci\u00eancias Sociais \u2013 FLACSO e atualmente integra o grupo de pesquisa \u201cProfiss\u00e3o, Trabalho e Sa\u00fade da FIOCRUZ.<\/p>\n","protected":false},"excerpt":{"rendered":"<p>Por Eug\u00eanio Nascimento Portaria do Minist\u00e9rio do Trabalho e Emprego divulgada ontem, 05, nomeia Jos\u00e9 Cl\u00e1udio Silva Barreto, mais conhecido como Caducha, para o cargo de superintendente regional do trabalho em Sergipe. Caducha \u00e9 sergipano da cidade de Barra dos Coqueiros. Ativista social, Professor, M\u00fasico. \u00c9 formado em Hist\u00f3ria pela UFS, P\u00f3s Graduado em Gest\u00e3o da Informa\u00e7\u00e3o, Gest\u00e3o Urbana e Planejamento Municipal pela UFS-FAPESE, tamb\u00e9m P\u00f3s Graduado em Pol\u00edticas P\u00fablicas<\/p>\n","protected":false},"author":1,"featured_media":6429,"comment_status":"open","ping_status":"open","sticky":false,"template":"","format":"standard","meta":[],"categories":[18],"tags":[],"yoast_head":"<!-- This site is optimized with the Yoast SEO plugin v16.3 - https:\/\/yoast.com\/wordpress\/plugins\/seo\/ -->\n<title>Caducha \u00e9 nomeado para a Superintend\u00eancia Regional do Trabalho em Sergipe - TRIBUNA DA PRAIA<\/title>\n<meta name=\"robots\" content=\"index, follow, max-snippet:-1, max-image-preview:large, max-video-preview:-1\" \/>\n<link rel=\"canonical\" href=\"https:\/\/tribunadapraia.com.br\/?p=6428\" \/>\n<meta property=\"og:locale\" content=\"pt_BR\" \/>\n<meta property=\"og:type\" content=\"article\" \/>\n<meta property=\"og:title\" content=\"Caducha \u00e9 nomeado para a Superintend\u00eancia Regional do Trabalho em Sergipe - TRIBUNA DA PRAIA\" \/>\n<meta property=\"og:description\" content=\"Por Eug\u00eanio Nascimento Portaria do Minist\u00e9rio do Trabalho e Emprego divulgada ontem, 05, nomeia Jos\u00e9 Cl\u00e1udio Silva Barreto, mais conhecido como Caducha, para o cargo de superintendente regional do trabalho em Sergipe. Caducha \u00e9 sergipano da cidade de Barra dos Coqueiros. Ativista social, Professor, M\u00fasico. \u00c9 formado em Hist\u00f3ria pela UFS, P\u00f3s Graduado em Gest\u00e3o da Informa\u00e7\u00e3o, Gest\u00e3o Urbana e Planejamento Municipal pela UFS-FAPESE, tamb\u00e9m P\u00f3s Graduado em Pol\u00edticas P\u00fablicas\" \/>\n<meta property=\"og:url\" content=\"https:\/\/tribunadapraia.com.br\/?p=6428\" \/>\n<meta property=\"og:site_name\" content=\"TRIBUNA DA PRAIA\" \/>\n<meta property=\"article:publisher\" content=\"https:\/\/www.facebook.com\/tribunadapraiaonline\/\" \/>\n<meta property=\"article:published_time\" content=\"2023-04-06T12:11:55+00:00\" \/>\n<meta property=\"article:modified_time\" content=\"2023-04-06T12:15:38+00:00\" \/>\n<meta property=\"og:image\" content=\"https:\/\/tribunadapraia.com.br\/wp-content\/uploads\/2023\/04\/IMG-20230406-WA0006.jpg\" \/>\n\t<meta property=\"og:image:width\" content=\"1080\" \/>\n\t<meta property=\"og:image:height\" content=\"1063\" \/>\n<meta name=\"twitter:card\" content=\"summary_large_image\" \/>\n<meta name=\"twitter:creator\" content=\"@Claudomir21\" \/>\n<meta name=\"twitter:site\" content=\"@Claudomir21\" \/>\n<meta name=\"twitter:label1\" content=\"Est. tempo de leitura\">\n\t<meta name=\"twitter:data1\" content=\"1 minuto\">\n<script type=\"application\/ld+json\" class=\"yoast-schema-graph\">{\"@context\":\"https:\/\/schema.org\",\"@graph\":[{\"@type\":\"Organization\",\"@id\":\"https:\/\/tribunadapraia.com.br\/#organization\",\"name\":\"Tribuna da Praia\",\"url\":\"https:\/\/tribunadapraia.com.br\/\",\"sameAs\":[\"https:\/\/www.facebook.com\/tribunadapraiaonline\/\",\"https:\/\/www.instagram.com\/claudomirtavares\/\",\"https:\/\/www.youtube.com\/channel\/UCwQf80nxiMzCefAyjbp53Rw\",\"https:\/\/twitter.com\/Claudomir21\"],\"logo\":{\"@type\":\"ImageObject\",\"@id\":\"https:\/\/tribunadapraia.com.br\/#logo\",\"inLanguage\":\"pt-BR\",\"url\":\"https:\/\/tribunadapraia.com.br\/wp-content\/uploads\/2020\/02\/logo.png\",\"contentUrl\":\"https:\/\/tribunadapraia.com.br\/wp-content\/uploads\/2020\/02\/logo.png\",\"width\":501,\"height\":121,\"caption\":\"Tribuna da Praia\"},\"image\":{\"@id\":\"https:\/\/tribunadapraia.com.br\/#logo\"}},{\"@type\":\"WebSite\",\"@id\":\"https:\/\/tribunadapraia.com.br\/#website\",\"url\":\"https:\/\/tribunadapraia.com.br\/\",\"name\":\"TRIBUNA DA PRAIA\",\"description\":\"O 1\\u00ba jornal do interior de Sergipe na internet\",\"publisher\":{\"@id\":\"https:\/\/tribunadapraia.com.br\/#organization\"},\"potentialAction\":[{\"@type\":\"SearchAction\",\"target\":\"https:\/\/tribunadapraia.com.br\/?s={search_term_string}\",\"query-input\":\"required name=search_term_string\"}],\"inLanguage\":\"pt-BR\"},{\"@type\":\"ImageObject\",\"@id\":\"https:\/\/tribunadapraia.com.br\/?p=6428#primaryimage\",\"inLanguage\":\"pt-BR\",\"url\":\"https:\/\/tribunadapraia.com.br\/wp-content\/uploads\/2023\/04\/IMG-20230406-WA0006.jpg\",\"contentUrl\":\"https:\/\/tribunadapraia.com.br\/wp-content\/uploads\/2023\/04\/IMG-20230406-WA0006.jpg\",\"width\":1080,\"height\":1063},{\"@type\":\"WebPage\",\"@id\":\"https:\/\/tribunadapraia.com.br\/?p=6428#webpage\",\"url\":\"https:\/\/tribunadapraia.com.br\/?p=6428\",\"name\":\"Caducha \\u00e9 nomeado para a Superintend\\u00eancia Regional do Trabalho em Sergipe - TRIBUNA DA PRAIA\",\"isPartOf\":{\"@id\":\"https:\/\/tribunadapraia.com.br\/#website\"},\"primaryImageOfPage\":{\"@id\":\"https:\/\/tribunadapraia.com.br\/?p=6428#primaryimage\"},\"datePublished\":\"2023-04-06T12:11:55+00:00\",\"dateModified\":\"2023-04-06T12:15:38+00:00\",\"breadcrumb\":{\"@id\":\"https:\/\/tribunadapraia.com.br\/?p=6428#breadcrumb\"},\"inLanguage\":\"pt-BR\",\"potentialAction\":[{\"@type\":\"ReadAction\",\"target\":[\"https:\/\/tribunadapraia.com.br\/?p=6428\"]}]},{\"@type\":\"BreadcrumbList\",\"@id\":\"https:\/\/tribunadapraia.com.br\/?p=6428#breadcrumb\",\"itemListElement\":[{\"@type\":\"ListItem\",\"position\":1,\"item\":{\"@type\":\"WebPage\",\"@id\":\"https:\/\/tribunadapraia.com.br\/\",\"url\":\"https:\/\/tribunadapraia.com.br\/\",\"name\":\"In\\u00edcio\"}},{\"@type\":\"ListItem\",\"position\":2,\"item\":{\"@id\":\"https:\/\/tribunadapraia.com.br\/?p=6428#webpage\"}}]},{\"@type\":\"Article\",\"@id\":\"https:\/\/tribunadapraia.com.br\/?p=6428#article\",\"isPartOf\":{\"@id\":\"https:\/\/tribunadapraia.com.br\/?p=6428#webpage\"},\"author\":{\"@id\":\"https:\/\/tribunadapraia.com.br\/#\/schema\/person\/326b0a9f3163b479142c64eba4928de0\"},\"headline\":\"Caducha \\u00e9 nomeado para a Superintend\\u00eancia Regional do Trabalho em Sergipe\",\"datePublished\":\"2023-04-06T12:11:55+00:00\",\"dateModified\":\"2023-04-06T12:15:38+00:00\",\"mainEntityOfPage\":{\"@id\":\"https:\/\/tribunadapraia.com.br\/?p=6428#webpage\"},\"wordCount\":133,\"commentCount\":0,\"publisher\":{\"@id\":\"https:\/\/tribunadapraia.com.br\/#organization\"},\"image\":{\"@id\":\"https:\/\/tribunadapraia.com.br\/?p=6428#primaryimage\"},\"thumbnailUrl\":\"https:\/\/tribunadapraia.com.br\/wp-content\/uploads\/2023\/04\/IMG-20230406-WA0006.jpg\",\"articleSection\":[\"Not\\u00edcias\"],\"inLanguage\":\"pt-BR\",\"potentialAction\":[{\"@type\":\"CommentAction\",\"name\":\"Comment\",\"target\":[\"https:\/\/tribunadapraia.com.br\/?p=6428#respond\"]}]},{\"@type\":\"Person\",\"@id\":\"https:\/\/tribunadapraia.com.br\/#\/schema\/person\/326b0a9f3163b479142c64eba4928de0\",\"name\":\"tribunadapraia\",\"image\":{\"@type\":\"ImageObject\",\"@id\":\"https:\/\/tribunadapraia.com.br\/#personlogo\",\"inLanguage\":\"pt-BR\",\"url\":\"https:\/\/secure.gravatar.com\/avatar\/38b019c74762496076b7355024a0dad9?s=96&d=identicon&r=g\",\"contentUrl\":\"https:\/\/secure.gravatar.com\/avatar\/38b019c74762496076b7355024a0dad9?s=96&d=identicon&r=g\",\"caption\":\"tribunadapraia\"}}]}<\/script>\n<!-- \/ Yoast SEO plugin. -->","wps_subtitle":"","_links":{"self":[{"href":"https:\/\/tribunadapraia.com.br\/index.php?rest_route=\/wp\/v2\/posts\/6428"}],"collection":[{"href":"https:\/\/tribunadapraia.com.br\/index.php?rest_route=\/wp\/v2\/posts"}],"about":[{"href":"https:\/\/tribunadapraia.com.br\/index.php?rest_route=\/wp\/v2\/types\/post"}],"author":[{"embeddable":true,"href":"https:\/\/tribunadapraia.com.br\/index.php?rest_route=\/wp\/v2\/users\/1"}],"replies":[{"embeddable":true,"href":"https:\/\/tribunadapraia.com.br\/index.php?rest_route=%2Fwp%2Fv2%2Fcomments&post=6428"}],"version-history":[{"count":3,"href":"https:\/\/tribunadapraia.com.br\/index.php?rest_route=\/wp\/v2\/posts\/6428\/revisions"}],"predecessor-version":[{"id":6432,"href":"https:\/\/tribunadapraia.com.br\/index.php?rest_route=\/wp\/v2\/posts\/6428\/revisions\/6432"}],"wp:featuredmedia":[{"embeddable":true,"href":"https:\/\/tribunadapraia.com.br\/index.php?rest_route=\/wp\/v2\/media\/6429"}],"wp:attachment":[{"href":"https:\/\/tribunadapraia.com.br\/index.php?rest_route=%2Fwp%2Fv2%2Fmedia&parent=6428"}],"wp:term":[{"taxonomy":"category","embeddable":true,"href":"https:\/\/tribunadapraia.com.br\/index.php?rest_route=%2Fwp%2Fv2%2Fcategories&post=6428"},{"taxonomy":"post_tag","embeddable":true,"href":"https:\/\/tribunadapraia.com.br\/index.php?rest_route=%2Fwp%2Fv2%2Ftags&post=6428"}],"curies":[{"name":"wp","href":"https:\/\/api.w.org\/{rel}","templated":true}]}}