{"id":6420,"date":"2023-04-03T11:49:48","date_gmt":"2023-04-03T14:49:48","guid":{"rendered":"https:\/\/tribunadapraia.com.br\/?p=6420"},"modified":"2023-04-03T11:54:00","modified_gmt":"2023-04-03T14:54:00","slug":"e-agora-aldo-popular-como-explicar-que-o-senhor-tem-r-10-milhoes-para-gastar-na-campanha-para-eleger-seu-genro-questiona-eraldo-cavalcante","status":"publish","type":"post","link":"https:\/\/tribunadapraia.com.br\/?p=6420","title":{"rendered":"E agora ALDO POPULAR, &#8220;como explicar que o senhor tem R$ 10 milh\u00f5es para gastar na campanha para eleger seu genro?&#8221;, questiona Eraldo Cavalcante"},"content":{"rendered":"<p>A capacidade de compreens\u00e3o \u00e9 um atributo de poucos e n\u00e3o passa nem de perto pelo prefeito Aldo(de Porto Real do Col\u00e9gio\/AL) que n\u00e3o tendo a capacidade de reconhecer o tamanho das suas pernas e cosequentemente incapaz de mensurar o tamanho das suas passadas e tambem o risco iminente de perder o trono de um reino que ele mesmo criou enfeiti\u00e7ado pelo poder.<\/p>\n<p>&#8220;<em><strong>Aldo \u00e9 um frouxo, s\u00f3 tem boc\u00e3o e vive arrotando riqueza&#8221;<\/strong><\/em><\/p>\n<p>A amea\u00e7a \u00e9 real e parte de um pr\u00e9-candidato forte, corajoso ao contr\u00e1rio de Aldo que \u00e9 um frouxo, s\u00f3 tem boc\u00e3o e que vive arrotando riqueza, coisa que at\u00e9 poucos anos atr\u00e1s ele era um simples dono de mercadinho e mais um pouco ainda, eu que sou forasteiro, quando cheguei a Col\u00e9gio o conheci na Serra do Gila fazendo caldo de mocot\u00f3 para atrair clientes assim poder vender duas caixas de cervejas nos fins de semana. E agora como explicar que o senhor tem R$ 10 milh\u00f5es para gastar na campanha para eleger seu genro?<\/p>\n<p style=\"text-align: center;\"><img loading=\"lazy\" class=\"alignnone size-medium wp-image-6259\" src=\"https:\/\/tribunadapraia.com.br\/wp-content\/uploads\/2023\/03\/CRIATIVE-300x133.jpg\" alt=\"\" width=\"300\" height=\"133\" srcset=\"https:\/\/tribunadapraia.com.br\/wp-content\/uploads\/2023\/03\/CRIATIVE-300x133.jpg 300w, https:\/\/tribunadapraia.com.br\/wp-content\/uploads\/2023\/03\/CRIATIVE-1024x454.jpg 1024w, https:\/\/tribunadapraia.com.br\/wp-content\/uploads\/2023\/03\/CRIATIVE-768x340.jpg 768w, https:\/\/tribunadapraia.com.br\/wp-content\/uploads\/2023\/03\/CRIATIVE.jpg 1280w\" sizes=\"(max-width: 300px) 100vw, 300px\" \/><\/p>\n<p>Calado, com sutis movimentos, porque \u00e9 cedo para botar o bloco na rua, Arnaldo Higino est\u00e1 chegando e para quem quem reivindica um filho da terra, Arnaldo Higino nasceu no Burgo e assim est\u00e1 pronto para ocupar a cadeira na Pra\u00e7a Rozita de Goes Monteiro.<br \/>\nQuem viver ver\u00e1.<\/p>\n<ul>\n<li><span style=\"color: #ff6600;\">Por Eraldo Cavalcante (ex-prefeito)<\/span><\/li>\n<\/ul>\n","protected":false},"excerpt":{"rendered":"<p>A capacidade de compreens\u00e3o \u00e9 um atributo de poucos e n\u00e3o passa nem de perto pelo prefeito Aldo(de Porto Real do Col\u00e9gio\/AL) que n\u00e3o tendo a capacidade de reconhecer o tamanho das suas pernas e cosequentemente incapaz de mensurar o tamanho das suas passadas e tambem o risco iminente de perder o trono de um reino que ele mesmo criou enfeiti\u00e7ado pelo poder. &#8220;Aldo \u00e9 um frouxo, s\u00f3 tem boc\u00e3o<\/p>\n","protected":false},"author":1,"featured_media":6421,"comment_status":"open","ping_status":"open","sticky":false,"template":"","format":"standard","meta":[],"categories":[18],"tags":[],"yoast_head":"<!-- This site is optimized with the Yoast SEO plugin v16.3 - https:\/\/yoast.com\/wordpress\/plugins\/seo\/ -->\n<title>E agora ALDO POPULAR, &quot;como explicar que o senhor tem R$ 10 milh\u00f5es para gastar na campanha para eleger seu genro?&quot;, questiona Eraldo Cavalcante - TRIBUNA DA PRAIA<\/title>\n<meta name=\"robots\" content=\"index, follow, max-snippet:-1, max-image-preview:large, max-video-preview:-1\" \/>\n<link rel=\"canonical\" href=\"https:\/\/tribunadapraia.com.br\/?p=6420\" \/>\n<meta property=\"og:locale\" content=\"pt_BR\" \/>\n<meta property=\"og:type\" content=\"article\" \/>\n<meta property=\"og:title\" content=\"E agora ALDO POPULAR, &quot;como explicar que o senhor tem R$ 10 milh\u00f5es para gastar na campanha para eleger seu genro?&quot;, questiona Eraldo Cavalcante - TRIBUNA DA PRAIA\" \/>\n<meta property=\"og:description\" content=\"A capacidade de compreens\u00e3o \u00e9 um atributo de poucos e n\u00e3o passa nem de perto pelo prefeito Aldo(de Porto Real do Col\u00e9gio\/AL) que n\u00e3o tendo a capacidade de reconhecer o tamanho das suas pernas e cosequentemente incapaz de mensurar o tamanho das suas passadas e tambem o risco iminente de perder o trono de um reino que ele mesmo criou enfeiti\u00e7ado pelo poder. &#8220;Aldo \u00e9 um frouxo, s\u00f3 tem boc\u00e3o\" \/>\n<meta property=\"og:url\" content=\"https:\/\/tribunadapraia.com.br\/?p=6420\" \/>\n<meta property=\"og:site_name\" content=\"TRIBUNA DA PRAIA\" \/>\n<meta property=\"article:publisher\" content=\"https:\/\/www.facebook.com\/tribunadapraiaonline\/\" \/>\n<meta property=\"article:published_time\" content=\"2023-04-03T14:49:48+00:00\" \/>\n<meta property=\"article:modified_time\" content=\"2023-04-03T14:54:00+00:00\" \/>\n<meta property=\"og:image\" content=\"https:\/\/tribunadapraia.com.br\/wp-content\/uploads\/2023\/04\/um-dia-alguns-suditos-sugeriram-que-o-rei-fosse-morar-em-um-castelo-longe-de-seu-povo-1365447726731_956x500-2.gif\" \/>\n\t<meta property=\"og:image:width\" content=\"640\" \/>\n\t<meta property=\"og:image:height\" content=\"335\" \/>\n<meta name=\"twitter:card\" content=\"summary_large_image\" \/>\n<meta name=\"twitter:creator\" content=\"@Claudomir21\" \/>\n<meta name=\"twitter:site\" content=\"@Claudomir21\" \/>\n<meta name=\"twitter:label1\" content=\"Est. tempo de leitura\">\n\t<meta name=\"twitter:data1\" content=\"2 minutos\">\n<script type=\"application\/ld+json\" class=\"yoast-schema-graph\">{\"@context\":\"https:\/\/schema.org\",\"@graph\":[{\"@type\":\"Organization\",\"@id\":\"https:\/\/tribunadapraia.com.br\/#organization\",\"name\":\"Tribuna da Praia\",\"url\":\"https:\/\/tribunadapraia.com.br\/\",\"sameAs\":[\"https:\/\/www.facebook.com\/tribunadapraiaonline\/\",\"https:\/\/www.instagram.com\/claudomirtavares\/\",\"https:\/\/www.youtube.com\/channel\/UCwQf80nxiMzCefAyjbp53Rw\",\"https:\/\/twitter.com\/Claudomir21\"],\"logo\":{\"@type\":\"ImageObject\",\"@id\":\"https:\/\/tribunadapraia.com.br\/#logo\",\"inLanguage\":\"pt-BR\",\"url\":\"https:\/\/tribunadapraia.com.br\/wp-content\/uploads\/2020\/02\/logo.png\",\"contentUrl\":\"https:\/\/tribunadapraia.com.br\/wp-content\/uploads\/2020\/02\/logo.png\",\"width\":501,\"height\":121,\"caption\":\"Tribuna da Praia\"},\"image\":{\"@id\":\"https:\/\/tribunadapraia.com.br\/#logo\"}},{\"@type\":\"WebSite\",\"@id\":\"https:\/\/tribunadapraia.com.br\/#website\",\"url\":\"https:\/\/tribunadapraia.com.br\/\",\"name\":\"TRIBUNA DA PRAIA\",\"description\":\"O 1\\u00ba jornal do interior de Sergipe na internet\",\"publisher\":{\"@id\":\"https:\/\/tribunadapraia.com.br\/#organization\"},\"potentialAction\":[{\"@type\":\"SearchAction\",\"target\":\"https:\/\/tribunadapraia.com.br\/?s={search_term_string}\",\"query-input\":\"required name=search_term_string\"}],\"inLanguage\":\"pt-BR\"},{\"@type\":\"ImageObject\",\"@id\":\"https:\/\/tribunadapraia.com.br\/?p=6420#primaryimage\",\"inLanguage\":\"pt-BR\",\"url\":\"https:\/\/tribunadapraia.com.br\/wp-content\/uploads\/2023\/04\/um-dia-alguns-suditos-sugeriram-que-o-rei-fosse-morar-em-um-castelo-longe-de-seu-povo-1365447726731_956x500-2.gif\",\"contentUrl\":\"https:\/\/tribunadapraia.com.br\/wp-content\/uploads\/2023\/04\/um-dia-alguns-suditos-sugeriram-que-o-rei-fosse-morar-em-um-castelo-longe-de-seu-povo-1365447726731_956x500-2.gif\",\"width\":640,\"height\":335},{\"@type\":\"WebPage\",\"@id\":\"https:\/\/tribunadapraia.com.br\/?p=6420#webpage\",\"url\":\"https:\/\/tribunadapraia.com.br\/?p=6420\",\"name\":\"E agora ALDO POPULAR, \\\"como explicar que o senhor tem R$ 10 milh\\u00f5es para gastar na campanha para eleger seu genro?\\\", questiona Eraldo Cavalcante - TRIBUNA DA PRAIA\",\"isPartOf\":{\"@id\":\"https:\/\/tribunadapraia.com.br\/#website\"},\"primaryImageOfPage\":{\"@id\":\"https:\/\/tribunadapraia.com.br\/?p=6420#primaryimage\"},\"datePublished\":\"2023-04-03T14:49:48+00:00\",\"dateModified\":\"2023-04-03T14:54:00+00:00\",\"breadcrumb\":{\"@id\":\"https:\/\/tribunadapraia.com.br\/?p=6420#breadcrumb\"},\"inLanguage\":\"pt-BR\",\"potentialAction\":[{\"@type\":\"ReadAction\",\"target\":[\"https:\/\/tribunadapraia.com.br\/?p=6420\"]}]},{\"@type\":\"BreadcrumbList\",\"@id\":\"https:\/\/tribunadapraia.com.br\/?p=6420#breadcrumb\",\"itemListElement\":[{\"@type\":\"ListItem\",\"position\":1,\"item\":{\"@type\":\"WebPage\",\"@id\":\"https:\/\/tribunadapraia.com.br\/\",\"url\":\"https:\/\/tribunadapraia.com.br\/\",\"name\":\"In\\u00edcio\"}},{\"@type\":\"ListItem\",\"position\":2,\"item\":{\"@id\":\"https:\/\/tribunadapraia.com.br\/?p=6420#webpage\"}}]},{\"@type\":\"Article\",\"@id\":\"https:\/\/tribunadapraia.com.br\/?p=6420#article\",\"isPartOf\":{\"@id\":\"https:\/\/tribunadapraia.com.br\/?p=6420#webpage\"},\"author\":{\"@id\":\"https:\/\/tribunadapraia.com.br\/#\/schema\/person\/326b0a9f3163b479142c64eba4928de0\"},\"headline\":\"E agora ALDO POPULAR, &#8220;como explicar que o senhor tem R$ 10 milh\\u00f5es para gastar na campanha para eleger seu genro?&#8221;, questiona Eraldo Cavalcante\",\"datePublished\":\"2023-04-03T14:49:48+00:00\",\"dateModified\":\"2023-04-03T14:54:00+00:00\",\"mainEntityOfPage\":{\"@id\":\"https:\/\/tribunadapraia.com.br\/?p=6420#webpage\"},\"wordCount\":256,\"commentCount\":0,\"publisher\":{\"@id\":\"https:\/\/tribunadapraia.com.br\/#organization\"},\"image\":{\"@id\":\"https:\/\/tribunadapraia.com.br\/?p=6420#primaryimage\"},\"thumbnailUrl\":\"https:\/\/tribunadapraia.com.br\/wp-content\/uploads\/2023\/04\/um-dia-alguns-suditos-sugeriram-que-o-rei-fosse-morar-em-um-castelo-longe-de-seu-povo-1365447726731_956x500-2.gif\",\"articleSection\":[\"Not\\u00edcias\"],\"inLanguage\":\"pt-BR\",\"potentialAction\":[{\"@type\":\"CommentAction\",\"name\":\"Comment\",\"target\":[\"https:\/\/tribunadapraia.com.br\/?p=6420#respond\"]}]},{\"@type\":\"Person\",\"@id\":\"https:\/\/tribunadapraia.com.br\/#\/schema\/person\/326b0a9f3163b479142c64eba4928de0\",\"name\":\"tribunadapraia\",\"image\":{\"@type\":\"ImageObject\",\"@id\":\"https:\/\/tribunadapraia.com.br\/#personlogo\",\"inLanguage\":\"pt-BR\",\"url\":\"https:\/\/secure.gravatar.com\/avatar\/38b019c74762496076b7355024a0dad9?s=96&d=identicon&r=g\",\"contentUrl\":\"https:\/\/secure.gravatar.com\/avatar\/38b019c74762496076b7355024a0dad9?s=96&d=identicon&r=g\",\"caption\":\"tribunadapraia\"}}]}<\/script>\n<!-- \/ Yoast SEO plugin. -->","wps_subtitle":"","_links":{"self":[{"href":"https:\/\/tribunadapraia.com.br\/index.php?rest_route=\/wp\/v2\/posts\/6420"}],"collection":[{"href":"https:\/\/tribunadapraia.com.br\/index.php?rest_route=\/wp\/v2\/posts"}],"about":[{"href":"https:\/\/tribunadapraia.com.br\/index.php?rest_route=\/wp\/v2\/types\/post"}],"author":[{"embeddable":true,"href":"https:\/\/tribunadapraia.com.br\/index.php?rest_route=\/wp\/v2\/users\/1"}],"replies":[{"embeddable":true,"href":"https:\/\/tribunadapraia.com.br\/index.php?rest_route=%2Fwp%2Fv2%2Fcomments&post=6420"}],"version-history":[{"count":3,"href":"https:\/\/tribunadapraia.com.br\/index.php?rest_route=\/wp\/v2\/posts\/6420\/revisions"}],"predecessor-version":[{"id":6424,"href":"https:\/\/tribunadapraia.com.br\/index.php?rest_route=\/wp\/v2\/posts\/6420\/revisions\/6424"}],"wp:featuredmedia":[{"embeddable":true,"href":"https:\/\/tribunadapraia.com.br\/index.php?rest_route=\/wp\/v2\/media\/6421"}],"wp:attachment":[{"href":"https:\/\/tribunadapraia.com.br\/index.php?rest_route=%2Fwp%2Fv2%2Fmedia&parent=6420"}],"wp:term":[{"taxonomy":"category","embeddable":true,"href":"https:\/\/tribunadapraia.com.br\/index.php?rest_route=%2Fwp%2Fv2%2Fcategories&post=6420"},{"taxonomy":"post_tag","embeddable":true,"href":"https:\/\/tribunadapraia.com.br\/index.php?rest_route=%2Fwp%2Fv2%2Ftags&post=6420"}],"curies":[{"name":"wp","href":"https:\/\/api.w.org\/{rel}","templated":true}]}}